{"id":183515,"date":"2025-10-30T13:45:20","date_gmt":"2025-10-30T19:45:20","guid":{"rendered":"https:\/\/canal7slp.tv\/2026\/?p=183515"},"modified":"2025-10-30T13:45:20","modified_gmt":"2025-10-30T19:45:20","slug":"detienen-en-chiapas-a-el-carnal-presunto-lider-regional-vinculado-con-la-barredora","status":"publish","type":"post","link":"https:\/\/canal7slp.tv\/2026\/detienen-en-chiapas-a-el-carnal-presunto-lider-regional-vinculado-con-la-barredora\/","title":{"rendered":"Detienen en Chiapas a \u201cEl Carnal\u201d, presunto l\u00edder regional vinculado con \u201cLa Barredora\u201d"},"content":{"rendered":"<p style=\"text-align: justify;\">\n<p style=\"text-align: justify;\">Tuxtla Guti\u00e9rrez.- Elementos de fuerzas federales y estatales detuvieron este jueves 30 de octubre en Tuxtla Guti\u00e9rrez, Chiapas, a Leonardo Arturo \u201cN\u201d, alias \u201cEl Carnal\u201d, identificado como presunto l\u00edder regional de un grupo delictivo y colaborador cercano de Hern\u00e1n Berm\u00fadez Requena, se\u00f1alado como principal dirigente de la organizaci\u00f3n criminal conocida como \u201cLa Barredora\u201d.<\/p>\n<p style=\"text-align: justify;\">De acuerdo con la Secretar\u00eda de Seguridad y Protecci\u00f3n Ciudadana (SSPC), la captura ocurri\u00f3 durante recorridos de vigilancia en la colonia Bienestar Social, como parte de un operativo conjunto en el que participaron la Secretar\u00eda de la Defensa Nacional, la Secretar\u00eda de Marina, la Fiscal\u00eda General de la Rep\u00fablica, la Guardia Nacional y las autoridades de seguridad de Tabasco y Chiapas.<\/p>\n<p style=\"text-align: justify;\">Seg\u00fan el informe oficial, al detenido se le vincula con actividades delictivas como extorsi\u00f3n a comerciantes, secuestro, as\u00ed como distribuci\u00f3n y venta de drogas. Las autoridades se\u00f1alaron que el grupo criminal bajo su mando empleaba armas de alto poder y se caracterizaba por ejercer violencia extrema.<\/p>\n<p style=\"text-align: justify;\">Tras su detenci\u00f3n, Leonardo Arturo \u201cN\u201d fue puesto a disposici\u00f3n del agente del Ministerio P\u00fablico, quien determinar\u00e1 su situaci\u00f3n jur\u00eddica.<\/p>\n<p style=\"text-align: justify;\">Informaci\u00f3n adicional indica que el detenido se desempe\u00f1\u00f3 como director general de la Polic\u00eda Estatal de Tabasco en febrero de 2021. Su presunto asociado, Hern\u00e1n Berm\u00fadez Requena, fue capturado el pasado 13 de septiembre en Paraguay.<\/p>\n<p style=\"text-align: justify;\">\n","protected":false},"excerpt":{"rendered":"<p>Tuxtla Guti\u00e9rrez.- Elementos de fuerzas federales y estatales detuvieron este jueves 30 de octubre en Tuxtla Guti\u00e9rrez, Chiapas, a Leonardo Arturo \u201cN\u201d, alias \u201cEl Carnal\u201d, identificado como presunto l\u00edder regional de un grupo delictivo y colaborador cercano de Hern\u00e1n Berm\u00fadez Requena, se\u00f1alado como principal dirigente de la organizaci\u00f3n criminal conocida como \u201cLa Barredora\u201d. De acuerdo con la Secretar\u00eda de Seguridad y Protecci\u00f3n Ciudadana (SSPC), la captura ocurri\u00f3 durante recorridos de vigilancia en la colonia Bienestar Social, como parte de un operativo conjunto en el que participaron la Secretar\u00eda de la Defensa Nacional, la Secretar\u00eda de Marina, la Fiscal\u00eda General de [&hellip;]<\/p>\n","protected":false},"author":2,"featured_media":183516,"comment_status":"closed","ping_status":"closed","sticky":false,"template":"","format":"standard","meta":{"_monsterinsights_skip_tracking":false,"_monsterinsights_sitenote_active":false,"_monsterinsights_sitenote_note":"","_monsterinsights_sitenote_category":0,"footnotes":""},"categories":[46],"tags":[],"class_list":["post-183515","post","type-post","status-publish","format-standard","has-post-thumbnail","hentry","category-nacional","post--single"],"_links":{"self":[{"href":"https:\/\/canal7slp.tv\/2026\/wp-json\/wp\/v2\/posts\/183515","targetHints":{"allow":["GET"]}}],"collection":[{"href":"https:\/\/canal7slp.tv\/2026\/wp-json\/wp\/v2\/posts"}],"about":[{"href":"https:\/\/canal7slp.tv\/2026\/wp-json\/wp\/v2\/types\/post"}],"author":[{"embeddable":true,"href":"https:\/\/canal7slp.tv\/2026\/wp-json\/wp\/v2\/users\/2"}],"replies":[{"embeddable":true,"href":"https:\/\/canal7slp.tv\/2026\/wp-json\/wp\/v2\/comments?post=183515"}],"version-history":[{"count":1,"href":"https:\/\/canal7slp.tv\/2026\/wp-json\/wp\/v2\/posts\/183515\/revisions"}],"predecessor-version":[{"id":183517,"href":"https:\/\/canal7slp.tv\/2026\/wp-json\/wp\/v2\/posts\/183515\/revisions\/183517"}],"wp:featuredmedia":[{"embeddable":true,"href":"https:\/\/canal7slp.tv\/2026\/wp-json\/wp\/v2\/media\/183516"}],"wp:attachment":[{"href":"https:\/\/canal7slp.tv\/2026\/wp-json\/wp\/v2\/media?parent=183515"}],"wp:term":[{"taxonomy":"category","embeddable":true,"href":"https:\/\/canal7slp.tv\/2026\/wp-json\/wp\/v2\/categories?post=183515"},{"taxonomy":"post_tag","embeddable":true,"href":"https:\/\/canal7slp.tv\/2026\/wp-json\/wp\/v2\/tags?post=183515"}],"curies":[{"name":"wp","href":"https:\/\/api.w.org\/{rel}","templated":true}]}}