{"id":183465,"date":"2025-10-29T19:17:24","date_gmt":"2025-10-30T01:17:24","guid":{"rendered":"https:\/\/canal7slp.tv\/2026\/?p=183465"},"modified":"2025-12-10T08:48:51","modified_gmt":"2025-12-10T14:48:51","slug":"pide-la-iglesia-sensibilidad-social-en-el-tema-de-incremento-a-los-impuestos","status":"publish","type":"post","link":"https:\/\/canal7slp.tv\/2026\/pide-la-iglesia-sensibilidad-social-en-el-tema-de-incremento-a-los-impuestos\/","title":{"rendered":"Pide la Iglesia sensibilidad social en el tema de incremento a los impuestos"},"content":{"rendered":"<p style=\"text-align: justify;\"><span style=\"font-size: 1.21429rem;\">SLP.- En el tema de la Ley de Ingresos que present\u00f3 el gobierno federal el vocero de la Arquidi\u00f3cesis de San Luis Potos\u00ed Tom\u00e1s Cruz Perales, hizo un llamado a no perjudicar a las clases m\u00e1s desprotegidas.<\/span><\/p>\n<p style=\"text-align: justify;\">En este contexto, afirm\u00f3 que cada que se presenta el paquete econ\u00f3mico siempre prometen que no habr\u00e1 incremento a los impuestos y que por el contrario, adem\u00e1s de aumentarlos presentan nuevos grav\u00e1menes.<\/p>\n<p style=\"text-align: justify;\">El vocero del Arzobispado Potosino reiter\u00f3 su llamado a la sensibilidad social en este tema al decir que dentro de los impuestos que se incrementan, est\u00e1n los relacionados a la salud.<\/p>\n<p style=\"text-align: justify;\">En este sentido opin\u00f3 que adem\u00e1s de que hay desabasto de medicinas a eso hay que agregarle que muchos medicamentos subir\u00e1n de precio.<\/p>\n<p>Por: Claudio Ibarra<\/p>\n","protected":false},"excerpt":{"rendered":"<p>SLP.- En el tema de la Ley de Ingresos que present\u00f3 el gobierno federal el vocero de la Arquidi\u00f3cesis de San Luis Potos\u00ed Tom\u00e1s Cruz Perales, hizo un llamado a no perjudicar a las clases m\u00e1s desprotegidas. En este contexto, afirm\u00f3 que cada que se presenta el paquete econ\u00f3mico siempre prometen que no habr\u00e1 incremento a los impuestos y que por el contrario, adem\u00e1s de aumentarlos presentan nuevos grav\u00e1menes. El vocero del Arzobispado Potosino reiter\u00f3 su llamado a la sensibilidad social en este tema al decir que dentro de los impuestos que se incrementan, est\u00e1n los relacionados a la salud. [&hellip;]<\/p>\n","protected":false},"author":2,"featured_media":183498,"comment_status":"closed","ping_status":"closed","sticky":false,"template":"","format":"video","meta":{"_monsterinsights_skip_tracking":false,"_monsterinsights_sitenote_active":false,"_monsterinsights_sitenote_note":"","_monsterinsights_sitenote_category":0,"footnotes":""},"categories":[5,519,45],"tags":[],"class_list":["post-183465","post","type-post","status-publish","format-video","has-post-thumbnail","hentry","category-destacadas","category-iglesia","category-localesyregionales","post_format-post-format-video","post--single"],"_links":{"self":[{"href":"https:\/\/canal7slp.tv\/2026\/wp-json\/wp\/v2\/posts\/183465","targetHints":{"allow":["GET"]}}],"collection":[{"href":"https:\/\/canal7slp.tv\/2026\/wp-json\/wp\/v2\/posts"}],"about":[{"href":"https:\/\/canal7slp.tv\/2026\/wp-json\/wp\/v2\/types\/post"}],"author":[{"embeddable":true,"href":"https:\/\/canal7slp.tv\/2026\/wp-json\/wp\/v2\/users\/2"}],"replies":[{"embeddable":true,"href":"https:\/\/canal7slp.tv\/2026\/wp-json\/wp\/v2\/comments?post=183465"}],"version-history":[{"count":2,"href":"https:\/\/canal7slp.tv\/2026\/wp-json\/wp\/v2\/posts\/183465\/revisions"}],"predecessor-version":[{"id":183499,"href":"https:\/\/canal7slp.tv\/2026\/wp-json\/wp\/v2\/posts\/183465\/revisions\/183499"}],"wp:featuredmedia":[{"embeddable":true,"href":"https:\/\/canal7slp.tv\/2026\/wp-json\/wp\/v2\/media\/183498"}],"wp:attachment":[{"href":"https:\/\/canal7slp.tv\/2026\/wp-json\/wp\/v2\/media?parent=183465"}],"wp:term":[{"taxonomy":"category","embeddable":true,"href":"https:\/\/canal7slp.tv\/2026\/wp-json\/wp\/v2\/categories?post=183465"},{"taxonomy":"post_tag","embeddable":true,"href":"https:\/\/canal7slp.tv\/2026\/wp-json\/wp\/v2\/tags?post=183465"}],"curies":[{"name":"wp","href":"https:\/\/api.w.org\/{rel}","templated":true}]}}