{"id":183463,"date":"2025-10-29T17:30:58","date_gmt":"2025-10-29T23:30:58","guid":{"rendered":"https:\/\/canal7slp.tv\/2026\/?p=183463"},"modified":"2025-10-29T17:30:58","modified_gmt":"2025-10-29T23:30:58","slug":"disminucion-en-trabajadores-afiliados-al-imss-no-se-ha-registrado-en-zona-industrial-aderiac","status":"publish","type":"post","link":"https:\/\/canal7slp.tv\/2026\/disminucion-en-trabajadores-afiliados-al-imss-no-se-ha-registrado-en-zona-industrial-aderiac\/","title":{"rendered":"Disminuci\u00f3n en trabajadores afiliados al IMSS no se ha registrado en zona industrial: Aderiac"},"content":{"rendered":"<p style=\"text-align: justify;\">SLP.- El desempleo registrado a nivel nacional, no ha generado estragos en la rotaci\u00f3n de personal de la zona industrial de San Luis Potos\u00ed indic\u00f3 el presidente de la Asociaci\u00f3n de Ejecutivos de la Gesti\u00f3n del Talento Humano, Daniel Escobedo Uribe.<\/p>\n<p style=\"text-align: justify;\">\u201cS\u00ed hemos visto una reducci\u00f3n en el n\u00famero de personas registradas ante el Seguro Social, s\u00ed ha venido reduci\u00e9ndose paulatinamente sin embargo, tenemos una mezcla porque no est\u00e1n present\u00e1ndose esa disminuci\u00f3n del empleo en la zona industrial\u201d.<\/p>\n<p style=\"text-align: justify;\">Afirm\u00f3 inclusive que hay puestos abiertos en fabriles de la zona.<\/p>\n<p style=\"text-align: justify;\">\u201cSiguen abri\u00e9ndose posiciones, sigue habiendo contrataci\u00f3n, hay varias ferias del empleo en donde est\u00e1 ofert\u00e1ndose trabajo, pareciera que m\u00e1s bien se han disminuido en otros sectores que no es el manufacturero y no se han podido acomodar en el sector industrial\u201d.<\/p>\n<p style=\"text-align: justify;\">Acept\u00f3 que las condiciones positivas en la entidad se dan en gran medida ante la contante instalaci\u00f3n o crecimiento de proyectos ya ubicados en San Luis Potos\u00ed.<\/p>\n<p style=\"text-align: justify;\">\u201cMira s\u00ed se han creado nuevos empleos gracias a las nuevas empresas que est\u00e1n llegando, esas son las que han aumentado un poquito ah\u00ed el n\u00famero de empleos disponibles pero las otras empresas como es muy natural para el cierre de a\u00f1o empiezan a bajar su producci\u00f3n\u201d.<\/p>\n<p>Por: Juan Carlos Contreras<\/p>\n","protected":false},"excerpt":{"rendered":"<p>SLP.- El desempleo registrado a nivel nacional, no ha generado estragos en la rotaci\u00f3n de personal de la zona industrial de San Luis Potos\u00ed indic\u00f3 el presidente de la Asociaci\u00f3n de Ejecutivos de la Gesti\u00f3n del Talento Humano, Daniel Escobedo Uribe. \u201cS\u00ed hemos visto una reducci\u00f3n en el n\u00famero de personas registradas ante el Seguro Social, s\u00ed ha venido reduci\u00e9ndose paulatinamente sin embargo, tenemos una mezcla porque no est\u00e1n present\u00e1ndose esa disminuci\u00f3n del empleo en la zona industrial\u201d. Afirm\u00f3 inclusive que hay puestos abiertos en fabriles de la zona. \u201cSiguen abri\u00e9ndose posiciones, sigue habiendo contrataci\u00f3n, hay varias ferias del empleo [&hellip;]<\/p>\n","protected":false},"author":2,"featured_media":183484,"comment_status":"closed","ping_status":"closed","sticky":false,"template":"","format":"video","meta":{"_monsterinsights_skip_tracking":false,"_monsterinsights_sitenote_active":false,"_monsterinsights_sitenote_note":"","_monsterinsights_sitenote_category":0,"footnotes":""},"categories":[5,45],"tags":[],"class_list":["post-183463","post","type-post","status-publish","format-video","has-post-thumbnail","hentry","category-destacadas","category-localesyregionales","post_format-post-format-video","post--single"],"_links":{"self":[{"href":"https:\/\/canal7slp.tv\/2026\/wp-json\/wp\/v2\/posts\/183463","targetHints":{"allow":["GET"]}}],"collection":[{"href":"https:\/\/canal7slp.tv\/2026\/wp-json\/wp\/v2\/posts"}],"about":[{"href":"https:\/\/canal7slp.tv\/2026\/wp-json\/wp\/v2\/types\/post"}],"author":[{"embeddable":true,"href":"https:\/\/canal7slp.tv\/2026\/wp-json\/wp\/v2\/users\/2"}],"replies":[{"embeddable":true,"href":"https:\/\/canal7slp.tv\/2026\/wp-json\/wp\/v2\/comments?post=183463"}],"version-history":[{"count":3,"href":"https:\/\/canal7slp.tv\/2026\/wp-json\/wp\/v2\/posts\/183463\/revisions"}],"predecessor-version":[{"id":183492,"href":"https:\/\/canal7slp.tv\/2026\/wp-json\/wp\/v2\/posts\/183463\/revisions\/183492"}],"wp:featuredmedia":[{"embeddable":true,"href":"https:\/\/canal7slp.tv\/2026\/wp-json\/wp\/v2\/media\/183484"}],"wp:attachment":[{"href":"https:\/\/canal7slp.tv\/2026\/wp-json\/wp\/v2\/media?parent=183463"}],"wp:term":[{"taxonomy":"category","embeddable":true,"href":"https:\/\/canal7slp.tv\/2026\/wp-json\/wp\/v2\/categories?post=183463"},{"taxonomy":"post_tag","embeddable":true,"href":"https:\/\/canal7slp.tv\/2026\/wp-json\/wp\/v2\/tags?post=183463"}],"curies":[{"name":"wp","href":"https:\/\/api.w.org\/{rel}","templated":true}]}}