{"id":183454,"date":"2025-10-29T16:19:06","date_gmt":"2025-10-29T22:19:06","guid":{"rendered":"https:\/\/canal7slp.tv\/2026\/?p=183454"},"modified":"2025-10-29T16:19:06","modified_gmt":"2025-10-29T22:19:06","slug":"concanaco-servytur-advierte-sobre-impacto-economico-y-turistico-por-revocacion-de-rutas-aereas","status":"publish","type":"post","link":"https:\/\/canal7slp.tv\/2026\/concanaco-servytur-advierte-sobre-impacto-economico-y-turistico-por-revocacion-de-rutas-aereas\/","title":{"rendered":"Concanaco-Servytur advierte sobre impacto econ\u00f3mico y tur\u00edstico por revocaci\u00f3n de rutas a\u00e9reas"},"content":{"rendered":"<p style=\"text-align: justify;\">M\u00e9xico.- La Confederaci\u00f3n de C\u00e1maras Nacionales de Comercio, Servicios y Turismo (Concanaco-Servytur) advirti\u00f3 que la decisi\u00f3n del Departamento de Transporte de Estados Unidos de revocar 13 rutas a\u00e9reas desde M\u00e9xico hacia ese pa\u00eds podr\u00eda tener repercusiones en los sectores econ\u00f3mico y tur\u00edstico.<\/p>\n<p style=\"text-align: justify;\">El presidente del organismo, Octavio de la Torre, inform\u00f3 que se est\u00e1n evaluando los posibles efectos de la medida, la cual impacta tanto al turismo de placer como al de negocios.<\/p>\n<p style=\"text-align: justify;\">A\u00f1adi\u00f3 que se realizar\u00e1n reuniones con las secretar\u00edas de Turismo y de Infraestructura, Comunicaciones y Transportes, as\u00ed como con autoridades de aviaci\u00f3n civil, para analizar el alcance de la decisi\u00f3n.<\/p>\n<p style=\"text-align: justify;\">La determinaci\u00f3n estadounidense, anunciada este martes, implica la cancelaci\u00f3n de permisos para rutas existentes y planificadas de aerol\u00edneas mexicanas.<\/p>\n<p style=\"text-align: justify;\">De acuerdo con el Departamento de Transporte, la acci\u00f3n responde a una diferencia en la aplicaci\u00f3n del acuerdo bilateral de transporte a\u00e9reo firmado en 2015, argumentando que M\u00e9xico habr\u00eda incumplido compromisos al limitar operaciones de una aerol\u00ednea de carga estadounidense.<\/p>\n<p style=\"text-align: justify;\">La medida incluye la suspensi\u00f3n de todos los vuelos de pasajeros y carga combinados desde el Aeropuerto Internacional Felipe \u00c1ngeles (AIFA) hacia Estados Unidos, adem\u00e1s de establecer una congelaci\u00f3n temporal para la creaci\u00f3n o ampliaci\u00f3n de rutas desde el Aeropuerto Internacional de la Ciudad de M\u00e9xico (AICM).<\/p>\n","protected":false},"excerpt":{"rendered":"<p>M\u00e9xico.- La Confederaci\u00f3n de C\u00e1maras Nacionales de Comercio, Servicios y Turismo (Concanaco-Servytur) advirti\u00f3 que la decisi\u00f3n del Departamento de Transporte de Estados Unidos de revocar 13 rutas a\u00e9reas desde M\u00e9xico hacia ese pa\u00eds podr\u00eda tener repercusiones en los sectores econ\u00f3mico y tur\u00edstico. El presidente del organismo, Octavio de la Torre, inform\u00f3 que se est\u00e1n evaluando los posibles efectos de la medida, la cual impacta tanto al turismo de placer como al de negocios. A\u00f1adi\u00f3 que se realizar\u00e1n reuniones con las secretar\u00edas de Turismo y de Infraestructura, Comunicaciones y Transportes, as\u00ed como con autoridades de aviaci\u00f3n civil, para analizar el alcance [&hellip;]<\/p>\n","protected":false},"author":2,"featured_media":183455,"comment_status":"closed","ping_status":"closed","sticky":false,"template":"","format":"standard","meta":{"_monsterinsights_skip_tracking":false,"_monsterinsights_sitenote_active":false,"_monsterinsights_sitenote_note":"","_monsterinsights_sitenote_category":0,"footnotes":""},"categories":[40,46],"tags":[],"class_list":["post-183454","post","type-post","status-publish","format-standard","has-post-thumbnail","hentry","category-economia","category-nacional","post--single"],"_links":{"self":[{"href":"https:\/\/canal7slp.tv\/2026\/wp-json\/wp\/v2\/posts\/183454","targetHints":{"allow":["GET"]}}],"collection":[{"href":"https:\/\/canal7slp.tv\/2026\/wp-json\/wp\/v2\/posts"}],"about":[{"href":"https:\/\/canal7slp.tv\/2026\/wp-json\/wp\/v2\/types\/post"}],"author":[{"embeddable":true,"href":"https:\/\/canal7slp.tv\/2026\/wp-json\/wp\/v2\/users\/2"}],"replies":[{"embeddable":true,"href":"https:\/\/canal7slp.tv\/2026\/wp-json\/wp\/v2\/comments?post=183454"}],"version-history":[{"count":1,"href":"https:\/\/canal7slp.tv\/2026\/wp-json\/wp\/v2\/posts\/183454\/revisions"}],"predecessor-version":[{"id":183456,"href":"https:\/\/canal7slp.tv\/2026\/wp-json\/wp\/v2\/posts\/183454\/revisions\/183456"}],"wp:featuredmedia":[{"embeddable":true,"href":"https:\/\/canal7slp.tv\/2026\/wp-json\/wp\/v2\/media\/183455"}],"wp:attachment":[{"href":"https:\/\/canal7slp.tv\/2026\/wp-json\/wp\/v2\/media?parent=183454"}],"wp:term":[{"taxonomy":"category","embeddable":true,"href":"https:\/\/canal7slp.tv\/2026\/wp-json\/wp\/v2\/categories?post=183454"},{"taxonomy":"post_tag","embeddable":true,"href":"https:\/\/canal7slp.tv\/2026\/wp-json\/wp\/v2\/tags?post=183454"}],"curies":[{"name":"wp","href":"https:\/\/api.w.org\/{rel}","templated":true}]}}