{"id":183433,"date":"2025-10-29T15:00:25","date_gmt":"2025-10-29T21:00:25","guid":{"rendered":"https:\/\/canal7slp.tv\/2026\/?p=183433"},"modified":"2025-10-29T15:00:25","modified_gmt":"2025-10-29T21:00:25","slug":"mexico-y-eua-revisan-avances-en-negociaciones-comerciales-en-cumbre-apec-en-corea-del-sur","status":"publish","type":"post","link":"https:\/\/canal7slp.tv\/2026\/mexico-y-eua-revisan-avances-en-negociaciones-comerciales-en-cumbre-apec-en-corea-del-sur\/","title":{"rendered":"M\u00e9xico y EUA revisan avances en negociaciones comerciales en cumbre APEC en Corea del Sur"},"content":{"rendered":"<p style=\"text-align: justify;\">Gyeongju.- Representantes de los gobiernos de M\u00e9xico y Estados Unidos sostuvieron un encuentro este 29 de octubre en Gyeongju, Corea del Sur, en el marco de la cumbre del Foro de Cooperaci\u00f3n Econ\u00f3mica Asia-Pac\u00edfico (APEC).<\/p>\n<p style=\"text-align: justify;\">Durante la reuni\u00f3n, el secretario mexicano de Econom\u00eda, Marcelo Ebrard, y el representante comercial estadounidense, Jamieson Greer, revisaron los avances en las negociaciones bilaterales. De acuerdo con un comunicado oficial, ambas partes acordaron los \u201csiguientes pasos a seguir\u201d para avanzar hacia un nuevo entendimiento comercial, aunque no se dieron a conocer detalles sobre los compromisos espec\u00edficos.<\/p>\n<p style=\"text-align: justify;\">El objetivo central de las conversaciones es alcanzar un acuerdo previo al proceso de revisi\u00f3n del Tratado entre M\u00e9xico, Estados Unidos y Canad\u00e1 (T-MEC), previsto para 2026.<\/p>\n<p style=\"text-align: justify;\">Cabe recordar que el pasado s\u00e1bado venci\u00f3 el plazo de 90 d\u00edas establecido inicialmente para evitar la posible imposici\u00f3n de aranceles por parte de Estados Unidos. En este contexto, la cumbre de APEC ha servido como escenario para que ambos pa\u00edses tambi\u00e9n aborden temas de seguridad y cooperaci\u00f3n econ\u00f3mica regional.<\/p>\n","protected":false},"excerpt":{"rendered":"<p>Gyeongju.- Representantes de los gobiernos de M\u00e9xico y Estados Unidos sostuvieron un encuentro este 29 de octubre en Gyeongju, Corea del Sur, en el marco de la cumbre del Foro de Cooperaci\u00f3n Econ\u00f3mica Asia-Pac\u00edfico (APEC). Durante la reuni\u00f3n, el secretario mexicano de Econom\u00eda, Marcelo Ebrard, y el representante comercial estadounidense, Jamieson Greer, revisaron los avances en las negociaciones bilaterales. De acuerdo con un comunicado oficial, ambas partes acordaron los \u201csiguientes pasos a seguir\u201d para avanzar hacia un nuevo entendimiento comercial, aunque no se dieron a conocer detalles sobre los compromisos espec\u00edficos. El objetivo central de las conversaciones es alcanzar un [&hellip;]<\/p>\n","protected":false},"author":2,"featured_media":183434,"comment_status":"closed","ping_status":"closed","sticky":false,"template":"","format":"standard","meta":{"_monsterinsights_skip_tracking":false,"_monsterinsights_sitenote_active":false,"_monsterinsights_sitenote_note":"","_monsterinsights_sitenote_category":0,"footnotes":""},"categories":[46],"tags":[],"class_list":["post-183433","post","type-post","status-publish","format-standard","has-post-thumbnail","hentry","category-nacional","post--single"],"_links":{"self":[{"href":"https:\/\/canal7slp.tv\/2026\/wp-json\/wp\/v2\/posts\/183433","targetHints":{"allow":["GET"]}}],"collection":[{"href":"https:\/\/canal7slp.tv\/2026\/wp-json\/wp\/v2\/posts"}],"about":[{"href":"https:\/\/canal7slp.tv\/2026\/wp-json\/wp\/v2\/types\/post"}],"author":[{"embeddable":true,"href":"https:\/\/canal7slp.tv\/2026\/wp-json\/wp\/v2\/users\/2"}],"replies":[{"embeddable":true,"href":"https:\/\/canal7slp.tv\/2026\/wp-json\/wp\/v2\/comments?post=183433"}],"version-history":[{"count":1,"href":"https:\/\/canal7slp.tv\/2026\/wp-json\/wp\/v2\/posts\/183433\/revisions"}],"predecessor-version":[{"id":183435,"href":"https:\/\/canal7slp.tv\/2026\/wp-json\/wp\/v2\/posts\/183433\/revisions\/183435"}],"wp:featuredmedia":[{"embeddable":true,"href":"https:\/\/canal7slp.tv\/2026\/wp-json\/wp\/v2\/media\/183434"}],"wp:attachment":[{"href":"https:\/\/canal7slp.tv\/2026\/wp-json\/wp\/v2\/media?parent=183433"}],"wp:term":[{"taxonomy":"category","embeddable":true,"href":"https:\/\/canal7slp.tv\/2026\/wp-json\/wp\/v2\/categories?post=183433"},{"taxonomy":"post_tag","embeddable":true,"href":"https:\/\/canal7slp.tv\/2026\/wp-json\/wp\/v2\/tags?post=183433"}],"curies":[{"name":"wp","href":"https:\/\/api.w.org\/{rel}","templated":true}]}}