{"id":183353,"date":"2025-10-28T15:52:22","date_gmt":"2025-10-28T21:52:22","guid":{"rendered":"https:\/\/canal7slp.tv\/2026\/?p=183353"},"modified":"2025-12-09T19:53:42","modified_gmt":"2025-12-10T01:53:42","slug":"sep-suspende-clases-el-31-de-octubre-por-cte","status":"publish","type":"post","link":"https:\/\/canal7slp.tv\/2026\/sep-suspende-clases-el-31-de-octubre-por-cte\/","title":{"rendered":"SEP suspende clases el 31 de octubre por CTE"},"content":{"rendered":"<p style=\"text-align: justify;\">M\u00e9xico.- La Secretar\u00eda de Educaci\u00f3n P\u00fablica (SEP) confirm\u00f3 que el viernes 31 de octubre de 2025 no habr\u00e1 clases en los niveles de preescolar, primaria y secundaria, debido a la realizaci\u00f3n de la reuni\u00f3n ordinaria del Consejo T\u00e9cnico Escolar.<\/p>\n<p style=\"text-align: justify;\">En estas sesiones, el personal docente lleva a cabo actividades de planeaci\u00f3n y evaluaci\u00f3n acad\u00e9mica.<\/p>\n<p style=\"text-align: justify;\">La fecha coincide con el fin de semana y las conmemoraciones del D\u00eda de Muertos, por lo que los estudiantes disfrutar\u00e1n de un descanso de tres d\u00edas, del 31 de octubre al 2 de noviembre, retomando clases el lunes 3 de noviembre.<\/p>\n","protected":false},"excerpt":{"rendered":"<p>M\u00e9xico.- La Secretar\u00eda de Educaci\u00f3n P\u00fablica (SEP) confirm\u00f3 que el viernes 31 de octubre de 2025 no habr\u00e1 clases en los niveles de preescolar, primaria y secundaria, debido a la realizaci\u00f3n de la reuni\u00f3n ordinaria del Consejo T\u00e9cnico Escolar. En estas sesiones, el personal docente lleva a cabo actividades de planeaci\u00f3n y evaluaci\u00f3n acad\u00e9mica. La fecha coincide con el fin de semana y las conmemoraciones del D\u00eda de Muertos, por lo que los estudiantes disfrutar\u00e1n de un descanso de tres d\u00edas, del 31 de octubre al 2 de noviembre, retomando clases el lunes 3 de noviembre.<\/p>\n","protected":false},"author":2,"featured_media":183354,"comment_status":"closed","ping_status":"closed","sticky":false,"template":"","format":"standard","meta":{"_monsterinsights_skip_tracking":false,"_monsterinsights_sitenote_active":false,"_monsterinsights_sitenote_note":"","_monsterinsights_sitenote_category":0,"footnotes":""},"categories":[46],"tags":[],"class_list":["post-183353","post","type-post","status-publish","format-standard","has-post-thumbnail","hentry","category-nacional","post--single"],"_links":{"self":[{"href":"https:\/\/canal7slp.tv\/2026\/wp-json\/wp\/v2\/posts\/183353","targetHints":{"allow":["GET"]}}],"collection":[{"href":"https:\/\/canal7slp.tv\/2026\/wp-json\/wp\/v2\/posts"}],"about":[{"href":"https:\/\/canal7slp.tv\/2026\/wp-json\/wp\/v2\/types\/post"}],"author":[{"embeddable":true,"href":"https:\/\/canal7slp.tv\/2026\/wp-json\/wp\/v2\/users\/2"}],"replies":[{"embeddable":true,"href":"https:\/\/canal7slp.tv\/2026\/wp-json\/wp\/v2\/comments?post=183353"}],"version-history":[{"count":1,"href":"https:\/\/canal7slp.tv\/2026\/wp-json\/wp\/v2\/posts\/183353\/revisions"}],"predecessor-version":[{"id":183355,"href":"https:\/\/canal7slp.tv\/2026\/wp-json\/wp\/v2\/posts\/183353\/revisions\/183355"}],"wp:featuredmedia":[{"embeddable":true,"href":"https:\/\/canal7slp.tv\/2026\/wp-json\/wp\/v2\/media\/183354"}],"wp:attachment":[{"href":"https:\/\/canal7slp.tv\/2026\/wp-json\/wp\/v2\/media?parent=183353"}],"wp:term":[{"taxonomy":"category","embeddable":true,"href":"https:\/\/canal7slp.tv\/2026\/wp-json\/wp\/v2\/categories?post=183353"},{"taxonomy":"post_tag","embeddable":true,"href":"https:\/\/canal7slp.tv\/2026\/wp-json\/wp\/v2\/tags?post=183353"}],"curies":[{"name":"wp","href":"https:\/\/api.w.org\/{rel}","templated":true}]}}