{"id":183189,"date":"2025-10-26T10:21:48","date_gmt":"2025-10-26T16:21:48","guid":{"rendered":"https:\/\/canal7slp.tv\/2026\/?p=183189"},"modified":"2025-10-26T10:21:48","modified_gmt":"2025-10-26T16:21:48","slug":"fiscalia-de-tabasco-amplia-investigacion-contra-nino-sicario-vinculado-con-crimen-organizado","status":"publish","type":"post","link":"https:\/\/canal7slp.tv\/2026\/fiscalia-de-tabasco-amplia-investigacion-contra-nino-sicario-vinculado-con-crimen-organizado\/","title":{"rendered":"Fiscal\u00eda de Tabasco ampl\u00eda investigaci\u00f3n contra \u201cni\u00f1o sicario\u201d vinculado con crimen organizado"},"content":{"rendered":"<p style=\"text-align: justify;\">Villahermosa.- La Fiscal\u00eda General del Estado de Tabasco obtuvo la vinculaci\u00f3n a proceso de un adolescente identificado como Jair \u00abN\u00bb, de 15 a\u00f1os de edad, por su presunta participaci\u00f3n en delitos contra la salud en la modalidad de narcotr\u00e1fico.<\/p>\n<p style=\"text-align: justify;\">El juez de control determin\u00f3 que el menor permanezca en un centro tutelar mientras contin\u00faa el proceso legal.<\/p>\n<p style=\"text-align: justify;\">El adolescente, conocido con el alias \u00abEl Ni\u00f1o Sicario\u00bb, fue detenido el pasado 12 de octubre en la rancher\u00eda Corregidora, municipio de Centro, junto con otra persona.<\/p>\n<p style=\"text-align: justify;\">Durante el operativo, el menor portaba un arma de fuego tipo subametralladora que, seg\u00fan el reporte, intent\u00f3 utilizar contra los elementos de seguridad.<\/p>\n<p style=\"text-align: justify;\">Las investigaciones han revelado material audiovisual en dispositivos electr\u00f3nicos del detenido que podr\u00eda estar relacionado con otros delitos graves, incluyendo un caso de privaci\u00f3n ilegal de la libertad y un homicidio.<\/p>\n<p style=\"text-align: justify;\">Las autoridades indicaron que podr\u00edan presentarse cargos adicionales conforme avance la investigaci\u00f3n.<\/p>\n","protected":false},"excerpt":{"rendered":"<p>Villahermosa.- La Fiscal\u00eda General del Estado de Tabasco obtuvo la vinculaci\u00f3n a proceso de un adolescente identificado como Jair \u00abN\u00bb, de 15 a\u00f1os de edad, por su presunta participaci\u00f3n en delitos contra la salud en la modalidad de narcotr\u00e1fico. El juez de control determin\u00f3 que el menor permanezca en un centro tutelar mientras contin\u00faa el proceso legal. El adolescente, conocido con el alias \u00abEl Ni\u00f1o Sicario\u00bb, fue detenido el pasado 12 de octubre en la rancher\u00eda Corregidora, municipio de Centro, junto con otra persona. Durante el operativo, el menor portaba un arma de fuego tipo subametralladora que, seg\u00fan el reporte, [&hellip;]<\/p>\n","protected":false},"author":2,"featured_media":183190,"comment_status":"closed","ping_status":"closed","sticky":false,"template":"","format":"standard","meta":{"_monsterinsights_skip_tracking":false,"_monsterinsights_sitenote_active":false,"_monsterinsights_sitenote_note":"","_monsterinsights_sitenote_category":0,"footnotes":""},"categories":[46],"tags":[],"class_list":["post-183189","post","type-post","status-publish","format-standard","has-post-thumbnail","hentry","category-nacional","post--single"],"_links":{"self":[{"href":"https:\/\/canal7slp.tv\/2026\/wp-json\/wp\/v2\/posts\/183189","targetHints":{"allow":["GET"]}}],"collection":[{"href":"https:\/\/canal7slp.tv\/2026\/wp-json\/wp\/v2\/posts"}],"about":[{"href":"https:\/\/canal7slp.tv\/2026\/wp-json\/wp\/v2\/types\/post"}],"author":[{"embeddable":true,"href":"https:\/\/canal7slp.tv\/2026\/wp-json\/wp\/v2\/users\/2"}],"replies":[{"embeddable":true,"href":"https:\/\/canal7slp.tv\/2026\/wp-json\/wp\/v2\/comments?post=183189"}],"version-history":[{"count":1,"href":"https:\/\/canal7slp.tv\/2026\/wp-json\/wp\/v2\/posts\/183189\/revisions"}],"predecessor-version":[{"id":183191,"href":"https:\/\/canal7slp.tv\/2026\/wp-json\/wp\/v2\/posts\/183189\/revisions\/183191"}],"wp:featuredmedia":[{"embeddable":true,"href":"https:\/\/canal7slp.tv\/2026\/wp-json\/wp\/v2\/media\/183190"}],"wp:attachment":[{"href":"https:\/\/canal7slp.tv\/2026\/wp-json\/wp\/v2\/media?parent=183189"}],"wp:term":[{"taxonomy":"category","embeddable":true,"href":"https:\/\/canal7slp.tv\/2026\/wp-json\/wp\/v2\/categories?post=183189"},{"taxonomy":"post_tag","embeddable":true,"href":"https:\/\/canal7slp.tv\/2026\/wp-json\/wp\/v2\/tags?post=183189"}],"curies":[{"name":"wp","href":"https:\/\/api.w.org\/{rel}","templated":true}]}}