{"id":183079,"date":"2025-10-24T16:38:49","date_gmt":"2025-10-24T22:38:49","guid":{"rendered":"https:\/\/canal7slp.tv\/2026\/?p=183079"},"modified":"2025-10-24T16:38:49","modified_gmt":"2025-10-24T22:38:49","slug":"emiten-alerta-amber-por-robo-de-bebe-en-hospital-de-durango","status":"publish","type":"post","link":"https:\/\/canal7slp.tv\/2026\/emiten-alerta-amber-por-robo-de-bebe-en-hospital-de-durango\/","title":{"rendered":"Emiten Alerta \u00c1mber por robo de beb\u00e9 en hospital de Durango"},"content":{"rendered":"<ul style=\"text-align: justify;\">\n<li>La reci\u00e9n nacida, de apenas un mes de edad, fue sustra\u00edda por una mujer que portaba una filipina similar a un uniforme m\u00e9dico.<\/li>\n<\/ul>\n<p style=\"text-align: justify;\">Victoria de Durango.- La Fiscal\u00eda General del Estado de Durango emiti\u00f3 una Alerta \u00c1mber por la desaparici\u00f3n de una beb\u00e9 de un mes de edad, sustra\u00edda del Hospital Materno Infantil de la capital estatal la tarde del jueves.<\/p>\n<p style=\"text-align: justify;\">La menor, identificada como Judith Alejandra Rivas Ruiz, naci\u00f3 el 20 de septiembre y presenta las siguientes caracter\u00edsticas: 55 cent\u00edmetros de estatura, cabello negro abundante, ojos caf\u00e9s rasgados y tez morena clara.<\/p>\n<p><img loading=\"lazy\" decoding=\"async\" class=\"aligncenter size-full wp-image-183081\" src=\"https:\/\/canal7slp.tv\/2026\/wp-content\/uploads\/2025\/10\/08b.jpg\" alt=\"\" width=\"660\" height=\"420\" srcset=\"https:\/\/canal7slp.tv\/2026\/wp-content\/uploads\/2025\/10\/08b.jpg 660w, https:\/\/canal7slp.tv\/2026\/wp-content\/uploads\/2025\/10\/08b-300x191.jpg 300w\" sizes=\"auto, (max-width: 660px) 100vw, 660px\" \/><\/p>\n<p style=\"text-align: justify;\">Las autoridades tambi\u00e9n difundieron la descripci\u00f3n de la presunta responsable, una mujer de entre 35 y 45 a\u00f1os, de aproximadamente 1.58 metros de estatura, tez morena clara, cara ovalada y con acn\u00e9 en las mejillas.<\/p>\n<p style=\"text-align: justify;\">En un video difundido en redes sociales, se observa a una persona con estas caracter\u00edsticas saliendo del hospital con la beb\u00e9 en brazos, vestida con una filipina similar a un uniforme m\u00e9dico.<\/p>\n<p style=\"text-align: justify;\">La fiscal\u00eda estatal pidi\u00f3 el apoyo de la ciudadan\u00eda para ubicar a la menor y puso a disposici\u00f3n el n\u00famero de emergencias 911, as\u00ed como un correo electr\u00f3nico institucional para recibir informaci\u00f3n que contribuya a su localizaci\u00f3n.<\/p>\n","protected":false},"excerpt":{"rendered":"<p>La reci\u00e9n nacida, de apenas un mes de edad, fue sustra\u00edda por una mujer que portaba una filipina similar a un uniforme m\u00e9dico. Victoria de Durango.- La Fiscal\u00eda General del Estado de Durango emiti\u00f3 una Alerta \u00c1mber por la desaparici\u00f3n de una beb\u00e9 de un mes de edad, sustra\u00edda del Hospital Materno Infantil de la capital estatal la tarde del jueves. La menor, identificada como Judith Alejandra Rivas Ruiz, naci\u00f3 el 20 de septiembre y presenta las siguientes caracter\u00edsticas: 55 cent\u00edmetros de estatura, cabello negro abundante, ojos caf\u00e9s rasgados y tez morena clara. Las autoridades tambi\u00e9n difundieron la descripci\u00f3n de [&hellip;]<\/p>\n","protected":false},"author":2,"featured_media":183080,"comment_status":"closed","ping_status":"closed","sticky":false,"template":"","format":"standard","meta":{"_monsterinsights_skip_tracking":false,"_monsterinsights_sitenote_active":false,"_monsterinsights_sitenote_note":"","_monsterinsights_sitenote_category":0,"footnotes":""},"categories":[46],"tags":[],"class_list":["post-183079","post","type-post","status-publish","format-standard","has-post-thumbnail","hentry","category-nacional","post--single"],"_links":{"self":[{"href":"https:\/\/canal7slp.tv\/2026\/wp-json\/wp\/v2\/posts\/183079","targetHints":{"allow":["GET"]}}],"collection":[{"href":"https:\/\/canal7slp.tv\/2026\/wp-json\/wp\/v2\/posts"}],"about":[{"href":"https:\/\/canal7slp.tv\/2026\/wp-json\/wp\/v2\/types\/post"}],"author":[{"embeddable":true,"href":"https:\/\/canal7slp.tv\/2026\/wp-json\/wp\/v2\/users\/2"}],"replies":[{"embeddable":true,"href":"https:\/\/canal7slp.tv\/2026\/wp-json\/wp\/v2\/comments?post=183079"}],"version-history":[{"count":1,"href":"https:\/\/canal7slp.tv\/2026\/wp-json\/wp\/v2\/posts\/183079\/revisions"}],"predecessor-version":[{"id":183082,"href":"https:\/\/canal7slp.tv\/2026\/wp-json\/wp\/v2\/posts\/183079\/revisions\/183082"}],"wp:featuredmedia":[{"embeddable":true,"href":"https:\/\/canal7slp.tv\/2026\/wp-json\/wp\/v2\/media\/183080"}],"wp:attachment":[{"href":"https:\/\/canal7slp.tv\/2026\/wp-json\/wp\/v2\/media?parent=183079"}],"wp:term":[{"taxonomy":"category","embeddable":true,"href":"https:\/\/canal7slp.tv\/2026\/wp-json\/wp\/v2\/categories?post=183079"},{"taxonomy":"post_tag","embeddable":true,"href":"https:\/\/canal7slp.tv\/2026\/wp-json\/wp\/v2\/tags?post=183079"}],"curies":[{"name":"wp","href":"https:\/\/api.w.org\/{rel}","templated":true}]}}