{"id":183033,"date":"2025-10-24T14:16:30","date_gmt":"2025-10-24T20:16:30","guid":{"rendered":"https:\/\/canal7slp.tv\/2026\/?p=183033"},"modified":"2025-10-24T14:30:29","modified_gmt":"2025-10-24T20:30:29","slug":"gobierno-de-mexico-rechaza-senalamientos-del-comite-de-la-onu-sobre-desapariciones-forzadas","status":"publish","type":"post","link":"https:\/\/canal7slp.tv\/2026\/gobierno-de-mexico-rechaza-senalamientos-del-comite-de-la-onu-sobre-desapariciones-forzadas\/","title":{"rendered":"Gobierno de M\u00e9xico rechaza se\u00f1alamientos del comit\u00e9 de la ONU sobre desapariciones forzadas"},"content":{"rendered":"<p style=\"text-align: justify;\">M\u00e9xico.- El Gobierno de M\u00e9xico manifest\u00f3 su desacuerdo con las declaraciones del Comit\u00e9 contra la Desaparici\u00f3n Forzada (CED) de la ONU, que present\u00f3 ante la Asamblea General un an\u00e1lisis sobre la situaci\u00f3n de las desapariciones en el pa\u00eds. La Secretar\u00eda de Relaciones Exteriores consider\u00f3 que dichas afirmaciones \u00abcarecen de sustento\u00bb y atribuy\u00f3 el fen\u00f3meno principalmente a la delincuencia organizada.<\/p>\n<p style=\"text-align: justify;\">La Canciller\u00eda destac\u00f3 que M\u00e9xico mantiene una pol\u00edtica de Estado para atender este delito, con acciones como la Estrategia Nacional de Construcci\u00f3n de Paz y Seguridad, el fortalecimiento del Registro Nacional de Personas Desaparecidas y la coordinaci\u00f3n con colectivos de v\u00edctimas. Asimismo, subray\u00f3 la disposici\u00f3n del pa\u00eds al escrutinio internacional, reflejada en la ratificaci\u00f3n de tratados en materia de derechos humanos.<\/p>\n<p style=\"text-align: justify;\">El representante permanente de M\u00e9xico ante la ONU expres\u00f3 que el uso del art\u00edculo 34 de la Convenci\u00f3n correspondiente debe aplicarse en situaciones excepcionales y con criterios objetivos. Organizaciones no guberidales, por su parte, han exhortado a mantener la apertura a mecanismos internacionales ante la persistencia de retos como la impunidad y los riesgos que enfrentan los familiares de las v\u00edctimas.<\/p>\n","protected":false},"excerpt":{"rendered":"<p>M\u00e9xico.- El Gobierno de M\u00e9xico manifest\u00f3 su desacuerdo con las declaraciones del Comit\u00e9 contra la Desaparici\u00f3n Forzada (CED) de la ONU, que present\u00f3 ante la Asamblea General un an\u00e1lisis sobre la situaci\u00f3n de las desapariciones en el pa\u00eds. La Secretar\u00eda de Relaciones Exteriores consider\u00f3 que dichas afirmaciones \u00abcarecen de sustento\u00bb y atribuy\u00f3 el fen\u00f3meno principalmente a la delincuencia organizada. La Canciller\u00eda destac\u00f3 que M\u00e9xico mantiene una pol\u00edtica de Estado para atender este delito, con acciones como la Estrategia Nacional de Construcci\u00f3n de Paz y Seguridad, el fortalecimiento del Registro Nacional de Personas Desaparecidas y la coordinaci\u00f3n con colectivos de v\u00edctimas. [&hellip;]<\/p>\n","protected":false},"author":2,"featured_media":183034,"comment_status":"closed","ping_status":"closed","sticky":false,"template":"","format":"standard","meta":{"_monsterinsights_skip_tracking":false,"_monsterinsights_sitenote_active":false,"_monsterinsights_sitenote_note":"","_monsterinsights_sitenote_category":0,"footnotes":""},"categories":[46],"tags":[],"class_list":["post-183033","post","type-post","status-publish","format-standard","has-post-thumbnail","hentry","category-nacional","post--single"],"_links":{"self":[{"href":"https:\/\/canal7slp.tv\/2026\/wp-json\/wp\/v2\/posts\/183033","targetHints":{"allow":["GET"]}}],"collection":[{"href":"https:\/\/canal7slp.tv\/2026\/wp-json\/wp\/v2\/posts"}],"about":[{"href":"https:\/\/canal7slp.tv\/2026\/wp-json\/wp\/v2\/types\/post"}],"author":[{"embeddable":true,"href":"https:\/\/canal7slp.tv\/2026\/wp-json\/wp\/v2\/users\/2"}],"replies":[{"embeddable":true,"href":"https:\/\/canal7slp.tv\/2026\/wp-json\/wp\/v2\/comments?post=183033"}],"version-history":[{"count":2,"href":"https:\/\/canal7slp.tv\/2026\/wp-json\/wp\/v2\/posts\/183033\/revisions"}],"predecessor-version":[{"id":183037,"href":"https:\/\/canal7slp.tv\/2026\/wp-json\/wp\/v2\/posts\/183033\/revisions\/183037"}],"wp:featuredmedia":[{"embeddable":true,"href":"https:\/\/canal7slp.tv\/2026\/wp-json\/wp\/v2\/media\/183034"}],"wp:attachment":[{"href":"https:\/\/canal7slp.tv\/2026\/wp-json\/wp\/v2\/media?parent=183033"}],"wp:term":[{"taxonomy":"category","embeddable":true,"href":"https:\/\/canal7slp.tv\/2026\/wp-json\/wp\/v2\/categories?post=183033"},{"taxonomy":"post_tag","embeddable":true,"href":"https:\/\/canal7slp.tv\/2026\/wp-json\/wp\/v2\/tags?post=183033"}],"curies":[{"name":"wp","href":"https:\/\/api.w.org\/{rel}","templated":true}]}}