{"id":182993,"date":"2025-10-23T17:46:25","date_gmt":"2025-10-23T23:46:25","guid":{"rendered":"https:\/\/canal7slp.tv\/2026\/?p=182993"},"modified":"2025-10-23T17:46:25","modified_gmt":"2025-10-23T23:46:25","slug":"asesinan-a-mujer-y-dos-jovenes-en-mazatlan","status":"publish","type":"post","link":"https:\/\/canal7slp.tv\/2026\/asesinan-a-mujer-y-dos-jovenes-en-mazatlan\/","title":{"rendered":"Asesinan a mujer y dos j\u00f3venes en Mazatl\u00e1n"},"content":{"rendered":"<p style=\"text-align: justify;\">Mazatl\u00e1n.- Tres personas fueron asesinadas en distintos hechos de violencia registrados en Mazatl\u00e1n, Sinaloa, durante las \u00faltimas horas.<\/p>\n<p style=\"text-align: justify;\">En el primer caso, una mujer identificada como Andrea \u201cN\u201d perdi\u00f3 la vida tras ser atacada a balazos mientras circulaba en una motocicleta por el fraccionamiento Santa Teresa.<\/p>\n<p style=\"text-align: justify;\">Horas m\u00e1s tarde, en un hecho separado, un joven de 19 a\u00f1os y un adolescente de 14 fueron asesinados cuando viajaban en motocicleta por la colonia Rinc\u00f3n de Urias.<\/p>\n<p style=\"text-align: justify;\">De acuerdo con los reportes, los agresores utilizaron armas autom\u00e1ticas durante el ataque.<\/p>\n<p style=\"text-align: justify;\">En ambos casos, las autoridades realizaron los levantamientos de evidencia y abrieron carpetas de investigaci\u00f3n para esclarecer las circunstancias de los homicidios e identificar a los responsables.<\/p>\n<p style=\"text-align: justify;\">Estos hechos se suman a un repunte de violencia registrado en Mazatl\u00e1n y otras zonas de Sinaloa en los \u00faltimos d\u00edas.<\/p>\n","protected":false},"excerpt":{"rendered":"<p>Mazatl\u00e1n.- Tres personas fueron asesinadas en distintos hechos de violencia registrados en Mazatl\u00e1n, Sinaloa, durante las \u00faltimas horas. En el primer caso, una mujer identificada como Andrea \u201cN\u201d perdi\u00f3 la vida tras ser atacada a balazos mientras circulaba en una motocicleta por el fraccionamiento Santa Teresa. Horas m\u00e1s tarde, en un hecho separado, un joven de 19 a\u00f1os y un adolescente de 14 fueron asesinados cuando viajaban en motocicleta por la colonia Rinc\u00f3n de Urias. De acuerdo con los reportes, los agresores utilizaron armas autom\u00e1ticas durante el ataque. En ambos casos, las autoridades realizaron los levantamientos de evidencia y abrieron [&hellip;]<\/p>\n","protected":false},"author":2,"featured_media":182994,"comment_status":"closed","ping_status":"closed","sticky":false,"template":"","format":"standard","meta":{"_monsterinsights_skip_tracking":false,"_monsterinsights_sitenote_active":false,"_monsterinsights_sitenote_note":"","_monsterinsights_sitenote_category":0,"footnotes":""},"categories":[46],"tags":[],"class_list":["post-182993","post","type-post","status-publish","format-standard","has-post-thumbnail","hentry","category-nacional","post--single"],"_links":{"self":[{"href":"https:\/\/canal7slp.tv\/2026\/wp-json\/wp\/v2\/posts\/182993","targetHints":{"allow":["GET"]}}],"collection":[{"href":"https:\/\/canal7slp.tv\/2026\/wp-json\/wp\/v2\/posts"}],"about":[{"href":"https:\/\/canal7slp.tv\/2026\/wp-json\/wp\/v2\/types\/post"}],"author":[{"embeddable":true,"href":"https:\/\/canal7slp.tv\/2026\/wp-json\/wp\/v2\/users\/2"}],"replies":[{"embeddable":true,"href":"https:\/\/canal7slp.tv\/2026\/wp-json\/wp\/v2\/comments?post=182993"}],"version-history":[{"count":1,"href":"https:\/\/canal7slp.tv\/2026\/wp-json\/wp\/v2\/posts\/182993\/revisions"}],"predecessor-version":[{"id":182995,"href":"https:\/\/canal7slp.tv\/2026\/wp-json\/wp\/v2\/posts\/182993\/revisions\/182995"}],"wp:featuredmedia":[{"embeddable":true,"href":"https:\/\/canal7slp.tv\/2026\/wp-json\/wp\/v2\/media\/182994"}],"wp:attachment":[{"href":"https:\/\/canal7slp.tv\/2026\/wp-json\/wp\/v2\/media?parent=182993"}],"wp:term":[{"taxonomy":"category","embeddable":true,"href":"https:\/\/canal7slp.tv\/2026\/wp-json\/wp\/v2\/categories?post=182993"},{"taxonomy":"post_tag","embeddable":true,"href":"https:\/\/canal7slp.tv\/2026\/wp-json\/wp\/v2\/tags?post=182993"}],"curies":[{"name":"wp","href":"https:\/\/api.w.org\/{rel}","templated":true}]}}