{"id":182987,"date":"2025-10-29T12:34:08","date_gmt":"2025-10-29T18:34:08","guid":{"rendered":"https:\/\/canal7slp.tv\/2026\/?p=182987"},"modified":"2025-10-29T12:34:08","modified_gmt":"2025-10-29T18:34:08","slug":"comision-permanente-de-seguridad-instalan-en-la-uaslp","status":"publish","type":"post","link":"https:\/\/canal7slp.tv\/2026\/comision-permanente-de-seguridad-instalan-en-la-uaslp\/","title":{"rendered":"Comisi\u00f3n Permanente de Seguridad, instalan en la UASLP"},"content":{"rendered":"<p style=\"text-align: justify;\"><span style=\"font-size: 1.21429rem;\">SLP.- En un bolet\u00edn enviado por su direcci\u00f3n de Comunicaci\u00f3n Social se dio a conocer que la Universidad Aut\u00f3noma de San Luis Potos\u00ed instal\u00f3 la Comisi\u00f3n Permanente de Seguridad, en atenci\u00f3n a las peticiones del alumnado.<\/span><\/p>\n<p style=\"text-align: justify;\">Se se\u00f1ala que la m\u00e1xima casa de estudios puso en marcha acciones orientadas a fortalecer la seguridad en sus espacios acad\u00e9micos y administrativos.<\/p>\n<p style=\"text-align: justify;\">Se hace \u00e9nfasis en que \u00e9ste \u00f3rgano ser\u00e1 el responsable de coordinar la planeaci\u00f3n, gesti\u00f3n y ejecuci\u00f3n de estrategias integrales, que permitan reforzar la protecci\u00f3n de la comunidad universitaria al interior de sus instalaciones.<\/p>\n<p style=\"text-align: justify;\">Se\u00f1ala que esta medida surge tras el an\u00e1lisis de los pliegos petitorios recibidos del alumnado de diversas entidades acad\u00e9micas, como un primer paso institucional para atender de manera efectiva sus inquietudes.<\/p>\n<p style=\"text-align: justify;\">La Comisi\u00f3n Permanente de Seguridad queda integrada por representantes de la Secretar\u00eda Administrativa, Divisi\u00f3n de Desarrollo Humano, Departamento de Seguridad y Abogac\u00eda General.<\/p>\n<p style=\"text-align: justify;\">La integran tambi\u00e9n el secretario general de la Universidad, el \u00d3rgano Interno de Control, el Sindicato Administrativo y un integrante de Uni\u00f3n de Asociaciones de Personal Acad\u00e9mico.<\/p>\n<p style=\"text-align: justify;\">Paralelo a ello, integrantes del Consejo Directivo Universitario manifestaron su respaldo a los estudiantes que exigen justicia y seguridad, tras los hechos registrados en la Facultad de Derecho.<\/p>\n<p>Por: Claudio Ibarra<\/p>\n","protected":false},"excerpt":{"rendered":"<p>SLP.- En un bolet\u00edn enviado por su direcci\u00f3n de Comunicaci\u00f3n Social se dio a conocer que la Universidad Aut\u00f3noma de San Luis Potos\u00ed instal\u00f3 la Comisi\u00f3n Permanente de Seguridad, en atenci\u00f3n a las peticiones del alumnado. Se se\u00f1ala que la m\u00e1xima casa de estudios puso en marcha acciones orientadas a fortalecer la seguridad en sus espacios acad\u00e9micos y administrativos. Se hace \u00e9nfasis en que \u00e9ste \u00f3rgano ser\u00e1 el responsable de coordinar la planeaci\u00f3n, gesti\u00f3n y ejecuci\u00f3n de estrategias integrales, que permitan reforzar la protecci\u00f3n de la comunidad universitaria al interior de sus instalaciones. Se\u00f1ala que esta medida surge tras el [&hellip;]<\/p>\n","protected":false},"author":2,"featured_media":183017,"comment_status":"closed","ping_status":"closed","sticky":false,"template":"","format":"video","meta":{"_monsterinsights_skip_tracking":false,"_monsterinsights_sitenote_active":false,"_monsterinsights_sitenote_note":"","_monsterinsights_sitenote_category":0,"footnotes":""},"categories":[5,45],"tags":[],"class_list":["post-182987","post","type-post","status-publish","format-video","has-post-thumbnail","hentry","category-destacadas","category-localesyregionales","post_format-post-format-video","post--single"],"_links":{"self":[{"href":"https:\/\/canal7slp.tv\/2026\/wp-json\/wp\/v2\/posts\/182987","targetHints":{"allow":["GET"]}}],"collection":[{"href":"https:\/\/canal7slp.tv\/2026\/wp-json\/wp\/v2\/posts"}],"about":[{"href":"https:\/\/canal7slp.tv\/2026\/wp-json\/wp\/v2\/types\/post"}],"author":[{"embeddable":true,"href":"https:\/\/canal7slp.tv\/2026\/wp-json\/wp\/v2\/users\/2"}],"replies":[{"embeddable":true,"href":"https:\/\/canal7slp.tv\/2026\/wp-json\/wp\/v2\/comments?post=182987"}],"version-history":[{"count":2,"href":"https:\/\/canal7slp.tv\/2026\/wp-json\/wp\/v2\/posts\/182987\/revisions"}],"predecessor-version":[{"id":183417,"href":"https:\/\/canal7slp.tv\/2026\/wp-json\/wp\/v2\/posts\/182987\/revisions\/183417"}],"wp:featuredmedia":[{"embeddable":true,"href":"https:\/\/canal7slp.tv\/2026\/wp-json\/wp\/v2\/media\/183017"}],"wp:attachment":[{"href":"https:\/\/canal7slp.tv\/2026\/wp-json\/wp\/v2\/media?parent=182987"}],"wp:term":[{"taxonomy":"category","embeddable":true,"href":"https:\/\/canal7slp.tv\/2026\/wp-json\/wp\/v2\/categories?post=182987"},{"taxonomy":"post_tag","embeddable":true,"href":"https:\/\/canal7slp.tv\/2026\/wp-json\/wp\/v2\/tags?post=182987"}],"curies":[{"name":"wp","href":"https:\/\/api.w.org\/{rel}","templated":true}]}}