{"id":182985,"date":"2025-10-29T12:29:09","date_gmt":"2025-10-29T18:29:09","guid":{"rendered":"https:\/\/canal7slp.tv\/2026\/?p=182985"},"modified":"2025-10-29T12:29:09","modified_gmt":"2025-10-29T18:29:09","slug":"se-solidariza-alumnado-de-facultad-de-agronomia-ante-hechos-registrados-en-derecho","status":"publish","type":"post","link":"https:\/\/canal7slp.tv\/2026\/se-solidariza-alumnado-de-facultad-de-agronomia-ante-hechos-registrados-en-derecho\/","title":{"rendered":"Se solidariza alumnado de Facultad de Agronom\u00eda ante hechos registrados en Derecho"},"content":{"rendered":"<p style=\"text-align: justify;\"><span style=\"font-size: 1.21429rem;\">SLP.- La ma\u00f1ana de este jueves alumnos de la Facultad de Agronom\u00eda y Veterinaria de la Universidad Aut\u00f3noma de San Luis Potos\u00ed hicieron un paro total de actividades, en solidaridad con los hechos ocurridos en la Facultad de Derecho.<\/span><\/p>\n<p style=\"text-align: justify;\">En la reja de la entrada principal del plantel colocaron cartulinas en donde expresaron su repudio hacia las autoridades universitarias, adem\u00e1s de que colocaron cadenas con candados para impedir el acceso.<\/p>\n<p style=\"text-align: justify;\">Sin embargo, aunque fue un paro solidario hubo versiones en el sentido de que tambi\u00e9n en esta Facultad hay una denuncia por acoso contra alumnas, por parte de un profesor identificado como Camilo \u201cN\u201d y quien presuntamente, ha sido acusado en reiteradas ocasiones por conductas inapropiadas.<\/p>\n<p style=\"text-align: justify;\">Al intentar entrevistarlos para conocer de viva voz sobre esta versiones se negaron a emitir declaraciones sobre este paro de actividades.<\/p>\n<p style=\"text-align: justify;\">Alumno de la Facultad de Agronom\u00eda UASLP<\/p>\n<p>Por: Claudio Ibarra<\/p>\n","protected":false},"excerpt":{"rendered":"<p>SLP.- La ma\u00f1ana de este jueves alumnos de la Facultad de Agronom\u00eda y Veterinaria de la Universidad Aut\u00f3noma de San Luis Potos\u00ed hicieron un paro total de actividades, en solidaridad con los hechos ocurridos en la Facultad de Derecho. En la reja de la entrada principal del plantel colocaron cartulinas en donde expresaron su repudio hacia las autoridades universitarias, adem\u00e1s de que colocaron cadenas con candados para impedir el acceso. Sin embargo, aunque fue un paro solidario hubo versiones en el sentido de que tambi\u00e9n en esta Facultad hay una denuncia por acoso contra alumnas, por parte de un profesor [&hellip;]<\/p>\n","protected":false},"author":2,"featured_media":183015,"comment_status":"closed","ping_status":"closed","sticky":false,"template":"","format":"video","meta":{"_monsterinsights_skip_tracking":false,"_monsterinsights_sitenote_active":false,"_monsterinsights_sitenote_note":"","_monsterinsights_sitenote_category":0,"footnotes":""},"categories":[5,45],"tags":[],"class_list":["post-182985","post","type-post","status-publish","format-video","has-post-thumbnail","hentry","category-destacadas","category-localesyregionales","post_format-post-format-video","post--single"],"_links":{"self":[{"href":"https:\/\/canal7slp.tv\/2026\/wp-json\/wp\/v2\/posts\/182985","targetHints":{"allow":["GET"]}}],"collection":[{"href":"https:\/\/canal7slp.tv\/2026\/wp-json\/wp\/v2\/posts"}],"about":[{"href":"https:\/\/canal7slp.tv\/2026\/wp-json\/wp\/v2\/types\/post"}],"author":[{"embeddable":true,"href":"https:\/\/canal7slp.tv\/2026\/wp-json\/wp\/v2\/users\/2"}],"replies":[{"embeddable":true,"href":"https:\/\/canal7slp.tv\/2026\/wp-json\/wp\/v2\/comments?post=182985"}],"version-history":[{"count":2,"href":"https:\/\/canal7slp.tv\/2026\/wp-json\/wp\/v2\/posts\/182985\/revisions"}],"predecessor-version":[{"id":183415,"href":"https:\/\/canal7slp.tv\/2026\/wp-json\/wp\/v2\/posts\/182985\/revisions\/183415"}],"wp:featuredmedia":[{"embeddable":true,"href":"https:\/\/canal7slp.tv\/2026\/wp-json\/wp\/v2\/media\/183015"}],"wp:attachment":[{"href":"https:\/\/canal7slp.tv\/2026\/wp-json\/wp\/v2\/media?parent=182985"}],"wp:term":[{"taxonomy":"category","embeddable":true,"href":"https:\/\/canal7slp.tv\/2026\/wp-json\/wp\/v2\/categories?post=182985"},{"taxonomy":"post_tag","embeddable":true,"href":"https:\/\/canal7slp.tv\/2026\/wp-json\/wp\/v2\/tags?post=182985"}],"curies":[{"name":"wp","href":"https:\/\/api.w.org\/{rel}","templated":true}]}}