{"id":182978,"date":"2025-10-29T12:26:03","date_gmt":"2025-10-29T18:26:03","guid":{"rendered":"https:\/\/canal7slp.tv\/2026\/?p=182978"},"modified":"2025-10-29T12:26:03","modified_gmt":"2025-10-29T18:26:03","slug":"tasa-cero-objetivo-en-negociacion-del-t-mec-ipac","status":"publish","type":"post","link":"https:\/\/canal7slp.tv\/2026\/tasa-cero-objetivo-en-negociacion-del-t-mec-ipac\/","title":{"rendered":"Tasa cero, objetivo en negociaci\u00f3n del T-MEC: IPAC"},"content":{"rendered":"<p style=\"text-align: justify;\">SLP.- La meta de las discusiones preliminares del Tratado M\u00e9xico, Estados Unidos de Am\u00e9rica y Canad\u00e1 debe de ser una tasa cero a productos exportados de nuestro pa\u00eds a los vecinos del norte asegur\u00f3 el presidente de Industriales Potosinos Asociaci\u00f3n Civil, Rodrigo S\u00e1nchez Espinosa.<\/p>\n<p style=\"text-align: justify;\">\u201cEl objetivo s\u00ed ser\u00eda una tasa cero para los bienes originarios de la regi\u00f3n, que compartamos esa tasa cero\u201d.<\/p>\n<p style=\"text-align: justify;\">Vaticin\u00f3 que los art\u00edculos importados de Asia seguramente mantendr\u00e1n altos aranceles.<\/p>\n<p style=\"text-align: justify;\">\u201cSin duda va a haber presiones por parte del Gobierno de Estados Unidos de que tengamos tasas importantes de los art\u00edculos importados, sobre todo de Asia, en espec\u00edfico de China, pero el objetivo sin duda del pa\u00eds ser\u00e1 quedar bien integrado a la regi\u00f3n de Norteam\u00e9rica con esa tasa cero y con ese intercambio de mercanc\u00eda como lo tenemos al d\u00eda de hoy\u201d.<\/p>\n<p style=\"text-align: justify;\">Consider\u00f3 que la revisi\u00f3n del T-MEC deber\u00e1 ser integral.<\/p>\n<p style=\"text-align: justify;\">\u201cYo hablar\u00eda de lo m\u00e1s realista que va a ser, lo m\u00e1s realista es estar preparados para una revisi\u00f3n completa\u201d.<\/p>\n<p style=\"text-align: justify;\">Uno de los puntos que deber\u00e1 mantenerse es el contenido regional de los componentes.<\/p>\n<p style=\"text-align: justify;\">\u201cYa irnos a unos porcentajes m\u00e1s altos pudiera causar que en vez de ayudar a la industria de la regi\u00f3n ya no se logre cumplir con esos porcentajes (\u2026) es que hay cosas que no se pueden fabricar en los pa\u00edses\u201d.<\/p>\n<p style=\"text-align: justify;\">La revisi\u00f3n del T-MEC est\u00e1 prevista para el mes de julio de 2026 entre las tres naciones y se espera que las negociaciones sean bilaterales.<\/p>\n<p>Por: Juan Carlos Contreras<\/p>\n","protected":false},"excerpt":{"rendered":"<p>SLP.- La meta de las discusiones preliminares del Tratado M\u00e9xico, Estados Unidos de Am\u00e9rica y Canad\u00e1 debe de ser una tasa cero a productos exportados de nuestro pa\u00eds a los vecinos del norte asegur\u00f3 el presidente de Industriales Potosinos Asociaci\u00f3n Civil, Rodrigo S\u00e1nchez Espinosa. \u201cEl objetivo s\u00ed ser\u00eda una tasa cero para los bienes originarios de la regi\u00f3n, que compartamos esa tasa cero\u201d. Vaticin\u00f3 que los art\u00edculos importados de Asia seguramente mantendr\u00e1n altos aranceles. \u201cSin duda va a haber presiones por parte del Gobierno de Estados Unidos de que tengamos tasas importantes de los art\u00edculos importados, sobre todo de Asia, [&hellip;]<\/p>\n","protected":false},"author":2,"featured_media":183006,"comment_status":"closed","ping_status":"closed","sticky":false,"template":"","format":"video","meta":{"_monsterinsights_skip_tracking":false,"_monsterinsights_sitenote_active":false,"_monsterinsights_sitenote_note":"","_monsterinsights_sitenote_category":0,"footnotes":""},"categories":[5,45],"tags":[],"class_list":["post-182978","post","type-post","status-publish","format-video","has-post-thumbnail","hentry","category-destacadas","category-localesyregionales","post_format-post-format-video","post--single"],"_links":{"self":[{"href":"https:\/\/canal7slp.tv\/2026\/wp-json\/wp\/v2\/posts\/182978","targetHints":{"allow":["GET"]}}],"collection":[{"href":"https:\/\/canal7slp.tv\/2026\/wp-json\/wp\/v2\/posts"}],"about":[{"href":"https:\/\/canal7slp.tv\/2026\/wp-json\/wp\/v2\/types\/post"}],"author":[{"embeddable":true,"href":"https:\/\/canal7slp.tv\/2026\/wp-json\/wp\/v2\/users\/2"}],"replies":[{"embeddable":true,"href":"https:\/\/canal7slp.tv\/2026\/wp-json\/wp\/v2\/comments?post=182978"}],"version-history":[{"count":2,"href":"https:\/\/canal7slp.tv\/2026\/wp-json\/wp\/v2\/posts\/182978\/revisions"}],"predecessor-version":[{"id":183413,"href":"https:\/\/canal7slp.tv\/2026\/wp-json\/wp\/v2\/posts\/182978\/revisions\/183413"}],"wp:featuredmedia":[{"embeddable":true,"href":"https:\/\/canal7slp.tv\/2026\/wp-json\/wp\/v2\/media\/183006"}],"wp:attachment":[{"href":"https:\/\/canal7slp.tv\/2026\/wp-json\/wp\/v2\/media?parent=182978"}],"wp:term":[{"taxonomy":"category","embeddable":true,"href":"https:\/\/canal7slp.tv\/2026\/wp-json\/wp\/v2\/categories?post=182978"},{"taxonomy":"post_tag","embeddable":true,"href":"https:\/\/canal7slp.tv\/2026\/wp-json\/wp\/v2\/tags?post=182978"}],"curies":[{"name":"wp","href":"https:\/\/api.w.org\/{rel}","templated":true}]}}