{"id":182973,"date":"2025-10-23T16:53:51","date_gmt":"2025-10-23T22:53:51","guid":{"rendered":"https:\/\/canal7slp.tv\/2026\/?p=182973"},"modified":"2025-10-23T16:53:51","modified_gmt":"2025-10-23T22:53:51","slug":"asesinan-a-empresario-citricola-en-veracruz","status":"publish","type":"post","link":"https:\/\/canal7slp.tv\/2026\/asesinan-a-empresario-citricola-en-veracruz\/","title":{"rendered":"Asesinan a empresario citr\u00edcola en Veracruz"},"content":{"rendered":"<p style=\"text-align: justify;\">\u00c1lamo.- Un empresario del sector citr\u00edcola fue asesinado la ma\u00f1ana de este jueves en el municipio de \u00c1lamo, al norte del estado de Veracruz. La v\u00edctima fue identificada como Javier Vargas Arias.<\/p>\n<p style=\"text-align: justify;\">De acuerdo con los primeros reportes, un grupo armado con equipo t\u00e1ctico abri\u00f3 fuego contra el empresario en plena v\u00eda p\u00fablica.<\/p>\n<p style=\"text-align: justify;\">Vargas Arias fue trasladado con heridas de gravedad al Hospital General de \u00c1lamo, donde perdi\u00f3 la vida minutos despu\u00e9s.<\/p>\n<p style=\"text-align: justify;\">Tras el ataque, los agresores huyeron a bordo de una camioneta, lo que deriv\u00f3 en un operativo de b\u00fasqueda coordinado por fuerzas de seguridad estatales y federales, sin que hasta el momento se haya reportado la detenci\u00f3n de los responsables.<\/p>\n<p style=\"text-align: justify;\">La Fiscal\u00eda General del Estado de Veracruz inici\u00f3 una carpeta de investigaci\u00f3n para esclarecer las circunstancias del homicidio y determinar el m\u00f3vil del ataque.<\/p>\n<p style=\"text-align: justify;\">El crimen ocurre pocos d\u00edas despu\u00e9s del asesinato de Bernardo Bravo Manr\u00edquez, presidente de la Asociaci\u00f3n de Citricultores del Valle de Apatzing\u00e1n, en Michoac\u00e1n, tambi\u00e9n v\u00edctima de un ataque armado en una zona vinculada con grupos delictivos.<\/p>\n","protected":false},"excerpt":{"rendered":"<p>\u00c1lamo.- Un empresario del sector citr\u00edcola fue asesinado la ma\u00f1ana de este jueves en el municipio de \u00c1lamo, al norte del estado de Veracruz. La v\u00edctima fue identificada como Javier Vargas Arias. De acuerdo con los primeros reportes, un grupo armado con equipo t\u00e1ctico abri\u00f3 fuego contra el empresario en plena v\u00eda p\u00fablica. Vargas Arias fue trasladado con heridas de gravedad al Hospital General de \u00c1lamo, donde perdi\u00f3 la vida minutos despu\u00e9s. Tras el ataque, los agresores huyeron a bordo de una camioneta, lo que deriv\u00f3 en un operativo de b\u00fasqueda coordinado por fuerzas de seguridad estatales y federales, sin [&hellip;]<\/p>\n","protected":false},"author":2,"featured_media":182974,"comment_status":"closed","ping_status":"closed","sticky":false,"template":"","format":"standard","meta":{"_monsterinsights_skip_tracking":false,"_monsterinsights_sitenote_active":false,"_monsterinsights_sitenote_note":"","_monsterinsights_sitenote_category":0,"footnotes":""},"categories":[46],"tags":[],"class_list":["post-182973","post","type-post","status-publish","format-standard","has-post-thumbnail","hentry","category-nacional","post--single"],"_links":{"self":[{"href":"https:\/\/canal7slp.tv\/2026\/wp-json\/wp\/v2\/posts\/182973","targetHints":{"allow":["GET"]}}],"collection":[{"href":"https:\/\/canal7slp.tv\/2026\/wp-json\/wp\/v2\/posts"}],"about":[{"href":"https:\/\/canal7slp.tv\/2026\/wp-json\/wp\/v2\/types\/post"}],"author":[{"embeddable":true,"href":"https:\/\/canal7slp.tv\/2026\/wp-json\/wp\/v2\/users\/2"}],"replies":[{"embeddable":true,"href":"https:\/\/canal7slp.tv\/2026\/wp-json\/wp\/v2\/comments?post=182973"}],"version-history":[{"count":1,"href":"https:\/\/canal7slp.tv\/2026\/wp-json\/wp\/v2\/posts\/182973\/revisions"}],"predecessor-version":[{"id":182975,"href":"https:\/\/canal7slp.tv\/2026\/wp-json\/wp\/v2\/posts\/182973\/revisions\/182975"}],"wp:featuredmedia":[{"embeddable":true,"href":"https:\/\/canal7slp.tv\/2026\/wp-json\/wp\/v2\/media\/182974"}],"wp:attachment":[{"href":"https:\/\/canal7slp.tv\/2026\/wp-json\/wp\/v2\/media?parent=182973"}],"wp:term":[{"taxonomy":"category","embeddable":true,"href":"https:\/\/canal7slp.tv\/2026\/wp-json\/wp\/v2\/categories?post=182973"},{"taxonomy":"post_tag","embeddable":true,"href":"https:\/\/canal7slp.tv\/2026\/wp-json\/wp\/v2\/tags?post=182973"}],"curies":[{"name":"wp","href":"https:\/\/api.w.org\/{rel}","templated":true}]}}