{"id":182970,"date":"2025-10-23T16:45:49","date_gmt":"2025-10-23T22:45:49","guid":{"rendered":"https:\/\/canal7slp.tv\/2026\/?p=182970"},"modified":"2025-10-23T16:45:49","modified_gmt":"2025-10-23T22:45:49","slug":"papa-leon-xiv-cuestiona-el-endurecimiento-de-las-politicas-migratorias","status":"publish","type":"post","link":"https:\/\/canal7slp.tv\/2026\/papa-leon-xiv-cuestiona-el-endurecimiento-de-las-politicas-migratorias\/","title":{"rendered":"Papa Le\u00f3n XIV cuestiona el endurecimiento de las pol\u00edticas migratorias"},"content":{"rendered":"<p style=\"text-align: justify;\">El Vaticano.- El Papa Le\u00f3n XIV se pronunci\u00f3 sobre las pol\u00edticas de control migratorio durante su participaci\u00f3n en el V Encuentro Mundial de los Movimientos Populares, celebrado en el Vaticano.<\/p>\n<p style=\"text-align: justify;\">El pont\u00edfice advirti\u00f3 que, si bien los Estados tienen derecho a proteger sus fronteras, algunas de las medidas aplicadas resultan \u201ccada vez m\u00e1s inhumanas\u201d hacia las personas migrantes.<\/p>\n<p style=\"text-align: justify;\">En su discurso, el Papa subray\u00f3 que cuando se vulneran los derechos de migrantes en situaci\u00f3n de vulnerabilidad no se ejerce la soberan\u00eda nacional de manera leg\u00edtima, sino que se cometen o toleran graves delitos por parte del Estado.<\/p>\n<p style=\"text-align: justify;\">A\u00f1adi\u00f3 que, en algunos casos, estas acciones incluso son \u201ccelebradas pol\u00edticamente\u201d, lo que calific\u00f3 como un signo preocupante de indiferencia moral.<\/p>\n<p style=\"text-align: justify;\">El l\u00edder de la Iglesia Cat\u00f3lica hizo un llamado a equilibrar la seguridad fronteriza con la obligaci\u00f3n \u00e9tica de brindar refugio, recordando los principios cristianos de fraternidad y solidaridad humana.<\/p>\n<p style=\"text-align: justify;\">El encuentro reuni\u00f3 a representantes de sindicatos, cooperativas y organizaciones sociales de distintos pa\u00edses, y dio continuidad al di\u00e1logo iniciado en 2014 por su antecesor, el Papa Francisco.<\/p>\n","protected":false},"excerpt":{"rendered":"<p>El Vaticano.- El Papa Le\u00f3n XIV se pronunci\u00f3 sobre las pol\u00edticas de control migratorio durante su participaci\u00f3n en el V Encuentro Mundial de los Movimientos Populares, celebrado en el Vaticano. El pont\u00edfice advirti\u00f3 que, si bien los Estados tienen derecho a proteger sus fronteras, algunas de las medidas aplicadas resultan \u201ccada vez m\u00e1s inhumanas\u201d hacia las personas migrantes. En su discurso, el Papa subray\u00f3 que cuando se vulneran los derechos de migrantes en situaci\u00f3n de vulnerabilidad no se ejerce la soberan\u00eda nacional de manera leg\u00edtima, sino que se cometen o toleran graves delitos por parte del Estado. A\u00f1adi\u00f3 que, en [&hellip;]<\/p>\n","protected":false},"author":2,"featured_media":182971,"comment_status":"closed","ping_status":"closed","sticky":false,"template":"","format":"standard","meta":{"_monsterinsights_skip_tracking":false,"_monsterinsights_sitenote_active":false,"_monsterinsights_sitenote_note":"","_monsterinsights_sitenote_category":0,"footnotes":""},"categories":[44],"tags":[],"class_list":["post-182970","post","type-post","status-publish","format-standard","has-post-thumbnail","hentry","category-internacional","post--single"],"_links":{"self":[{"href":"https:\/\/canal7slp.tv\/2026\/wp-json\/wp\/v2\/posts\/182970","targetHints":{"allow":["GET"]}}],"collection":[{"href":"https:\/\/canal7slp.tv\/2026\/wp-json\/wp\/v2\/posts"}],"about":[{"href":"https:\/\/canal7slp.tv\/2026\/wp-json\/wp\/v2\/types\/post"}],"author":[{"embeddable":true,"href":"https:\/\/canal7slp.tv\/2026\/wp-json\/wp\/v2\/users\/2"}],"replies":[{"embeddable":true,"href":"https:\/\/canal7slp.tv\/2026\/wp-json\/wp\/v2\/comments?post=182970"}],"version-history":[{"count":1,"href":"https:\/\/canal7slp.tv\/2026\/wp-json\/wp\/v2\/posts\/182970\/revisions"}],"predecessor-version":[{"id":182972,"href":"https:\/\/canal7slp.tv\/2026\/wp-json\/wp\/v2\/posts\/182970\/revisions\/182972"}],"wp:featuredmedia":[{"embeddable":true,"href":"https:\/\/canal7slp.tv\/2026\/wp-json\/wp\/v2\/media\/182971"}],"wp:attachment":[{"href":"https:\/\/canal7slp.tv\/2026\/wp-json\/wp\/v2\/media?parent=182970"}],"wp:term":[{"taxonomy":"category","embeddable":true,"href":"https:\/\/canal7slp.tv\/2026\/wp-json\/wp\/v2\/categories?post=182970"},{"taxonomy":"post_tag","embeddable":true,"href":"https:\/\/canal7slp.tv\/2026\/wp-json\/wp\/v2\/tags?post=182970"}],"curies":[{"name":"wp","href":"https:\/\/api.w.org\/{rel}","templated":true}]}}