{"id":182964,"date":"2025-10-23T16:08:32","date_gmt":"2025-10-23T22:08:32","guid":{"rendered":"https:\/\/canal7slp.tv\/2026\/?p=182964"},"modified":"2025-10-23T16:08:32","modified_gmt":"2025-10-23T22:08:32","slug":"mexico-y-eua-anunciaran-acuerdos-en-seguridad-fentanilo-y-comercio-en-noviembre","status":"publish","type":"post","link":"https:\/\/canal7slp.tv\/2026\/mexico-y-eua-anunciaran-acuerdos-en-seguridad-fentanilo-y-comercio-en-noviembre\/","title":{"rendered":"M\u00e9xico y EUA anunciar\u00e1n acuerdos en seguridad, fentanilo y comercio en noviembre"},"content":{"rendered":"<p style=\"text-align: justify;\">M\u00e9xico.- El subsecretario de Comercio Exterior, Luis Rosendo Guti\u00e9rrez Romano, inform\u00f3 que durante los primeros d\u00edas de noviembre se dar\u00e1n a conocer acuerdos entre M\u00e9xico y Estados Unidos en materia de seguridad, combate al fentanilo, migraci\u00f3n y comercio.<\/p>\n<p style=\"text-align: justify;\">Los convenios, resultado de noventa d\u00edas de negociaciones con autoridades estadounidenses, ser\u00e1n presentados por la presidenta Claudia Sheinbaum.<\/p>\n<p style=\"text-align: justify;\">La formalizaci\u00f3n de los acuerdos est\u00e1 prevista para la cumbre del Foro de Cooperaci\u00f3n Econ\u00f3mica Asia-Pac\u00edfico (APEC), que se realizar\u00e1 del 31 de octubre al 1 de noviembre en Corea del Sur.<\/p>\n<p style=\"text-align: justify;\">Durante su participaci\u00f3n en el Global Investors Symposium del Milken Institute, el funcionario afirm\u00f3 que la revisi\u00f3n del Tratado entre M\u00e9xico, Estados Unidos y Canad\u00e1 (T-MEC) avanza de manera positiva.<\/p>\n<p style=\"text-align: justify;\">Destac\u00f3 que el di\u00e1logo entre los tres pa\u00edses es constante y que existe compromiso para mejorar procesos y homologar criterios t\u00e9cnicos en materia comercial.<\/p>\n","protected":false},"excerpt":{"rendered":"<p>M\u00e9xico.- El subsecretario de Comercio Exterior, Luis Rosendo Guti\u00e9rrez Romano, inform\u00f3 que durante los primeros d\u00edas de noviembre se dar\u00e1n a conocer acuerdos entre M\u00e9xico y Estados Unidos en materia de seguridad, combate al fentanilo, migraci\u00f3n y comercio. Los convenios, resultado de noventa d\u00edas de negociaciones con autoridades estadounidenses, ser\u00e1n presentados por la presidenta Claudia Sheinbaum. La formalizaci\u00f3n de los acuerdos est\u00e1 prevista para la cumbre del Foro de Cooperaci\u00f3n Econ\u00f3mica Asia-Pac\u00edfico (APEC), que se realizar\u00e1 del 31 de octubre al 1 de noviembre en Corea del Sur. Durante su participaci\u00f3n en el Global Investors Symposium del Milken Institute, el [&hellip;]<\/p>\n","protected":false},"author":2,"featured_media":182965,"comment_status":"closed","ping_status":"closed","sticky":false,"template":"","format":"standard","meta":{"_monsterinsights_skip_tracking":false,"_monsterinsights_sitenote_active":false,"_monsterinsights_sitenote_note":"","_monsterinsights_sitenote_category":0,"footnotes":""},"categories":[40,46],"tags":[],"class_list":["post-182964","post","type-post","status-publish","format-standard","has-post-thumbnail","hentry","category-economia","category-nacional","post--single"],"_links":{"self":[{"href":"https:\/\/canal7slp.tv\/2026\/wp-json\/wp\/v2\/posts\/182964","targetHints":{"allow":["GET"]}}],"collection":[{"href":"https:\/\/canal7slp.tv\/2026\/wp-json\/wp\/v2\/posts"}],"about":[{"href":"https:\/\/canal7slp.tv\/2026\/wp-json\/wp\/v2\/types\/post"}],"author":[{"embeddable":true,"href":"https:\/\/canal7slp.tv\/2026\/wp-json\/wp\/v2\/users\/2"}],"replies":[{"embeddable":true,"href":"https:\/\/canal7slp.tv\/2026\/wp-json\/wp\/v2\/comments?post=182964"}],"version-history":[{"count":1,"href":"https:\/\/canal7slp.tv\/2026\/wp-json\/wp\/v2\/posts\/182964\/revisions"}],"predecessor-version":[{"id":182966,"href":"https:\/\/canal7slp.tv\/2026\/wp-json\/wp\/v2\/posts\/182964\/revisions\/182966"}],"wp:featuredmedia":[{"embeddable":true,"href":"https:\/\/canal7slp.tv\/2026\/wp-json\/wp\/v2\/media\/182965"}],"wp:attachment":[{"href":"https:\/\/canal7slp.tv\/2026\/wp-json\/wp\/v2\/media?parent=182964"}],"wp:term":[{"taxonomy":"category","embeddable":true,"href":"https:\/\/canal7slp.tv\/2026\/wp-json\/wp\/v2\/categories?post=182964"},{"taxonomy":"post_tag","embeddable":true,"href":"https:\/\/canal7slp.tv\/2026\/wp-json\/wp\/v2\/tags?post=182964"}],"curies":[{"name":"wp","href":"https:\/\/api.w.org\/{rel}","templated":true}]}}