{"id":182899,"date":"2025-10-29T10:45:17","date_gmt":"2025-10-29T16:45:17","guid":{"rendered":"https:\/\/canal7slp.tv\/2026\/?p=182899"},"modified":"2025-10-29T10:45:17","modified_gmt":"2025-10-29T16:45:17","slug":"exigen-taxistas-operativos-contra-el-pirataje-y-unidades-que-operan-con-plataformas","status":"publish","type":"post","link":"https:\/\/canal7slp.tv\/2026\/exigen-taxistas-operativos-contra-el-pirataje-y-unidades-que-operan-con-plataformas\/","title":{"rendered":"Exigen taxistas operativos contra el pirataje y unidades que operan con plataformas"},"content":{"rendered":"<p style=\"text-align: justify;\"><span style=\"font-size: 1.21429rem;\">SLP.- Un grupo de taxistas se manifest\u00f3 frente a la sede del Congreso del Estado en la calle de Vallejo en donde en esos momentos comparec\u00eda la titular de la Secretar\u00eda de Comunicaciones y Transportes, Araceli Mart\u00ednez Acosta.<\/span><\/p>\n<p style=\"text-align: justify;\">Exigieron la destituci\u00f3n de la funcionaria estatal asi como la aplicaci\u00f3n de operativos en contra del pirataje en el taxismo, incluyendo a los servicios por plataforma.<\/p>\n<p style=\"text-align: justify;\">Los taxistas inconformes exig\u00edan hablar con la titular de la SCT pero un grupo de elementos de la Guardia Civil Estatal les impidi\u00f3 la entrada.<\/p>\n<p style=\"text-align: justify;\">Ante ello, los trabajadores del volante bloquearon calles aleda\u00f1as al recinto legislativo ante el enojo de los automovilistas.<\/p>\n<p style=\"text-align: justify;\">Por: Claudio Ibarra<\/p>\n","protected":false},"excerpt":{"rendered":"<p>SLP.- Un grupo de taxistas se manifest\u00f3 frente a la sede del Congreso del Estado en la calle de Vallejo en donde en esos momentos comparec\u00eda la titular de la Secretar\u00eda de Comunicaciones y Transportes, Araceli Mart\u00ednez Acosta. Exigieron la destituci\u00f3n de la funcionaria estatal asi como la aplicaci\u00f3n de operativos en contra del pirataje en el taxismo, incluyendo a los servicios por plataforma. Los taxistas inconformes exig\u00edan hablar con la titular de la SCT pero un grupo de elementos de la Guardia Civil Estatal les impidi\u00f3 la entrada. Ante ello, los trabajadores del volante bloquearon calles aleda\u00f1as al recinto [&hellip;]<\/p>\n","protected":false},"author":2,"featured_media":182911,"comment_status":"closed","ping_status":"closed","sticky":false,"template":"","format":"video","meta":{"_monsterinsights_skip_tracking":false,"_monsterinsights_sitenote_active":false,"_monsterinsights_sitenote_note":"","_monsterinsights_sitenote_category":0,"footnotes":""},"categories":[5,45],"tags":[],"class_list":["post-182899","post","type-post","status-publish","format-video","has-post-thumbnail","hentry","category-destacadas","category-localesyregionales","post_format-post-format-video","post--single"],"_links":{"self":[{"href":"https:\/\/canal7slp.tv\/2026\/wp-json\/wp\/v2\/posts\/182899","targetHints":{"allow":["GET"]}}],"collection":[{"href":"https:\/\/canal7slp.tv\/2026\/wp-json\/wp\/v2\/posts"}],"about":[{"href":"https:\/\/canal7slp.tv\/2026\/wp-json\/wp\/v2\/types\/post"}],"author":[{"embeddable":true,"href":"https:\/\/canal7slp.tv\/2026\/wp-json\/wp\/v2\/users\/2"}],"replies":[{"embeddable":true,"href":"https:\/\/canal7slp.tv\/2026\/wp-json\/wp\/v2\/comments?post=182899"}],"version-history":[{"count":2,"href":"https:\/\/canal7slp.tv\/2026\/wp-json\/wp\/v2\/posts\/182899\/revisions"}],"predecessor-version":[{"id":183410,"href":"https:\/\/canal7slp.tv\/2026\/wp-json\/wp\/v2\/posts\/182899\/revisions\/183410"}],"wp:featuredmedia":[{"embeddable":true,"href":"https:\/\/canal7slp.tv\/2026\/wp-json\/wp\/v2\/media\/182911"}],"wp:attachment":[{"href":"https:\/\/canal7slp.tv\/2026\/wp-json\/wp\/v2\/media?parent=182899"}],"wp:term":[{"taxonomy":"category","embeddable":true,"href":"https:\/\/canal7slp.tv\/2026\/wp-json\/wp\/v2\/categories?post=182899"},{"taxonomy":"post_tag","embeddable":true,"href":"https:\/\/canal7slp.tv\/2026\/wp-json\/wp\/v2\/tags?post=182899"}],"curies":[{"name":"wp","href":"https:\/\/api.w.org\/{rel}","templated":true}]}}