{"id":182773,"date":"2025-10-27T13:03:34","date_gmt":"2025-10-27T19:03:34","guid":{"rendered":"https:\/\/canal7slp.tv\/2026\/?p=182773"},"modified":"2025-10-27T13:03:34","modified_gmt":"2025-10-27T19:03:34","slug":"pide-fup-medidas-mas-eficientes-de-seguridad-en-la-uaslp","status":"publish","type":"post","link":"https:\/\/canal7slp.tv\/2026\/pide-fup-medidas-mas-eficientes-de-seguridad-en-la-uaslp\/","title":{"rendered":"Pide FUP medidas m\u00e1s eficientes de seguridad en la UASLP"},"content":{"rendered":"<p style=\"text-align: justify;\"><span style=\"font-size: 1.21429rem;\">SLP.- La presidenta de la Federaci\u00f3n Universitaria Potosina Daniela Jonguitud Torres afirm\u00f3 que las personas se\u00f1aladas en el caso de una presunta violaci\u00f3n al interior de la Facultad de Derecho, no pertenecen a esta organizaci\u00f3n estudiantil.<\/span><\/p>\n<p style=\"text-align: justify;\">La dirigente estudiantil dijo adem\u00e1s que no conoce a las personas involucradas en este caso al afirmar que la destituci\u00f3n de la titular de la Defensor\u00eda de los Derechos Universitarios y la renuncia del director de la Facultad de Derecho, no son medidas suficientes al decir que su principal exigencia es que se garantice la seguridad de la comunidad universitaria.<\/p>\n<p style=\"text-align: justify;\">La presidenta de la FUP afirm\u00f3 que no se encubrir\u00e1 a nadie que est\u00e9 involucrado en esta agresi\u00f3n al asegurar que ella misma, ha participado en las reuniones que se han tenido con la vicefiscal\u00eda general del estado.<\/p>\n<p>Por. Claudio Ibarra<\/p>\n","protected":false},"excerpt":{"rendered":"<p>SLP.- La presidenta de la Federaci\u00f3n Universitaria Potosina Daniela Jonguitud Torres afirm\u00f3 que las personas se\u00f1aladas en el caso de una presunta violaci\u00f3n al interior de la Facultad de Derecho, no pertenecen a esta organizaci\u00f3n estudiantil. La dirigente estudiantil dijo adem\u00e1s que no conoce a las personas involucradas en este caso al afirmar que la destituci\u00f3n de la titular de la Defensor\u00eda de los Derechos Universitarios y la renuncia del director de la Facultad de Derecho, no son medidas suficientes al decir que su principal exigencia es que se garantice la seguridad de la comunidad universitaria. La presidenta de la [&hellip;]<\/p>\n","protected":false},"author":2,"featured_media":182795,"comment_status":"closed","ping_status":"closed","sticky":false,"template":"","format":"video","meta":{"_monsterinsights_skip_tracking":false,"_monsterinsights_sitenote_active":false,"_monsterinsights_sitenote_note":"","_monsterinsights_sitenote_category":0,"footnotes":""},"categories":[5,45],"tags":[],"class_list":["post-182773","post","type-post","status-publish","format-video","has-post-thumbnail","hentry","category-destacadas","category-localesyregionales","post_format-post-format-video","post--single"],"_links":{"self":[{"href":"https:\/\/canal7slp.tv\/2026\/wp-json\/wp\/v2\/posts\/182773","targetHints":{"allow":["GET"]}}],"collection":[{"href":"https:\/\/canal7slp.tv\/2026\/wp-json\/wp\/v2\/posts"}],"about":[{"href":"https:\/\/canal7slp.tv\/2026\/wp-json\/wp\/v2\/types\/post"}],"author":[{"embeddable":true,"href":"https:\/\/canal7slp.tv\/2026\/wp-json\/wp\/v2\/users\/2"}],"replies":[{"embeddable":true,"href":"https:\/\/canal7slp.tv\/2026\/wp-json\/wp\/v2\/comments?post=182773"}],"version-history":[{"count":2,"href":"https:\/\/canal7slp.tv\/2026\/wp-json\/wp\/v2\/posts\/182773\/revisions"}],"predecessor-version":[{"id":183223,"href":"https:\/\/canal7slp.tv\/2026\/wp-json\/wp\/v2\/posts\/182773\/revisions\/183223"}],"wp:featuredmedia":[{"embeddable":true,"href":"https:\/\/canal7slp.tv\/2026\/wp-json\/wp\/v2\/media\/182795"}],"wp:attachment":[{"href":"https:\/\/canal7slp.tv\/2026\/wp-json\/wp\/v2\/media?parent=182773"}],"wp:term":[{"taxonomy":"category","embeddable":true,"href":"https:\/\/canal7slp.tv\/2026\/wp-json\/wp\/v2\/categories?post=182773"},{"taxonomy":"post_tag","embeddable":true,"href":"https:\/\/canal7slp.tv\/2026\/wp-json\/wp\/v2\/tags?post=182773"}],"curies":[{"name":"wp","href":"https:\/\/api.w.org\/{rel}","templated":true}]}}