{"id":182772,"date":"2025-10-27T13:02:45","date_gmt":"2025-10-27T19:02:45","guid":{"rendered":"https:\/\/canal7slp.tv\/2026\/?p=182772"},"modified":"2025-10-27T13:02:45","modified_gmt":"2025-10-27T19:02:45","slug":"cero-tolerancia-a-expresiones-de-violencia-advierte-uaslp-con-expulsion-de-dos-estudiantes-y-cambios-internos","status":"publish","type":"post","link":"https:\/\/canal7slp.tv\/2026\/cero-tolerancia-a-expresiones-de-violencia-advierte-uaslp-con-expulsion-de-dos-estudiantes-y-cambios-internos\/","title":{"rendered":"Cero tolerancia a expresiones de violencia, advierte UASLP con expulsi\u00f3n de dos estudiantes y cambios internos"},"content":{"rendered":"<p style=\"text-align: justify;\"><span style=\"font-size: 1.21429rem;\">SLP.- En torno al caso de una presunta violaci\u00f3n al interior de la Facultad de Derecho de la Universidad Aut\u00f3noma de San Luis Potos\u00ed, la abogada general de la m\u00e1xima casa de estudios dio a conocer la expulsi\u00f3n definitiva de dos estudiantes, en un caso de violencia de g\u00e9nero seg\u00fan la informaci\u00f3n oficial.<\/span><\/p>\n<p style=\"text-align: justify;\">En rueda de prensa acompa\u00f1ada por la titular del \u00f3rgano Interno de Control Karla Pantoja Banda la funcionaria universitaria dijo tambi\u00e9n que por instrucciones del rector, quien no estuvo presente en este encuentro con los medios, se determin\u00f3 el cese de la titular de la Defensor\u00eda de los Derechos Universitarios, Magdalena Gonz\u00e1lez Vega, as\u00ed como de otros funcionarios universitarios.<\/p>\n<p style=\"text-align: justify;\">La abogada general de la Universidad Potosina asegur\u00f3 que la instituci\u00f3n reafirma la pol\u00edtica de cero tolerancia frente a cualquier expresi\u00f3n de violencia, al decir tambi\u00e9n que el director de la Facultad de Derecho, Germ\u00e1n Pedroza Gait\u00e1n desde este lunes present\u00f3 su renuncia al cargo.<\/p>\n<p style=\"text-align: justify;\">Queletz\u00fa Navarro S\u00e1nchez se\u00f1al\u00f3 que en tanto se nombra a un director \u00f3 directora definitivos en la Facultad de Derecho una comisi\u00f3n se encargar\u00e1 de la gobernabilidad al interior de la escuela, integrada por su secretario general, la titular del \u00f3rgano interno de control y por ella misma.<\/p>\n<p style=\"text-align: justify;\">Asimismo, asegur\u00f3 que la Universidad coadyuva con la Fiscal\u00eda General del Estado para las investigaciones correspondientes proporcion\u00e1ndoles los videos de seguridad, y el aseguramiento de los espacios en donde sucedieron los hechos en tanto se determina tambi\u00e9n la responsabilidad administrativa a que haya lugar.<\/p>\n<p>Por: Claudio Ibarra<\/p>\n","protected":false},"excerpt":{"rendered":"<p>SLP.- En torno al caso de una presunta violaci\u00f3n al interior de la Facultad de Derecho de la Universidad Aut\u00f3noma de San Luis Potos\u00ed, la abogada general de la m\u00e1xima casa de estudios dio a conocer la expulsi\u00f3n definitiva de dos estudiantes, en un caso de violencia de g\u00e9nero seg\u00fan la informaci\u00f3n oficial. En rueda de prensa acompa\u00f1ada por la titular del \u00f3rgano Interno de Control Karla Pantoja Banda la funcionaria universitaria dijo tambi\u00e9n que por instrucciones del rector, quien no estuvo presente en este encuentro con los medios, se determin\u00f3 el cese de la titular de la Defensor\u00eda de [&hellip;]<\/p>\n","protected":false},"author":2,"featured_media":182793,"comment_status":"closed","ping_status":"closed","sticky":false,"template":"","format":"video","meta":{"_monsterinsights_skip_tracking":false,"_monsterinsights_sitenote_active":false,"_monsterinsights_sitenote_note":"","_monsterinsights_sitenote_category":0,"footnotes":""},"categories":[5,45],"tags":[],"class_list":["post-182772","post","type-post","status-publish","format-video","has-post-thumbnail","hentry","category-destacadas","category-localesyregionales","post_format-post-format-video","post--single"],"_links":{"self":[{"href":"https:\/\/canal7slp.tv\/2026\/wp-json\/wp\/v2\/posts\/182772","targetHints":{"allow":["GET"]}}],"collection":[{"href":"https:\/\/canal7slp.tv\/2026\/wp-json\/wp\/v2\/posts"}],"about":[{"href":"https:\/\/canal7slp.tv\/2026\/wp-json\/wp\/v2\/types\/post"}],"author":[{"embeddable":true,"href":"https:\/\/canal7slp.tv\/2026\/wp-json\/wp\/v2\/users\/2"}],"replies":[{"embeddable":true,"href":"https:\/\/canal7slp.tv\/2026\/wp-json\/wp\/v2\/comments?post=182772"}],"version-history":[{"count":2,"href":"https:\/\/canal7slp.tv\/2026\/wp-json\/wp\/v2\/posts\/182772\/revisions"}],"predecessor-version":[{"id":183222,"href":"https:\/\/canal7slp.tv\/2026\/wp-json\/wp\/v2\/posts\/182772\/revisions\/183222"}],"wp:featuredmedia":[{"embeddable":true,"href":"https:\/\/canal7slp.tv\/2026\/wp-json\/wp\/v2\/media\/182793"}],"wp:attachment":[{"href":"https:\/\/canal7slp.tv\/2026\/wp-json\/wp\/v2\/media?parent=182772"}],"wp:term":[{"taxonomy":"category","embeddable":true,"href":"https:\/\/canal7slp.tv\/2026\/wp-json\/wp\/v2\/categories?post=182772"},{"taxonomy":"post_tag","embeddable":true,"href":"https:\/\/canal7slp.tv\/2026\/wp-json\/wp\/v2\/tags?post=182772"}],"curies":[{"name":"wp","href":"https:\/\/api.w.org\/{rel}","templated":true}]}}