{"id":182713,"date":"2025-10-21T14:45:38","date_gmt":"2025-10-21T20:45:38","guid":{"rendered":"https:\/\/canal7slp.tv\/2026\/?p=182713"},"modified":"2025-10-21T14:45:38","modified_gmt":"2025-10-21T20:45:38","slug":"fat-anuncia-bloqueos-masivos-en-la-cdmx-ante-falta-de-respuesta-del-gobierno","status":"publish","type":"post","link":"https:\/\/canal7slp.tv\/2026\/fat-anuncia-bloqueos-masivos-en-la-cdmx-ante-falta-de-respuesta-del-gobierno\/","title":{"rendered":"FAT anuncia bloqueos masivos en la CDMX ante falta de respuesta del gobierno"},"content":{"rendered":"<p style=\"text-align: justify;\">Ciudad de M\u00e9xico.- La Fuerza Amplia de Transportistas (FAT) anunci\u00f3 una movilizaci\u00f3n masiva para el pr\u00f3ximo mi\u00e9rcoles 29 de octubre, como medida de protesta ante la falta de acuerdos respecto al ajuste de la tarifa del transporte p\u00fablico concesionado en la Ciudad de M\u00e9xico.<\/p>\n<p style=\"text-align: justify;\">De acuerdo con un comunicado emitido por la organizaci\u00f3n, los transportistas se\u00f1alaron que, tras m\u00e1s de un a\u00f1o de negociaciones y la participaci\u00f3n en m\u00e1s de 60 mesas de trabajo, no se han obtenido resultados concretos por parte del gobierno capitalino, encabezado por Clara Brugada.<\/p>\n<p style=\"text-align: justify;\">La FAT afirm\u00f3 que, aunque la Jefa de Gobierno se comprometi\u00f3 a revisar el aumento y otorgar un bono para combustible, los funcionarios de su administraci\u00f3n no han cumplido los acuerdos establecidos.<\/p>\n<p style=\"text-align: justify;\">El gremio ofreci\u00f3 disculpas a la ciudadan\u00eda por las afectaciones que la movilizaci\u00f3n pudiera generar, pero justific\u00f3 la acci\u00f3n como una medida necesaria ante la falta de respuestas. En su comunicado, advirti\u00f3 que los bloqueos previstos tendr\u00e1n un impacto significativo en la circulaci\u00f3n, con el objetivo de exigir una respuesta definitiva a su demanda.<\/p>\n<p style=\"text-align: justify;\">Como parte de su argumentaci\u00f3n, los transportistas recordaron que la tarifa m\u00ednima en el Estado de M\u00e9xico aument\u00f3 de 12 a 14 pesos, mientras que en la capital se mantiene en 6 pesos, una situaci\u00f3n que calificaron como insostenible ante el incremento de los costos de operaci\u00f3n, como el combustible y las refacciones.<\/p>\n<p style=\"text-align: justify;\">La movilizaci\u00f3n contempla bloquear los principales accesos y avenidas de la Ciudad de M\u00e9xico.<\/p>\n","protected":false},"excerpt":{"rendered":"<p>Ciudad de M\u00e9xico.- La Fuerza Amplia de Transportistas (FAT) anunci\u00f3 una movilizaci\u00f3n masiva para el pr\u00f3ximo mi\u00e9rcoles 29 de octubre, como medida de protesta ante la falta de acuerdos respecto al ajuste de la tarifa del transporte p\u00fablico concesionado en la Ciudad de M\u00e9xico. De acuerdo con un comunicado emitido por la organizaci\u00f3n, los transportistas se\u00f1alaron que, tras m\u00e1s de un a\u00f1o de negociaciones y la participaci\u00f3n en m\u00e1s de 60 mesas de trabajo, no se han obtenido resultados concretos por parte del gobierno capitalino, encabezado por Clara Brugada. La FAT afirm\u00f3 que, aunque la Jefa de Gobierno se comprometi\u00f3 [&hellip;]<\/p>\n","protected":false},"author":2,"featured_media":182714,"comment_status":"closed","ping_status":"closed","sticky":false,"template":"","format":"standard","meta":{"_monsterinsights_skip_tracking":false,"_monsterinsights_sitenote_active":false,"_monsterinsights_sitenote_note":"","_monsterinsights_sitenote_category":0,"footnotes":""},"categories":[46],"tags":[],"class_list":["post-182713","post","type-post","status-publish","format-standard","has-post-thumbnail","hentry","category-nacional","post--single"],"_links":{"self":[{"href":"https:\/\/canal7slp.tv\/2026\/wp-json\/wp\/v2\/posts\/182713","targetHints":{"allow":["GET"]}}],"collection":[{"href":"https:\/\/canal7slp.tv\/2026\/wp-json\/wp\/v2\/posts"}],"about":[{"href":"https:\/\/canal7slp.tv\/2026\/wp-json\/wp\/v2\/types\/post"}],"author":[{"embeddable":true,"href":"https:\/\/canal7slp.tv\/2026\/wp-json\/wp\/v2\/users\/2"}],"replies":[{"embeddable":true,"href":"https:\/\/canal7slp.tv\/2026\/wp-json\/wp\/v2\/comments?post=182713"}],"version-history":[{"count":1,"href":"https:\/\/canal7slp.tv\/2026\/wp-json\/wp\/v2\/posts\/182713\/revisions"}],"predecessor-version":[{"id":182715,"href":"https:\/\/canal7slp.tv\/2026\/wp-json\/wp\/v2\/posts\/182713\/revisions\/182715"}],"wp:featuredmedia":[{"embeddable":true,"href":"https:\/\/canal7slp.tv\/2026\/wp-json\/wp\/v2\/media\/182714"}],"wp:attachment":[{"href":"https:\/\/canal7slp.tv\/2026\/wp-json\/wp\/v2\/media?parent=182713"}],"wp:term":[{"taxonomy":"category","embeddable":true,"href":"https:\/\/canal7slp.tv\/2026\/wp-json\/wp\/v2\/categories?post=182713"},{"taxonomy":"post_tag","embeddable":true,"href":"https:\/\/canal7slp.tv\/2026\/wp-json\/wp\/v2\/tags?post=182713"}],"curies":[{"name":"wp","href":"https:\/\/api.w.org\/{rel}","templated":true}]}}