{"id":182586,"date":"2025-10-20T14:26:09","date_gmt":"2025-10-20T20:26:09","guid":{"rendered":"https:\/\/canal7slp.tv\/2026\/?p=182586"},"modified":"2025-10-20T14:26:09","modified_gmt":"2025-10-20T20:26:09","slug":"asaltan-al-alcalde-electo-de-misantla-tras-entregar-apoyos-en-alamo","status":"publish","type":"post","link":"https:\/\/canal7slp.tv\/2026\/asaltan-al-alcalde-electo-de-misantla-tras-entregar-apoyos-en-alamo\/","title":{"rendered":"Asaltan al alcalde electo de Misantla tras entregar apoyos en \u00c1lamo"},"content":{"rendered":"<p style=\"text-align: justify;\">Tihuatl\u00e1n.- El presidente municipal electo de Misantla, Veracruz, Ren\u00e9 Omar Jaen, denunci\u00f3 haber sido v\u00edctima de un asalto junto con su equipo de trabajo, tras haber entregado apoyos en el municipio de \u00c1lamo, afectado recientemente por intensas lluvias e inundaciones.<\/p>\n<p style=\"text-align: justify;\">De acuerdo con el reporte, el incidente ocurri\u00f3 en una gasolinera del municipio de Tihuatl\u00e1n, donde hombres armados los despojaron de una camioneta, adem\u00e1s de equipo fotogr\u00e1fico y de telefon\u00eda perteneciente al grupo.<\/p>\n<p style=\"text-align: justify;\">El edil electo, quien representa al Partido Movimiento Ciudadano (MC), dio a conocer lo sucedido a trav\u00e9s de sus redes sociales, donde inform\u00f3 que ninguna persona result\u00f3 herida durante el asalto. En su mensaje, exhort\u00f3 a la poblaci\u00f3n a mantenerse alerta ante posibles situaciones de riesgo que puedan comprometer su seguridad o patrimonio.<\/p>\n","protected":false},"excerpt":{"rendered":"<p>Tihuatl\u00e1n.- El presidente municipal electo de Misantla, Veracruz, Ren\u00e9 Omar Jaen, denunci\u00f3 haber sido v\u00edctima de un asalto junto con su equipo de trabajo, tras haber entregado apoyos en el municipio de \u00c1lamo, afectado recientemente por intensas lluvias e inundaciones. De acuerdo con el reporte, el incidente ocurri\u00f3 en una gasolinera del municipio de Tihuatl\u00e1n, donde hombres armados los despojaron de una camioneta, adem\u00e1s de equipo fotogr\u00e1fico y de telefon\u00eda perteneciente al grupo. El edil electo, quien representa al Partido Movimiento Ciudadano (MC), dio a conocer lo sucedido a trav\u00e9s de sus redes sociales, donde inform\u00f3 que ninguna persona result\u00f3 [&hellip;]<\/p>\n","protected":false},"author":2,"featured_media":182587,"comment_status":"closed","ping_status":"closed","sticky":false,"template":"","format":"standard","meta":{"_monsterinsights_skip_tracking":false,"_monsterinsights_sitenote_active":false,"_monsterinsights_sitenote_note":"","_monsterinsights_sitenote_category":0,"footnotes":""},"categories":[46],"tags":[],"class_list":["post-182586","post","type-post","status-publish","format-standard","has-post-thumbnail","hentry","category-nacional","post--single"],"_links":{"self":[{"href":"https:\/\/canal7slp.tv\/2026\/wp-json\/wp\/v2\/posts\/182586","targetHints":{"allow":["GET"]}}],"collection":[{"href":"https:\/\/canal7slp.tv\/2026\/wp-json\/wp\/v2\/posts"}],"about":[{"href":"https:\/\/canal7slp.tv\/2026\/wp-json\/wp\/v2\/types\/post"}],"author":[{"embeddable":true,"href":"https:\/\/canal7slp.tv\/2026\/wp-json\/wp\/v2\/users\/2"}],"replies":[{"embeddable":true,"href":"https:\/\/canal7slp.tv\/2026\/wp-json\/wp\/v2\/comments?post=182586"}],"version-history":[{"count":1,"href":"https:\/\/canal7slp.tv\/2026\/wp-json\/wp\/v2\/posts\/182586\/revisions"}],"predecessor-version":[{"id":182588,"href":"https:\/\/canal7slp.tv\/2026\/wp-json\/wp\/v2\/posts\/182586\/revisions\/182588"}],"wp:featuredmedia":[{"embeddable":true,"href":"https:\/\/canal7slp.tv\/2026\/wp-json\/wp\/v2\/media\/182587"}],"wp:attachment":[{"href":"https:\/\/canal7slp.tv\/2026\/wp-json\/wp\/v2\/media?parent=182586"}],"wp:term":[{"taxonomy":"category","embeddable":true,"href":"https:\/\/canal7slp.tv\/2026\/wp-json\/wp\/v2\/categories?post=182586"},{"taxonomy":"post_tag","embeddable":true,"href":"https:\/\/canal7slp.tv\/2026\/wp-json\/wp\/v2\/tags?post=182586"}],"curies":[{"name":"wp","href":"https:\/\/api.w.org\/{rel}","templated":true}]}}