{"id":182297,"date":"2025-10-16T17:49:58","date_gmt":"2025-10-16T23:49:58","guid":{"rendered":"https:\/\/canal7slp.tv\/2026\/?p=182297"},"modified":"2025-10-16T17:49:58","modified_gmt":"2025-10-16T23:49:58","slug":"fallece-ace-frehley-guitarrista-fundador-de-kiss-a-los-74-anos","status":"publish","type":"post","link":"https:\/\/canal7slp.tv\/2026\/fallece-ace-frehley-guitarrista-fundador-de-kiss-a-los-74-anos\/","title":{"rendered":"Fallece Ace Frehley, guitarrista fundador de KISS, a los 74 a\u00f1os"},"content":{"rendered":"<p style=\"text-align: justify;\">EEUU.- Ace Frehley, reconocido guitarrista y miembro fundador de la banda de rock KISS, muri\u00f3 este mi\u00e9rcoles a los 74 a\u00f1os, tras permanecer hospitalizado varios d\u00edas a causa de una hemorragia cerebral provocada por una ca\u00edda ocurrida en su estudio.<\/p>\n<p style=\"text-align: justify;\">De acuerdo con medios internacionales, el m\u00fasico fue internado de emergencia y conectado a soporte vital luego del accidente. Aunque su familia manten\u00eda la expectativa de una recuperaci\u00f3n, su estado de salud se deterior\u00f3 en las \u00faltimas semanas.<\/p>\n<p style=\"text-align: justify;\">El incidente llev\u00f3 a la cancelaci\u00f3n de varias fechas de su gira. A finales de septiembre, su equipo hab\u00eda informado que se encontraba estable, sin embargo, poco despu\u00e9s se confirm\u00f3 la suspensi\u00f3n definitiva de todas sus presentaciones programadas para 2025 debido a complicaciones m\u00e9dicas.<\/p>\n<p style=\"text-align: justify;\">Frehley fue una figura clave en la historia de KISS, conocida por su estilo caracter\u00edstico de guitarra y su participaci\u00f3n en algunos de los \u00e1lbumes m\u00e1s emblem\u00e1ticos de la banda.<\/p>\n","protected":false},"excerpt":{"rendered":"<p>EEUU.- Ace Frehley, reconocido guitarrista y miembro fundador de la banda de rock KISS, muri\u00f3 este mi\u00e9rcoles a los 74 a\u00f1os, tras permanecer hospitalizado varios d\u00edas a causa de una hemorragia cerebral provocada por una ca\u00edda ocurrida en su estudio. De acuerdo con medios internacionales, el m\u00fasico fue internado de emergencia y conectado a soporte vital luego del accidente. Aunque su familia manten\u00eda la expectativa de una recuperaci\u00f3n, su estado de salud se deterior\u00f3 en las \u00faltimas semanas. El incidente llev\u00f3 a la cancelaci\u00f3n de varias fechas de su gira. A finales de septiembre, su equipo hab\u00eda informado que se [&hellip;]<\/p>\n","protected":false},"author":2,"featured_media":182298,"comment_status":"closed","ping_status":"closed","sticky":false,"template":"","format":"standard","meta":{"_monsterinsights_skip_tracking":false,"_monsterinsights_sitenote_active":false,"_monsterinsights_sitenote_note":"","_monsterinsights_sitenote_category":0,"footnotes":""},"categories":[42],"tags":[],"class_list":["post-182297","post","type-post","status-publish","format-standard","has-post-thumbnail","hentry","category-espectaculos","post--single"],"_links":{"self":[{"href":"https:\/\/canal7slp.tv\/2026\/wp-json\/wp\/v2\/posts\/182297","targetHints":{"allow":["GET"]}}],"collection":[{"href":"https:\/\/canal7slp.tv\/2026\/wp-json\/wp\/v2\/posts"}],"about":[{"href":"https:\/\/canal7slp.tv\/2026\/wp-json\/wp\/v2\/types\/post"}],"author":[{"embeddable":true,"href":"https:\/\/canal7slp.tv\/2026\/wp-json\/wp\/v2\/users\/2"}],"replies":[{"embeddable":true,"href":"https:\/\/canal7slp.tv\/2026\/wp-json\/wp\/v2\/comments?post=182297"}],"version-history":[{"count":1,"href":"https:\/\/canal7slp.tv\/2026\/wp-json\/wp\/v2\/posts\/182297\/revisions"}],"predecessor-version":[{"id":182299,"href":"https:\/\/canal7slp.tv\/2026\/wp-json\/wp\/v2\/posts\/182297\/revisions\/182299"}],"wp:featuredmedia":[{"embeddable":true,"href":"https:\/\/canal7slp.tv\/2026\/wp-json\/wp\/v2\/media\/182298"}],"wp:attachment":[{"href":"https:\/\/canal7slp.tv\/2026\/wp-json\/wp\/v2\/media?parent=182297"}],"wp:term":[{"taxonomy":"category","embeddable":true,"href":"https:\/\/canal7slp.tv\/2026\/wp-json\/wp\/v2\/categories?post=182297"},{"taxonomy":"post_tag","embeddable":true,"href":"https:\/\/canal7slp.tv\/2026\/wp-json\/wp\/v2\/tags?post=182297"}],"curies":[{"name":"wp","href":"https:\/\/api.w.org\/{rel}","templated":true}]}}