{"id":182266,"date":"2025-10-16T16:04:43","date_gmt":"2025-10-16T22:04:43","guid":{"rendered":"https:\/\/canal7slp.tv\/2026\/?p=182266"},"modified":"2025-10-16T16:04:43","modified_gmt":"2025-10-16T22:04:43","slug":"el-papa-leon-xiv-condena-el-uso-del-hambre-en-conflictos-y-llama-a-la-accion-global","status":"publish","type":"post","link":"https:\/\/canal7slp.tv\/2026\/el-papa-leon-xiv-condena-el-uso-del-hambre-en-conflictos-y-llama-a-la-accion-global\/","title":{"rendered":"El Papa Le\u00f3n XIV condena el uso del hambre en conflictos y llama a la acci\u00f3n global"},"content":{"rendered":"<p style=\"text-align: justify;\">Roma.- El Papa Le\u00f3n XIV expres\u00f3 su condena a la utilizaci\u00f3n del hambre como herramienta de guerra durante un evento por el D\u00eda de la Alimentaci\u00f3n, organizado por la FAO.<\/p>\n<p style=\"text-align: justify;\">En su discurso, inst\u00f3 a los l\u00edderes mundiales a reconocer su responsabilidad ante la crisis alimentaria que afecta a millones de personas en diversas regiones del mundo, subrayando la necesidad de no ser indiferentes ante el sufrimiento humano.<\/p>\n<p style=\"text-align: justify;\">Durante su intervenci\u00f3n, el pont\u00edfice mencion\u00f3 conflictos en pa\u00edses como Ucrania, Gaza, Hait\u00ed, Afganist\u00e1n, Mali, Rep\u00fablica Centroafricana, Yemen y Sud\u00e1n del Sur.<\/p>\n<p style=\"text-align: justify;\">Seg\u00fan datos de la ONU, aproximadamente 673 millones de personas no tienen acceso a una alimentaci\u00f3n adecuada cada d\u00eda.<\/p>\n<p style=\"text-align: justify;\">Le\u00f3n XIV enfatiz\u00f3 que las consecuencias de la falta de acci\u00f3n no afectan solo a quienes est\u00e1n fuera de la vista, instando a la comunidad internacional a reflexionar sobre sus prioridades y estilos de vida.<\/p>\n<p style=\"text-align: justify;\">El Papa tambi\u00e9n hizo un llamado a asumir el sufrimiento de los hambrientos, destacando que permitir que millones vivan y mueran por hambre representa un fracaso colectivo y un dilema \u00e9tico.<\/p>\n<p style=\"text-align: justify;\">Aunque conden\u00f3 el uso del hambre en conflictos, no se refiri\u00f3 a situaciones espec\u00edficas.<\/p>\n","protected":false},"excerpt":{"rendered":"<p>Roma.- El Papa Le\u00f3n XIV expres\u00f3 su condena a la utilizaci\u00f3n del hambre como herramienta de guerra durante un evento por el D\u00eda de la Alimentaci\u00f3n, organizado por la FAO. En su discurso, inst\u00f3 a los l\u00edderes mundiales a reconocer su responsabilidad ante la crisis alimentaria que afecta a millones de personas en diversas regiones del mundo, subrayando la necesidad de no ser indiferentes ante el sufrimiento humano. Durante su intervenci\u00f3n, el pont\u00edfice mencion\u00f3 conflictos en pa\u00edses como Ucrania, Gaza, Hait\u00ed, Afganist\u00e1n, Mali, Rep\u00fablica Centroafricana, Yemen y Sud\u00e1n del Sur. Seg\u00fan datos de la ONU, aproximadamente 673 millones de personas [&hellip;]<\/p>\n","protected":false},"author":2,"featured_media":182267,"comment_status":"closed","ping_status":"closed","sticky":false,"template":"","format":"standard","meta":{"_monsterinsights_skip_tracking":false,"_monsterinsights_sitenote_active":false,"_monsterinsights_sitenote_note":"","_monsterinsights_sitenote_category":0,"footnotes":""},"categories":[44],"tags":[],"class_list":["post-182266","post","type-post","status-publish","format-standard","has-post-thumbnail","hentry","category-internacional","post--single"],"_links":{"self":[{"href":"https:\/\/canal7slp.tv\/2026\/wp-json\/wp\/v2\/posts\/182266","targetHints":{"allow":["GET"]}}],"collection":[{"href":"https:\/\/canal7slp.tv\/2026\/wp-json\/wp\/v2\/posts"}],"about":[{"href":"https:\/\/canal7slp.tv\/2026\/wp-json\/wp\/v2\/types\/post"}],"author":[{"embeddable":true,"href":"https:\/\/canal7slp.tv\/2026\/wp-json\/wp\/v2\/users\/2"}],"replies":[{"embeddable":true,"href":"https:\/\/canal7slp.tv\/2026\/wp-json\/wp\/v2\/comments?post=182266"}],"version-history":[{"count":1,"href":"https:\/\/canal7slp.tv\/2026\/wp-json\/wp\/v2\/posts\/182266\/revisions"}],"predecessor-version":[{"id":182268,"href":"https:\/\/canal7slp.tv\/2026\/wp-json\/wp\/v2\/posts\/182266\/revisions\/182268"}],"wp:featuredmedia":[{"embeddable":true,"href":"https:\/\/canal7slp.tv\/2026\/wp-json\/wp\/v2\/media\/182267"}],"wp:attachment":[{"href":"https:\/\/canal7slp.tv\/2026\/wp-json\/wp\/v2\/media?parent=182266"}],"wp:term":[{"taxonomy":"category","embeddable":true,"href":"https:\/\/canal7slp.tv\/2026\/wp-json\/wp\/v2\/categories?post=182266"},{"taxonomy":"post_tag","embeddable":true,"href":"https:\/\/canal7slp.tv\/2026\/wp-json\/wp\/v2\/tags?post=182266"}],"curies":[{"name":"wp","href":"https:\/\/api.w.org\/{rel}","templated":true}]}}