{"id":182182,"date":"2025-10-17T12:15:47","date_gmt":"2025-10-17T18:15:47","guid":{"rendered":"https:\/\/canal7slp.tv\/2026\/?p=182182"},"modified":"2025-12-10T08:48:51","modified_gmt":"2025-12-10T14:48:51","slug":"llama-arquidiocesis-de-slp-a-ser-solidarios-con-damnificados-en-la-huasteca","status":"publish","type":"post","link":"https:\/\/canal7slp.tv\/2026\/llama-arquidiocesis-de-slp-a-ser-solidarios-con-damnificados-en-la-huasteca\/","title":{"rendered":"Llama Arquidi\u00f3cesis de SLP a ser solidarios con damnificados en la Huasteca"},"content":{"rendered":"<p style=\"text-align: justify;\"><span style=\"font-size: 1.21429rem;\">SLP.- El titular de la Pastoral Social C\u00e1ritas de la Arquidi\u00f3cesis de San Luis Potos\u00ed hizo un llamado a la solidaridad con los damnificados por las lluvias en la Huasteca Potosina.<\/span><\/p>\n<p style=\"text-align: justify;\">En este sentido se\u00f1al\u00f3 que el Arzobispo Jorge Alberto Cavazos Arizpe emiti\u00f3 una circular en donde exhorta a las parroquias a una colecta extraordinaria, para llevar insumos y despensas, a las poblaciones y comunidades afectadas por las torrenciales lluvias.<\/p>\n<p style=\"text-align: justify;\">Reiter\u00f3 que en las parroquias se har\u00e1 el acopio de medicinas, leche, pa\u00f1ales y herramientas de limpieza al decir que no se requiere de ropa ni de agua porque esto ya est\u00e1 previsto.<\/p>\n<p style=\"text-align: justify;\">Asimismo, el titular de la Pastoral Social C\u00e1ritas inform\u00f3 que se revisa cuantos templos cat\u00f3licos se han visto afectados por las lluvias e inundaciones, en esta regi\u00f3n del estado.<\/p>\n<p>Por: Claudio Ibarra<\/p>\n","protected":false},"excerpt":{"rendered":"<p>SLP.- El titular de la Pastoral Social C\u00e1ritas de la Arquidi\u00f3cesis de San Luis Potos\u00ed hizo un llamado a la solidaridad con los damnificados por las lluvias en la Huasteca Potosina. En este sentido se\u00f1al\u00f3 que el Arzobispo Jorge Alberto Cavazos Arizpe emiti\u00f3 una circular en donde exhorta a las parroquias a una colecta extraordinaria, para llevar insumos y despensas, a las poblaciones y comunidades afectadas por las torrenciales lluvias. Reiter\u00f3 que en las parroquias se har\u00e1 el acopio de medicinas, leche, pa\u00f1ales y herramientas de limpieza al decir que no se requiere de ropa ni de agua porque esto [&hellip;]<\/p>\n","protected":false},"author":2,"featured_media":182206,"comment_status":"closed","ping_status":"closed","sticky":false,"template":"","format":"video","meta":{"_monsterinsights_skip_tracking":false,"_monsterinsights_sitenote_active":false,"_monsterinsights_sitenote_note":"","_monsterinsights_sitenote_category":0,"footnotes":""},"categories":[5,519,45],"tags":[],"class_list":["post-182182","post","type-post","status-publish","format-video","has-post-thumbnail","hentry","category-destacadas","category-iglesia","category-localesyregionales","post_format-post-format-video","post--single"],"_links":{"self":[{"href":"https:\/\/canal7slp.tv\/2026\/wp-json\/wp\/v2\/posts\/182182","targetHints":{"allow":["GET"]}}],"collection":[{"href":"https:\/\/canal7slp.tv\/2026\/wp-json\/wp\/v2\/posts"}],"about":[{"href":"https:\/\/canal7slp.tv\/2026\/wp-json\/wp\/v2\/types\/post"}],"author":[{"embeddable":true,"href":"https:\/\/canal7slp.tv\/2026\/wp-json\/wp\/v2\/users\/2"}],"replies":[{"embeddable":true,"href":"https:\/\/canal7slp.tv\/2026\/wp-json\/wp\/v2\/comments?post=182182"}],"version-history":[{"count":2,"href":"https:\/\/canal7slp.tv\/2026\/wp-json\/wp\/v2\/posts\/182182\/revisions"}],"predecessor-version":[{"id":182361,"href":"https:\/\/canal7slp.tv\/2026\/wp-json\/wp\/v2\/posts\/182182\/revisions\/182361"}],"wp:featuredmedia":[{"embeddable":true,"href":"https:\/\/canal7slp.tv\/2026\/wp-json\/wp\/v2\/media\/182206"}],"wp:attachment":[{"href":"https:\/\/canal7slp.tv\/2026\/wp-json\/wp\/v2\/media?parent=182182"}],"wp:term":[{"taxonomy":"category","embeddable":true,"href":"https:\/\/canal7slp.tv\/2026\/wp-json\/wp\/v2\/categories?post=182182"},{"taxonomy":"post_tag","embeddable":true,"href":"https:\/\/canal7slp.tv\/2026\/wp-json\/wp\/v2\/tags?post=182182"}],"curies":[{"name":"wp","href":"https:\/\/api.w.org\/{rel}","templated":true}]}}