{"id":182148,"date":"2025-10-15T18:10:11","date_gmt":"2025-10-16T00:10:11","guid":{"rendered":"https:\/\/canal7slp.tv\/2026\/?p=182148"},"modified":"2025-10-15T18:10:11","modified_gmt":"2025-10-16T00:10:11","slug":"fmi-advierte-que-la-guerra-comercial-eua-china-aumenta-el-riesgo-global","status":"publish","type":"post","link":"https:\/\/canal7slp.tv\/2026\/fmi-advierte-que-la-guerra-comercial-eua-china-aumenta-el-riesgo-global\/","title":{"rendered":"FMI advierte que la guerra comercial EUA-China aumenta el riesgo global"},"content":{"rendered":"<p style=\"text-align: justify;\">Washington DC.- El economista jefe del Fondo Monetario Internacional (FMI), Pierre-Olivier Gourinchas, se\u00f1al\u00f3 que las tensiones comerciales entre Estados Unidos y China representan un riesgo para la econom\u00eda global que no est\u00e1 completamente reflejado en las proyecciones actuales del organismo.<\/p>\n<p style=\"text-align: justify;\">Durante su participaci\u00f3n en las reuniones anuales del FMI y el Banco Mundial, Gourinchas indic\u00f3 que la incertidumbre generada por las medidas arancelarias est\u00e1 afectando negativamente la inversi\u00f3n y el crecimiento econ\u00f3mico.<\/p>\n<p style=\"text-align: justify;\">Asimismo, advirti\u00f3 sobre las presiones hacia los bancos centrales para modificar sus pol\u00edticas de tasas de inter\u00e9s, se\u00f1alando que esto podr\u00eda afectar la credibilidad institucional y las expectativas de inflaci\u00f3n.<\/p>\n<p style=\"text-align: justify;\">El economista enfatiz\u00f3 la importancia de mantener la confianza en los bancos centrales para preservar la estabilidad macroecon\u00f3mica, sin hacer referencia espec\u00edfica a ning\u00fan pa\u00eds en particular.<\/p>\n","protected":false},"excerpt":{"rendered":"<p>Washington DC.- El economista jefe del Fondo Monetario Internacional (FMI), Pierre-Olivier Gourinchas, se\u00f1al\u00f3 que las tensiones comerciales entre Estados Unidos y China representan un riesgo para la econom\u00eda global que no est\u00e1 completamente reflejado en las proyecciones actuales del organismo. Durante su participaci\u00f3n en las reuniones anuales del FMI y el Banco Mundial, Gourinchas indic\u00f3 que la incertidumbre generada por las medidas arancelarias est\u00e1 afectando negativamente la inversi\u00f3n y el crecimiento econ\u00f3mico. Asimismo, advirti\u00f3 sobre las presiones hacia los bancos centrales para modificar sus pol\u00edticas de tasas de inter\u00e9s, se\u00f1alando que esto podr\u00eda afectar la credibilidad institucional y las expectativas [&hellip;]<\/p>\n","protected":false},"author":2,"featured_media":182149,"comment_status":"closed","ping_status":"closed","sticky":false,"template":"","format":"standard","meta":{"_monsterinsights_skip_tracking":false,"_monsterinsights_sitenote_active":false,"_monsterinsights_sitenote_note":"","_monsterinsights_sitenote_category":0,"footnotes":""},"categories":[40],"tags":[],"class_list":["post-182148","post","type-post","status-publish","format-standard","has-post-thumbnail","hentry","category-economia","post--single"],"_links":{"self":[{"href":"https:\/\/canal7slp.tv\/2026\/wp-json\/wp\/v2\/posts\/182148","targetHints":{"allow":["GET"]}}],"collection":[{"href":"https:\/\/canal7slp.tv\/2026\/wp-json\/wp\/v2\/posts"}],"about":[{"href":"https:\/\/canal7slp.tv\/2026\/wp-json\/wp\/v2\/types\/post"}],"author":[{"embeddable":true,"href":"https:\/\/canal7slp.tv\/2026\/wp-json\/wp\/v2\/users\/2"}],"replies":[{"embeddable":true,"href":"https:\/\/canal7slp.tv\/2026\/wp-json\/wp\/v2\/comments?post=182148"}],"version-history":[{"count":1,"href":"https:\/\/canal7slp.tv\/2026\/wp-json\/wp\/v2\/posts\/182148\/revisions"}],"predecessor-version":[{"id":182150,"href":"https:\/\/canal7slp.tv\/2026\/wp-json\/wp\/v2\/posts\/182148\/revisions\/182150"}],"wp:featuredmedia":[{"embeddable":true,"href":"https:\/\/canal7slp.tv\/2026\/wp-json\/wp\/v2\/media\/182149"}],"wp:attachment":[{"href":"https:\/\/canal7slp.tv\/2026\/wp-json\/wp\/v2\/media?parent=182148"}],"wp:term":[{"taxonomy":"category","embeddable":true,"href":"https:\/\/canal7slp.tv\/2026\/wp-json\/wp\/v2\/categories?post=182148"},{"taxonomy":"post_tag","embeddable":true,"href":"https:\/\/canal7slp.tv\/2026\/wp-json\/wp\/v2\/tags?post=182148"}],"curies":[{"name":"wp","href":"https:\/\/api.w.org\/{rel}","templated":true}]}}