{"id":182139,"date":"2025-10-15T16:25:40","date_gmt":"2025-10-15T22:25:40","guid":{"rendered":"https:\/\/canal7slp.tv\/2026\/?p=182139"},"modified":"2025-12-10T08:16:17","modified_gmt":"2025-12-10T14:16:17","slug":"estudio-del-banco-de-espana-identifica-a-mexico-como-vulnerable-a-aranceles-de-eua","status":"publish","type":"post","link":"https:\/\/canal7slp.tv\/2026\/estudio-del-banco-de-espana-identifica-a-mexico-como-vulnerable-a-aranceles-de-eua\/","title":{"rendered":"Estudio del Banco de Espa\u00f1a identifica a M\u00e9xico como vulnerable a aranceles de EUA"},"content":{"rendered":"<p style=\"text-align: justify;\">Madrid.- Un an\u00e1lisis del Banco de Espa\u00f1a se\u00f1ala que M\u00e9xico ser\u00eda la econom\u00eda de Am\u00e9rica Latina m\u00e1s afectada si se mantienen los aranceles comerciales impuestos por Estados Unidos durante un periodo prolongado.<\/p>\n<p style=\"text-align: justify;\">El estudio indica que estas medidas podr\u00edan generar una disminuci\u00f3n acumulada en la actividad econ\u00f3mica y un aumento en la inflaci\u00f3n durante los pr\u00f3ximos tres a\u00f1os.<\/p>\n<p style=\"text-align: justify;\">La dependencia comercial con Estados Unidos se identifica como el factor principal de esta vulnerabilidad, particularmente en sectores como el automotriz, que enfrenta un arancel del 25%.<\/p>\n<p style=\"text-align: justify;\">El informe tambi\u00e9n menciona una tendencia a la baja en el flujo de remesas desde Estados Unidos, lo que podr\u00eda influir en el consumo interno y el acceso al cr\u00e9dito.<\/p>\n<p style=\"text-align: justify;\">El contexto coincide con el proceso de revisi\u00f3n del tratado comercial entre M\u00e9xico, Estados Unidos y Canad\u00e1 programado para 2026, en un escenario donde se han mencionado posibles cambios en los t\u00e9rminos del acuerdo.<\/p>\n","protected":false},"excerpt":{"rendered":"<p>Madrid.- Un an\u00e1lisis del Banco de Espa\u00f1a se\u00f1ala que M\u00e9xico ser\u00eda la econom\u00eda de Am\u00e9rica Latina m\u00e1s afectada si se mantienen los aranceles comerciales impuestos por Estados Unidos durante un periodo prolongado. El estudio indica que estas medidas podr\u00edan generar una disminuci\u00f3n acumulada en la actividad econ\u00f3mica y un aumento en la inflaci\u00f3n durante los pr\u00f3ximos tres a\u00f1os. La dependencia comercial con Estados Unidos se identifica como el factor principal de esta vulnerabilidad, particularmente en sectores como el automotriz, que enfrenta un arancel del 25%. El informe tambi\u00e9n menciona una tendencia a la baja en el flujo de remesas desde [&hellip;]<\/p>\n","protected":false},"author":2,"featured_media":182140,"comment_status":"closed","ping_status":"closed","sticky":false,"template":"","format":"standard","meta":{"_monsterinsights_skip_tracking":false,"_monsterinsights_sitenote_active":false,"_monsterinsights_sitenote_note":"","_monsterinsights_sitenote_category":0,"footnotes":""},"categories":[40],"tags":[],"class_list":["post-182139","post","type-post","status-publish","format-standard","has-post-thumbnail","hentry","category-economia","post--single"],"_links":{"self":[{"href":"https:\/\/canal7slp.tv\/2026\/wp-json\/wp\/v2\/posts\/182139","targetHints":{"allow":["GET"]}}],"collection":[{"href":"https:\/\/canal7slp.tv\/2026\/wp-json\/wp\/v2\/posts"}],"about":[{"href":"https:\/\/canal7slp.tv\/2026\/wp-json\/wp\/v2\/types\/post"}],"author":[{"embeddable":true,"href":"https:\/\/canal7slp.tv\/2026\/wp-json\/wp\/v2\/users\/2"}],"replies":[{"embeddable":true,"href":"https:\/\/canal7slp.tv\/2026\/wp-json\/wp\/v2\/comments?post=182139"}],"version-history":[{"count":1,"href":"https:\/\/canal7slp.tv\/2026\/wp-json\/wp\/v2\/posts\/182139\/revisions"}],"predecessor-version":[{"id":182141,"href":"https:\/\/canal7slp.tv\/2026\/wp-json\/wp\/v2\/posts\/182139\/revisions\/182141"}],"wp:featuredmedia":[{"embeddable":true,"href":"https:\/\/canal7slp.tv\/2026\/wp-json\/wp\/v2\/media\/182140"}],"wp:attachment":[{"href":"https:\/\/canal7slp.tv\/2026\/wp-json\/wp\/v2\/media?parent=182139"}],"wp:term":[{"taxonomy":"category","embeddable":true,"href":"https:\/\/canal7slp.tv\/2026\/wp-json\/wp\/v2\/categories?post=182139"},{"taxonomy":"post_tag","embeddable":true,"href":"https:\/\/canal7slp.tv\/2026\/wp-json\/wp\/v2\/tags?post=182139"}],"curies":[{"name":"wp","href":"https:\/\/api.w.org\/{rel}","templated":true}]}}