{"id":182041,"date":"2025-10-14T17:29:48","date_gmt":"2025-10-14T23:29:48","guid":{"rendered":"https:\/\/canal7slp.tv\/2026\/?p=182041"},"modified":"2025-10-14T17:29:48","modified_gmt":"2025-10-14T23:29:48","slug":"eua-anuncia-nuevos-aranceles-a-importaciones-de-madera-y-muebles","status":"publish","type":"post","link":"https:\/\/canal7slp.tv\/2026\/eua-anuncia-nuevos-aranceles-a-importaciones-de-madera-y-muebles\/","title":{"rendered":"EUA anuncia nuevos aranceles a importaciones de madera y muebles."},"content":{"rendered":"<p style=\"text-align: justify;\">EEUU.- Estados Unidos implementar\u00e1 nuevos aranceles a la importaci\u00f3n de madera, muebles y mobiliario de cocina, con tasas que inician en 10% para madera de construcci\u00f3n y 25% para muebles.<\/p>\n<p style=\"text-align: justify;\">A partir del 1 de enero de 2026, estos grav\u00e1menes aumentar\u00e1n significativamente, alcanzando hasta 50% para muebles de cocina.<\/p>\n<p style=\"text-align: justify;\">La medida, justificada bajo argumentos de seguridad nacional y fomento a la producci\u00f3n dom\u00e9stica, establece tratos diferenciados para pa\u00edses con acuerdos comerciales vigentes, que mantendr\u00e1n tasas preferenciales entre 10% y 15%.<\/p>\n<p style=\"text-align: justify;\">Productos provenientes de M\u00e9xico y Canad\u00e1, a pesar del T-MEC, podr\u00edan verse afectados, particularmente en el sector maderero.<\/p>\n<p style=\"text-align: justify;\">Seg\u00fan an\u00e1lisis econ\u00f3micos, estos aranceles podr\u00edan incrementar los costos de construcci\u00f3n en el mercado estadounidense.<\/p>\n","protected":false},"excerpt":{"rendered":"<p>EEUU.- Estados Unidos implementar\u00e1 nuevos aranceles a la importaci\u00f3n de madera, muebles y mobiliario de cocina, con tasas que inician en 10% para madera de construcci\u00f3n y 25% para muebles. A partir del 1 de enero de 2026, estos grav\u00e1menes aumentar\u00e1n significativamente, alcanzando hasta 50% para muebles de cocina. La medida, justificada bajo argumentos de seguridad nacional y fomento a la producci\u00f3n dom\u00e9stica, establece tratos diferenciados para pa\u00edses con acuerdos comerciales vigentes, que mantendr\u00e1n tasas preferenciales entre 10% y 15%. Productos provenientes de M\u00e9xico y Canad\u00e1, a pesar del T-MEC, podr\u00edan verse afectados, particularmente en el sector maderero. Seg\u00fan an\u00e1lisis [&hellip;]<\/p>\n","protected":false},"author":2,"featured_media":182042,"comment_status":"closed","ping_status":"closed","sticky":false,"template":"","format":"standard","meta":{"_monsterinsights_skip_tracking":false,"_monsterinsights_sitenote_active":false,"_monsterinsights_sitenote_note":"","_monsterinsights_sitenote_category":0,"footnotes":""},"categories":[40,44],"tags":[],"class_list":["post-182041","post","type-post","status-publish","format-standard","has-post-thumbnail","hentry","category-economia","category-internacional","post--single"],"_links":{"self":[{"href":"https:\/\/canal7slp.tv\/2026\/wp-json\/wp\/v2\/posts\/182041","targetHints":{"allow":["GET"]}}],"collection":[{"href":"https:\/\/canal7slp.tv\/2026\/wp-json\/wp\/v2\/posts"}],"about":[{"href":"https:\/\/canal7slp.tv\/2026\/wp-json\/wp\/v2\/types\/post"}],"author":[{"embeddable":true,"href":"https:\/\/canal7slp.tv\/2026\/wp-json\/wp\/v2\/users\/2"}],"replies":[{"embeddable":true,"href":"https:\/\/canal7slp.tv\/2026\/wp-json\/wp\/v2\/comments?post=182041"}],"version-history":[{"count":2,"href":"https:\/\/canal7slp.tv\/2026\/wp-json\/wp\/v2\/posts\/182041\/revisions"}],"predecessor-version":[{"id":182044,"href":"https:\/\/canal7slp.tv\/2026\/wp-json\/wp\/v2\/posts\/182041\/revisions\/182044"}],"wp:featuredmedia":[{"embeddable":true,"href":"https:\/\/canal7slp.tv\/2026\/wp-json\/wp\/v2\/media\/182042"}],"wp:attachment":[{"href":"https:\/\/canal7slp.tv\/2026\/wp-json\/wp\/v2\/media?parent=182041"}],"wp:term":[{"taxonomy":"category","embeddable":true,"href":"https:\/\/canal7slp.tv\/2026\/wp-json\/wp\/v2\/categories?post=182041"},{"taxonomy":"post_tag","embeddable":true,"href":"https:\/\/canal7slp.tv\/2026\/wp-json\/wp\/v2\/tags?post=182041"}],"curies":[{"name":"wp","href":"https:\/\/api.w.org\/{rel}","templated":true}]}}