{"id":181891,"date":"2025-10-13T14:33:18","date_gmt":"2025-10-13T20:33:18","guid":{"rendered":"https:\/\/canal7slp.tv\/2026\/?p=181891"},"modified":"2025-10-13T14:33:18","modified_gmt":"2025-10-13T20:33:18","slug":"francia-conforma-nuevo-gobierno-en-medio-de-desafios-politicos-y-economicos","status":"publish","type":"post","link":"https:\/\/canal7slp.tv\/2026\/francia-conforma-nuevo-gobierno-en-medio-de-desafios-politicos-y-economicos\/","title":{"rendered":"Francia conforma nuevo gobierno en medio de desaf\u00edos pol\u00edticos y econ\u00f3micos."},"content":{"rendered":"<p style=\"text-align: justify;\">Par\u00eds.- El primer ministro de Francia, Sebastien Lecornu, ha presentado la conformaci\u00f3n de un nuevo gobierno. El gabinete incluye a figuras provenientes del sector centrista del presidente Emmanuel Macron, as\u00ed como a algunos conservadores y personas ajenas a la pol\u00edtica partidista.<\/p>\n<p style=\"text-align: justify;\">Esta designaci\u00f3n se produce en un contexto pol\u00edtico caracterizado por la falta de una mayor\u00eda parlamentaria para el gobierno actual. El partido conservador Los Republicanos anunci\u00f3 la expulsi\u00f3n de los seis miembros que aceptaron integrar el nuevo gabinete.<\/p>\n<p style=\"text-align: justify;\">Entre los nombramientos clave se encuentran Catherine Vautrin como ministra de Defensa, Laurent Nunez como ministro del Interior y Roland Lescure al frente del ministerio de Finanzas. El ministro de Relaciones Exteriores, Jean-Noel Barrot, mantuvo su cargo.<\/p>\n<p style=\"text-align: justify;\">La nueva administraci\u00f3n enfrenta el desaf\u00edo inmediato de presentar un proyecto presupuestario en un escenario de presi\u00f3n fiscal y endeudamiento p\u00fablico, adem\u00e1s de gestionar la participaci\u00f3n de Francia en asuntos internacionales como el apoyo a Ucrania.<\/p>\n","protected":false},"excerpt":{"rendered":"<p>Par\u00eds.- El primer ministro de Francia, Sebastien Lecornu, ha presentado la conformaci\u00f3n de un nuevo gobierno. El gabinete incluye a figuras provenientes del sector centrista del presidente Emmanuel Macron, as\u00ed como a algunos conservadores y personas ajenas a la pol\u00edtica partidista. Esta designaci\u00f3n se produce en un contexto pol\u00edtico caracterizado por la falta de una mayor\u00eda parlamentaria para el gobierno actual. El partido conservador Los Republicanos anunci\u00f3 la expulsi\u00f3n de los seis miembros que aceptaron integrar el nuevo gabinete. Entre los nombramientos clave se encuentran Catherine Vautrin como ministra de Defensa, Laurent Nunez como ministro del Interior y Roland Lescure [&hellip;]<\/p>\n","protected":false},"author":2,"featured_media":181892,"comment_status":"closed","ping_status":"closed","sticky":false,"template":"","format":"standard","meta":{"_monsterinsights_skip_tracking":false,"_monsterinsights_sitenote_active":false,"_monsterinsights_sitenote_note":"","_monsterinsights_sitenote_category":0,"footnotes":""},"categories":[44],"tags":[],"class_list":["post-181891","post","type-post","status-publish","format-standard","has-post-thumbnail","hentry","category-internacional","post--single"],"_links":{"self":[{"href":"https:\/\/canal7slp.tv\/2026\/wp-json\/wp\/v2\/posts\/181891","targetHints":{"allow":["GET"]}}],"collection":[{"href":"https:\/\/canal7slp.tv\/2026\/wp-json\/wp\/v2\/posts"}],"about":[{"href":"https:\/\/canal7slp.tv\/2026\/wp-json\/wp\/v2\/types\/post"}],"author":[{"embeddable":true,"href":"https:\/\/canal7slp.tv\/2026\/wp-json\/wp\/v2\/users\/2"}],"replies":[{"embeddable":true,"href":"https:\/\/canal7slp.tv\/2026\/wp-json\/wp\/v2\/comments?post=181891"}],"version-history":[{"count":1,"href":"https:\/\/canal7slp.tv\/2026\/wp-json\/wp\/v2\/posts\/181891\/revisions"}],"predecessor-version":[{"id":181893,"href":"https:\/\/canal7slp.tv\/2026\/wp-json\/wp\/v2\/posts\/181891\/revisions\/181893"}],"wp:featuredmedia":[{"embeddable":true,"href":"https:\/\/canal7slp.tv\/2026\/wp-json\/wp\/v2\/media\/181892"}],"wp:attachment":[{"href":"https:\/\/canal7slp.tv\/2026\/wp-json\/wp\/v2\/media?parent=181891"}],"wp:term":[{"taxonomy":"category","embeddable":true,"href":"https:\/\/canal7slp.tv\/2026\/wp-json\/wp\/v2\/categories?post=181891"},{"taxonomy":"post_tag","embeddable":true,"href":"https:\/\/canal7slp.tv\/2026\/wp-json\/wp\/v2\/tags?post=181891"}],"curies":[{"name":"wp","href":"https:\/\/api.w.org\/{rel}","templated":true}]}}