{"id":181816,"date":"2025-10-12T12:29:59","date_gmt":"2025-10-12T18:29:59","guid":{"rendered":"https:\/\/canal7slp.tv\/2026\/?p=181816"},"modified":"2025-10-12T12:29:59","modified_gmt":"2025-10-12T18:29:59","slug":"trump-viajara-a-medio-oriente-para-participar-en-cumbre-sobre-plan-para-gaza","status":"publish","type":"post","link":"https:\/\/canal7slp.tv\/2026\/trump-viajara-a-medio-oriente-para-participar-en-cumbre-sobre-plan-para-gaza\/","title":{"rendered":"Trump viajar\u00e1 a Medio Oriente para participar en cumbre sobre plan para Gaza"},"content":{"rendered":"<p style=\"text-align: justify;\">EEUU.- El presidente de los Estados Unidos, Donald Trump, realizar\u00e1 una visita a Medio Oriente que incluir\u00e1 un discurso ante el parlamento israel\u00ed y la participaci\u00f3n en una ceremonia en Egipto relacionada con la implementaci\u00f3n de un plan para Gaza.<\/p>\n<p style=\"text-align: justify;\">De acuerdo con el itinerario difundido, el mandatario estadounidense se reunir\u00e1 con familias de personas retenidas en Gaza y posteriormente se trasladar\u00e1 a la ciudad egipcia de Sharm el Sheij para la cumbre.<\/p>\n<p style=\"text-align: justify;\">El evento contar\u00e1 con la presencia del presidente egipcio, Abdel Fattah El-Sisi, y se ha extendido la invitaci\u00f3n a representantes de diversos pa\u00edses.<\/p>\n<p style=\"text-align: justify;\">El plan, anunciado la semana pasada, fue resultado de negociaciones en las que particip\u00f3 la administraci\u00f3n estadounidense. El acuerdo establece la liberaci\u00f3n de personas retenidas, una retirada parcial de tropas israel\u00edes de la Franja de Gaza y la apertura de corredores para el ingreso de ayuda humanitaria, lo que representa un cese temporal de las hostilidades en la regi\u00f3n.<\/p>\n","protected":false},"excerpt":{"rendered":"<p>EEUU.- El presidente de los Estados Unidos, Donald Trump, realizar\u00e1 una visita a Medio Oriente que incluir\u00e1 un discurso ante el parlamento israel\u00ed y la participaci\u00f3n en una ceremonia en Egipto relacionada con la implementaci\u00f3n de un plan para Gaza. De acuerdo con el itinerario difundido, el mandatario estadounidense se reunir\u00e1 con familias de personas retenidas en Gaza y posteriormente se trasladar\u00e1 a la ciudad egipcia de Sharm el Sheij para la cumbre. El evento contar\u00e1 con la presencia del presidente egipcio, Abdel Fattah El-Sisi, y se ha extendido la invitaci\u00f3n a representantes de diversos pa\u00edses. El plan, anunciado la [&hellip;]<\/p>\n","protected":false},"author":2,"featured_media":181817,"comment_status":"closed","ping_status":"closed","sticky":false,"template":"","format":"standard","meta":{"_monsterinsights_skip_tracking":false,"_monsterinsights_sitenote_active":false,"_monsterinsights_sitenote_note":"","_monsterinsights_sitenote_category":0,"footnotes":""},"categories":[44],"tags":[],"class_list":["post-181816","post","type-post","status-publish","format-standard","has-post-thumbnail","hentry","category-internacional","post--single"],"_links":{"self":[{"href":"https:\/\/canal7slp.tv\/2026\/wp-json\/wp\/v2\/posts\/181816","targetHints":{"allow":["GET"]}}],"collection":[{"href":"https:\/\/canal7slp.tv\/2026\/wp-json\/wp\/v2\/posts"}],"about":[{"href":"https:\/\/canal7slp.tv\/2026\/wp-json\/wp\/v2\/types\/post"}],"author":[{"embeddable":true,"href":"https:\/\/canal7slp.tv\/2026\/wp-json\/wp\/v2\/users\/2"}],"replies":[{"embeddable":true,"href":"https:\/\/canal7slp.tv\/2026\/wp-json\/wp\/v2\/comments?post=181816"}],"version-history":[{"count":1,"href":"https:\/\/canal7slp.tv\/2026\/wp-json\/wp\/v2\/posts\/181816\/revisions"}],"predecessor-version":[{"id":181818,"href":"https:\/\/canal7slp.tv\/2026\/wp-json\/wp\/v2\/posts\/181816\/revisions\/181818"}],"wp:featuredmedia":[{"embeddable":true,"href":"https:\/\/canal7slp.tv\/2026\/wp-json\/wp\/v2\/media\/181817"}],"wp:attachment":[{"href":"https:\/\/canal7slp.tv\/2026\/wp-json\/wp\/v2\/media?parent=181816"}],"wp:term":[{"taxonomy":"category","embeddable":true,"href":"https:\/\/canal7slp.tv\/2026\/wp-json\/wp\/v2\/categories?post=181816"},{"taxonomy":"post_tag","embeddable":true,"href":"https:\/\/canal7slp.tv\/2026\/wp-json\/wp\/v2\/tags?post=181816"}],"curies":[{"name":"wp","href":"https:\/\/api.w.org\/{rel}","templated":true}]}}