{"id":181760,"date":"2025-10-11T10:39:45","date_gmt":"2025-10-11T16:39:45","guid":{"rendered":"https:\/\/canal7slp.tv\/2026\/?p=181760"},"modified":"2025-10-11T10:39:45","modified_gmt":"2025-10-11T16:39:45","slug":"detienen-a-presunto-implicado-en-el-asesinato-de-un-sacerdote-en-guerrero","status":"publish","type":"post","link":"https:\/\/canal7slp.tv\/2026\/detienen-a-presunto-implicado-en-el-asesinato-de-un-sacerdote-en-guerrero\/","title":{"rendered":"Detienen a presunto implicado en el asesinato de un sacerdote en Guerrero"},"content":{"rendered":"<p style=\"text-align: justify;\">M\u00e9xico.- El secretario de Seguridad y Protecci\u00f3n Ciudadana, Omar Garc\u00eda Harfuch, inform\u00f3 sobre la detenci\u00f3n de un individuo identificado como Miguel \u00c1ngel \u00abN\u00bb, quien se encuentra vinculado a las investigaciones del caso por el fallecimiento del sacerdote cat\u00f3lico Bertoldo Pantale\u00f3n Estrada en el estado de Guerrero.<\/p>\n<p style=\"text-align: justify;\">A trav\u00e9s de una publicaci\u00f3n en redes sociales, el funcionario federal se\u00f1al\u00f3 que la aprehensi\u00f3n fue el resultado de labores de investigaci\u00f3n coordinadas en dicha entidad.<\/p>\n<p style=\"text-align: justify;\">En el operativo participaron elementos de la Fiscal\u00eda General del Estado y de la Secretar\u00eda de Seguridad P\u00fablica de Guerrero, en colaboraci\u00f3n con instituciones federales como el Ej\u00e9rcito, la Marina, la Guardia Nacional y la Fiscal\u00eda General de la Rep\u00fablica (FGR), para ejecutar la orden de aprehensi\u00f3n correspondiente.<\/p>\n<p style=\"text-align: justify;\">El cuerpo del sacerdote Bertoldo Pantale\u00f3n Estrada fue localizado sin vida el pasado 6 de octubre sobre la carretera federal M\u00e9xico-Acapulco.<\/p>\n<p style=\"text-align: justify;\">\n","protected":false},"excerpt":{"rendered":"<p>M\u00e9xico.- El secretario de Seguridad y Protecci\u00f3n Ciudadana, Omar Garc\u00eda Harfuch, inform\u00f3 sobre la detenci\u00f3n de un individuo identificado como Miguel \u00c1ngel \u00abN\u00bb, quien se encuentra vinculado a las investigaciones del caso por el fallecimiento del sacerdote cat\u00f3lico Bertoldo Pantale\u00f3n Estrada en el estado de Guerrero. A trav\u00e9s de una publicaci\u00f3n en redes sociales, el funcionario federal se\u00f1al\u00f3 que la aprehensi\u00f3n fue el resultado de labores de investigaci\u00f3n coordinadas en dicha entidad. En el operativo participaron elementos de la Fiscal\u00eda General del Estado y de la Secretar\u00eda de Seguridad P\u00fablica de Guerrero, en colaboraci\u00f3n con instituciones federales como el Ej\u00e9rcito, [&hellip;]<\/p>\n","protected":false},"author":2,"featured_media":181761,"comment_status":"closed","ping_status":"closed","sticky":false,"template":"","format":"standard","meta":{"_monsterinsights_skip_tracking":false,"_monsterinsights_sitenote_active":false,"_monsterinsights_sitenote_note":"","_monsterinsights_sitenote_category":0,"footnotes":""},"categories":[46],"tags":[],"class_list":["post-181760","post","type-post","status-publish","format-standard","has-post-thumbnail","hentry","category-nacional","post--single"],"_links":{"self":[{"href":"https:\/\/canal7slp.tv\/2026\/wp-json\/wp\/v2\/posts\/181760","targetHints":{"allow":["GET"]}}],"collection":[{"href":"https:\/\/canal7slp.tv\/2026\/wp-json\/wp\/v2\/posts"}],"about":[{"href":"https:\/\/canal7slp.tv\/2026\/wp-json\/wp\/v2\/types\/post"}],"author":[{"embeddable":true,"href":"https:\/\/canal7slp.tv\/2026\/wp-json\/wp\/v2\/users\/2"}],"replies":[{"embeddable":true,"href":"https:\/\/canal7slp.tv\/2026\/wp-json\/wp\/v2\/comments?post=181760"}],"version-history":[{"count":1,"href":"https:\/\/canal7slp.tv\/2026\/wp-json\/wp\/v2\/posts\/181760\/revisions"}],"predecessor-version":[{"id":181762,"href":"https:\/\/canal7slp.tv\/2026\/wp-json\/wp\/v2\/posts\/181760\/revisions\/181762"}],"wp:featuredmedia":[{"embeddable":true,"href":"https:\/\/canal7slp.tv\/2026\/wp-json\/wp\/v2\/media\/181761"}],"wp:attachment":[{"href":"https:\/\/canal7slp.tv\/2026\/wp-json\/wp\/v2\/media?parent=181760"}],"wp:term":[{"taxonomy":"category","embeddable":true,"href":"https:\/\/canal7slp.tv\/2026\/wp-json\/wp\/v2\/categories?post=181760"},{"taxonomy":"post_tag","embeddable":true,"href":"https:\/\/canal7slp.tv\/2026\/wp-json\/wp\/v2\/tags?post=181760"}],"curies":[{"name":"wp","href":"https:\/\/api.w.org\/{rel}","templated":true}]}}