{"id":181687,"date":"2025-10-10T18:38:27","date_gmt":"2025-10-11T00:38:27","guid":{"rendered":"https:\/\/canal7slp.tv\/2026\/?p=181687"},"modified":"2025-10-10T18:38:27","modified_gmt":"2025-10-11T00:38:27","slug":"pc-de-sinaloa-activa-alerta-preventiva-por-lluvias-intensas-de-la-tormenta-raymond","status":"publish","type":"post","link":"https:\/\/canal7slp.tv\/2026\/pc-de-sinaloa-activa-alerta-preventiva-por-lluvias-intensas-de-la-tormenta-raymond\/","title":{"rendered":"PC de Sinaloa activa alerta preventiva por lluvias intensas de la tormenta Raymond"},"content":{"rendered":"<p style=\"text-align: justify;\">Culiac\u00e1n.- Autoridades de Protecci\u00f3n Civil en Sinaloa emitieron recomendaciones preventivas ante los pron\u00f3sticos de lluvias intensas asociadas a la tormenta tropical Raymond.<\/p>\n<p style=\"text-align: justify;\">El Instituto de Protecci\u00f3n Civil del Estado solicit\u00f3 a la comunidad educativa de municipios del sur de la entidad extremar precauciones a partir de esta tarde.<\/p>\n<p style=\"text-align: justify;\">En Culiac\u00e1n, el coordinador municipal de Protecci\u00f3n Civil, Jes\u00fas Bill Mendoza Ontiveros, pidi\u00f3 a propietarios de anuncios espectaculares retirar las lonas para reducir riesgos ante los vientos pronosticados.<\/p>\n<p style=\"text-align: justify;\">Las autoridades recomendaron a familias que habitan en zonas bajas o cercanas a arroyos y drenes mantenerse atentas a los niveles de agua y prepararse para una posible evacuaci\u00f3n.<\/p>\n<p style=\"text-align: justify;\">Los cuerpos de auxilio se mantienen en estado de alerta para atender contingencias que pudieran presentarse durante el desarrollo del fen\u00f3meno meteorol\u00f3gico.<\/p>\n","protected":false},"excerpt":{"rendered":"<p>Culiac\u00e1n.- Autoridades de Protecci\u00f3n Civil en Sinaloa emitieron recomendaciones preventivas ante los pron\u00f3sticos de lluvias intensas asociadas a la tormenta tropical Raymond. El Instituto de Protecci\u00f3n Civil del Estado solicit\u00f3 a la comunidad educativa de municipios del sur de la entidad extremar precauciones a partir de esta tarde. En Culiac\u00e1n, el coordinador municipal de Protecci\u00f3n Civil, Jes\u00fas Bill Mendoza Ontiveros, pidi\u00f3 a propietarios de anuncios espectaculares retirar las lonas para reducir riesgos ante los vientos pronosticados. Las autoridades recomendaron a familias que habitan en zonas bajas o cercanas a arroyos y drenes mantenerse atentas a los niveles de agua y [&hellip;]<\/p>\n","protected":false},"author":2,"featured_media":181688,"comment_status":"closed","ping_status":"closed","sticky":false,"template":"","format":"standard","meta":{"_monsterinsights_skip_tracking":false,"_monsterinsights_sitenote_active":false,"_monsterinsights_sitenote_note":"","_monsterinsights_sitenote_category":0,"footnotes":""},"categories":[46],"tags":[],"class_list":["post-181687","post","type-post","status-publish","format-standard","has-post-thumbnail","hentry","category-nacional","post--single"],"_links":{"self":[{"href":"https:\/\/canal7slp.tv\/2026\/wp-json\/wp\/v2\/posts\/181687","targetHints":{"allow":["GET"]}}],"collection":[{"href":"https:\/\/canal7slp.tv\/2026\/wp-json\/wp\/v2\/posts"}],"about":[{"href":"https:\/\/canal7slp.tv\/2026\/wp-json\/wp\/v2\/types\/post"}],"author":[{"embeddable":true,"href":"https:\/\/canal7slp.tv\/2026\/wp-json\/wp\/v2\/users\/2"}],"replies":[{"embeddable":true,"href":"https:\/\/canal7slp.tv\/2026\/wp-json\/wp\/v2\/comments?post=181687"}],"version-history":[{"count":1,"href":"https:\/\/canal7slp.tv\/2026\/wp-json\/wp\/v2\/posts\/181687\/revisions"}],"predecessor-version":[{"id":181689,"href":"https:\/\/canal7slp.tv\/2026\/wp-json\/wp\/v2\/posts\/181687\/revisions\/181689"}],"wp:featuredmedia":[{"embeddable":true,"href":"https:\/\/canal7slp.tv\/2026\/wp-json\/wp\/v2\/media\/181688"}],"wp:attachment":[{"href":"https:\/\/canal7slp.tv\/2026\/wp-json\/wp\/v2\/media?parent=181687"}],"wp:term":[{"taxonomy":"category","embeddable":true,"href":"https:\/\/canal7slp.tv\/2026\/wp-json\/wp\/v2\/categories?post=181687"},{"taxonomy":"post_tag","embeddable":true,"href":"https:\/\/canal7slp.tv\/2026\/wp-json\/wp\/v2\/tags?post=181687"}],"curies":[{"name":"wp","href":"https:\/\/api.w.org\/{rel}","templated":true}]}}