{"id":181677,"date":"2025-10-10T18:03:29","date_gmt":"2025-10-11T00:03:29","guid":{"rendered":"https:\/\/canal7slp.tv\/2026\/?p=181677"},"modified":"2025-10-10T18:03:29","modified_gmt":"2025-10-11T00:03:29","slug":"activista-opositora-venezolana-gana-el-premio-nobel-de-la-paz-2025","status":"publish","type":"post","link":"https:\/\/canal7slp.tv\/2026\/activista-opositora-venezolana-gana-el-premio-nobel-de-la-paz-2025\/","title":{"rendered":"Activista opositora venezolana gana el Premio Nobel de la Paz 2025"},"content":{"rendered":"<p style=\"text-align: justify;\">Estocolmo.- La activista y l\u00edder opositora venezolana Mar\u00eda Corina Machado fue galardonada con el Premio Nobel de la Paz.<\/p>\n<p style=\"text-align: justify;\">El Comit\u00e9 Noruego del Nobel destac\u00f3 su papel como \u00abfigura clave y unificadora\u00bb en la oposici\u00f3n venezolana, reconociendo su labor en la demanda de elecciones libres y gobierno representativo.<\/p>\n<p style=\"text-align: justify;\">El presidente del comit\u00e9, J\u00f8rgen Watne Frydnes, resalt\u00f3 que Machado ha permanecido en Venezuela a pesar de las amenazas contra su vida, viviendo en la clandestinidad durante el \u00faltimo a\u00f1o, una decisi\u00f3n que seg\u00fan el comit\u00e9 \u00abha inspirado a millones de personas\u00bb.<\/p>\n<p style=\"text-align: justify;\">El anuncio se produce tras especulaciones sobre otros posibles ganadores, incluido el presidente estadounidense Donald Trump, cuyo plan de alto el fuego en Gaza hab\u00eda generado expectativas.<\/p>\n<p style=\"text-align: justify;\">El premio reconoce anualmente contribuciones sobresalientes a la paz y la fraternidad internacional.<\/p>\n","protected":false},"excerpt":{"rendered":"<p>Estocolmo.- La activista y l\u00edder opositora venezolana Mar\u00eda Corina Machado fue galardonada con el Premio Nobel de la Paz. El Comit\u00e9 Noruego del Nobel destac\u00f3 su papel como \u00abfigura clave y unificadora\u00bb en la oposici\u00f3n venezolana, reconociendo su labor en la demanda de elecciones libres y gobierno representativo. El presidente del comit\u00e9, J\u00f8rgen Watne Frydnes, resalt\u00f3 que Machado ha permanecido en Venezuela a pesar de las amenazas contra su vida, viviendo en la clandestinidad durante el \u00faltimo a\u00f1o, una decisi\u00f3n que seg\u00fan el comit\u00e9 \u00abha inspirado a millones de personas\u00bb. El anuncio se produce tras especulaciones sobre otros posibles ganadores, [&hellip;]<\/p>\n","protected":false},"author":2,"featured_media":181681,"comment_status":"closed","ping_status":"closed","sticky":false,"template":"","format":"standard","meta":{"_monsterinsights_skip_tracking":false,"_monsterinsights_sitenote_active":false,"_monsterinsights_sitenote_note":"","_monsterinsights_sitenote_category":0,"footnotes":""},"categories":[44],"tags":[],"class_list":["post-181677","post","type-post","status-publish","format-standard","has-post-thumbnail","hentry","category-internacional","post--single"],"_links":{"self":[{"href":"https:\/\/canal7slp.tv\/2026\/wp-json\/wp\/v2\/posts\/181677","targetHints":{"allow":["GET"]}}],"collection":[{"href":"https:\/\/canal7slp.tv\/2026\/wp-json\/wp\/v2\/posts"}],"about":[{"href":"https:\/\/canal7slp.tv\/2026\/wp-json\/wp\/v2\/types\/post"}],"author":[{"embeddable":true,"href":"https:\/\/canal7slp.tv\/2026\/wp-json\/wp\/v2\/users\/2"}],"replies":[{"embeddable":true,"href":"https:\/\/canal7slp.tv\/2026\/wp-json\/wp\/v2\/comments?post=181677"}],"version-history":[{"count":1,"href":"https:\/\/canal7slp.tv\/2026\/wp-json\/wp\/v2\/posts\/181677\/revisions"}],"predecessor-version":[{"id":181678,"href":"https:\/\/canal7slp.tv\/2026\/wp-json\/wp\/v2\/posts\/181677\/revisions\/181678"}],"wp:featuredmedia":[{"embeddable":true,"href":"https:\/\/canal7slp.tv\/2026\/wp-json\/wp\/v2\/media\/181681"}],"wp:attachment":[{"href":"https:\/\/canal7slp.tv\/2026\/wp-json\/wp\/v2\/media?parent=181677"}],"wp:term":[{"taxonomy":"category","embeddable":true,"href":"https:\/\/canal7slp.tv\/2026\/wp-json\/wp\/v2\/categories?post=181677"},{"taxonomy":"post_tag","embeddable":true,"href":"https:\/\/canal7slp.tv\/2026\/wp-json\/wp\/v2\/tags?post=181677"}],"curies":[{"name":"wp","href":"https:\/\/api.w.org\/{rel}","templated":true}]}}