{"id":181610,"date":"2025-10-09T15:24:00","date_gmt":"2025-10-09T21:24:00","guid":{"rendered":"https:\/\/canal7slp.tv\/2026\/?p=181610"},"modified":"2025-10-09T15:24:00","modified_gmt":"2025-10-09T21:24:00","slug":"citi-rechaza-oferta-de-grupo-mexico-por-banamex","status":"publish","type":"post","link":"https:\/\/canal7slp.tv\/2026\/citi-rechaza-oferta-de-grupo-mexico-por-banamex\/","title":{"rendered":"Citi rechaza oferta de Grupo M\u00e9xico por Banamex"},"content":{"rendered":"<ul style=\"text-align: justify;\">\n<li>Mantiene acuerdo con familia Chico Pardo.<\/li>\n<\/ul>\n<p style=\"text-align: justify;\">M\u00e9xico.- Citigroup rechaz\u00f3 formalmente la oferta presentada por Grupo M\u00e9xico para adquirir hasta el 100% del Grupo Financiero Banamex.<\/p>\n<p style=\"text-align: justify;\">Mediante un comunicado, la instituci\u00f3n financiera estadounidense se\u00f1al\u00f3 que, tras evaluar la propuesta, determin\u00f3 que mantendr\u00e1 el acuerdo anunciado el 24 de septiembre con la familia Chico Pardo, que implica la adquisici\u00f3n del 25% de Banamex y una oferta p\u00fablica inicial planificada.<\/p>\n<p style=\"text-align: justify;\">Grupo M\u00e9xico, conglomerado propiedad del empresario Germ\u00e1n Larrea, hab\u00eda presentado el 3 de octubre una oferta para comprar el 75% de Banamex, permitiendo que la familia Chico Pardo conservara el 25% restante.<\/p>\n<p style=\"text-align: justify;\">La propuesta buscaba mantener el control mayoritario del grupo financiero en manos mexicanas.<\/p>\n<p style=\"text-align: justify;\">Citi fundament\u00f3 su decisi\u00f3n en consideraciones financieras y de certeza en la operaci\u00f3n, afirmando que el plan original maximiza el valor para sus accionistas.<\/p>\n","protected":false},"excerpt":{"rendered":"<p>Mantiene acuerdo con familia Chico Pardo. M\u00e9xico.- Citigroup rechaz\u00f3 formalmente la oferta presentada por Grupo M\u00e9xico para adquirir hasta el 100% del Grupo Financiero Banamex. Mediante un comunicado, la instituci\u00f3n financiera estadounidense se\u00f1al\u00f3 que, tras evaluar la propuesta, determin\u00f3 que mantendr\u00e1 el acuerdo anunciado el 24 de septiembre con la familia Chico Pardo, que implica la adquisici\u00f3n del 25% de Banamex y una oferta p\u00fablica inicial planificada. Grupo M\u00e9xico, conglomerado propiedad del empresario Germ\u00e1n Larrea, hab\u00eda presentado el 3 de octubre una oferta para comprar el 75% de Banamex, permitiendo que la familia Chico Pardo conservara el 25% restante. La [&hellip;]<\/p>\n","protected":false},"author":2,"featured_media":181611,"comment_status":"closed","ping_status":"closed","sticky":false,"template":"","format":"standard","meta":{"_monsterinsights_skip_tracking":false,"_monsterinsights_sitenote_active":false,"_monsterinsights_sitenote_note":"","_monsterinsights_sitenote_category":0,"footnotes":""},"categories":[40,46],"tags":[],"class_list":["post-181610","post","type-post","status-publish","format-standard","has-post-thumbnail","hentry","category-economia","category-nacional","post--single"],"_links":{"self":[{"href":"https:\/\/canal7slp.tv\/2026\/wp-json\/wp\/v2\/posts\/181610","targetHints":{"allow":["GET"]}}],"collection":[{"href":"https:\/\/canal7slp.tv\/2026\/wp-json\/wp\/v2\/posts"}],"about":[{"href":"https:\/\/canal7slp.tv\/2026\/wp-json\/wp\/v2\/types\/post"}],"author":[{"embeddable":true,"href":"https:\/\/canal7slp.tv\/2026\/wp-json\/wp\/v2\/users\/2"}],"replies":[{"embeddable":true,"href":"https:\/\/canal7slp.tv\/2026\/wp-json\/wp\/v2\/comments?post=181610"}],"version-history":[{"count":2,"href":"https:\/\/canal7slp.tv\/2026\/wp-json\/wp\/v2\/posts\/181610\/revisions"}],"predecessor-version":[{"id":181613,"href":"https:\/\/canal7slp.tv\/2026\/wp-json\/wp\/v2\/posts\/181610\/revisions\/181613"}],"wp:featuredmedia":[{"embeddable":true,"href":"https:\/\/canal7slp.tv\/2026\/wp-json\/wp\/v2\/media\/181611"}],"wp:attachment":[{"href":"https:\/\/canal7slp.tv\/2026\/wp-json\/wp\/v2\/media?parent=181610"}],"wp:term":[{"taxonomy":"category","embeddable":true,"href":"https:\/\/canal7slp.tv\/2026\/wp-json\/wp\/v2\/categories?post=181610"},{"taxonomy":"post_tag","embeddable":true,"href":"https:\/\/canal7slp.tv\/2026\/wp-json\/wp\/v2\/tags?post=181610"}],"curies":[{"name":"wp","href":"https:\/\/api.w.org\/{rel}","templated":true}]}}