{"id":181410,"date":"2025-10-07T16:55:07","date_gmt":"2025-10-07T22:55:07","guid":{"rendered":"https:\/\/canal7slp.tv\/2026\/?p=181410"},"modified":"2025-10-07T16:55:07","modified_gmt":"2025-10-07T22:55:07","slug":"crisis-de-desapariciones-en-mexico-minimizada-por-gobiernos-voz-y-dignidad","status":"publish","type":"post","link":"https:\/\/canal7slp.tv\/2026\/crisis-de-desapariciones-en-mexico-minimizada-por-gobiernos-voz-y-dignidad\/","title":{"rendered":"Crisis de desapariciones en M\u00e9xico, minimizada por gobiernos: Voz y Dignidad"},"content":{"rendered":"<p style=\"text-align: justify;\"><span style=\"font-size: 1.21429rem;\">SLP.- La presidenta del colectivo Voz y Dignidad por los Nuestros, Edith P\u00e9rez Rodr\u00edguez, se\u00f1al\u00f3 que los distintos niveles de gobierno minimizan la crisis de desapariciones en M\u00e9xico y que las familias han tenido que asumir las labores de b\u00fasqueda que corresponden al Estado.<\/span><\/p>\n<p style=\"text-align: justify;\">\u201cDonde hay una denuncia y tres m\u00e1s que no se denuncian, con eso te digo todo; a veces viene el fiscal y dicen que son mil desaparecidos, a veces viene el gobernador y dice que son dos desaparecidos, a veces viene la comisionado la fiscal general de la rep\u00fablica y dice que no son los 133,000 desaparecidos en el pa\u00eds\u201d, cuestion\u00f3.<\/p>\n<p style=\"text-align: justify;\">El colectivo ha tenido que acompa\u00f1ar a m\u00e1s de 500 familias en la b\u00fasqueda de sus seres queridos, muchas veces sin el respaldo institucional y enfrentando procesos burocr\u00e1ticos que retrasan la atenci\u00f3n a los casos.<\/p>\n<p style=\"text-align: justify;\">\u201cAyudamos a m\u00e1s de 500 personas en todo el estado y fuera del Estado y fuera del pa\u00eds, enlaz\u00e1ndonos con las autoridades, impulsando la b\u00fasqueda; si nos dicen vamos a ir a la ca\u00f1ada de lobo ah\u00ed vamos a acompa\u00f1ar que vamos a ir a bocas ah\u00ed vamos a acompa\u00f1arlos familias aunque no pertenezcan al colectivo\u201d, explic\u00f3.<\/p>\n<p style=\"text-align: justify;\">La activista lament\u00f3 que mientras las autoridades reparten versiones contradictorias sobre la magnitud del problema, las familias son quienes sostienen las brigadas de rastreo y el acompa\u00f1amiento social.<\/p>\n<p style=\"text-align: justify;\">\u201cNosotros nos ponemos un l\u00edmite para apoyar, a todos los que se acerquen les apoyamos con todo el amor a ellos a nuestros hijos y por ellos hacemos rayitas al cielo para apoyar a las dem\u00e1s familias\u201d, afirm\u00f3.<\/p>\n<p style=\"text-align: justify;\">Adem\u00e1s, denunci\u00f3 que las reformas impulsadas en materia de desaparici\u00f3n no se reflejan en la pr\u00e1ctica, ya que persisten vac\u00edos legales que afectan a los familiares que buscan declarar la ausencia de sus seres queridos.<\/p>\n<p style=\"text-align: justify;\">\u201cA pesar de ya haber una armonizaci\u00f3n de ley para la declaraci\u00f3n especial de ausencia el c\u00f3digo civil no ha sido reformado en esa cuesti\u00f3n y seguimos batallando con nuestras declaraciones de ausencia m\u00e1s de 10 a\u00f1os de haber desaparecido nuestra familia\u201d, se\u00f1al\u00f3.<\/p>\n<p>Por: Jos\u00e9 Luis V\u00e1zquez<\/p>\n","protected":false},"excerpt":{"rendered":"<p>SLP.- La presidenta del colectivo Voz y Dignidad por los Nuestros, Edith P\u00e9rez Rodr\u00edguez, se\u00f1al\u00f3 que los distintos niveles de gobierno minimizan la crisis de desapariciones en M\u00e9xico y que las familias han tenido que asumir las labores de b\u00fasqueda que corresponden al Estado. \u201cDonde hay una denuncia y tres m\u00e1s que no se denuncian, con eso te digo todo; a veces viene el fiscal y dicen que son mil desaparecidos, a veces viene el gobernador y dice que son dos desaparecidos, a veces viene la comisionado la fiscal general de la rep\u00fablica y dice que no son los 133,000 [&hellip;]<\/p>\n","protected":false},"author":2,"featured_media":181432,"comment_status":"closed","ping_status":"closed","sticky":false,"template":"","format":"video","meta":{"_monsterinsights_skip_tracking":false,"_monsterinsights_sitenote_active":false,"_monsterinsights_sitenote_note":"","_monsterinsights_sitenote_category":0,"footnotes":""},"categories":[5,45],"tags":[],"class_list":["post-181410","post","type-post","status-publish","format-video","has-post-thumbnail","hentry","category-destacadas","category-localesyregionales","post_format-post-format-video","post--single"],"_links":{"self":[{"href":"https:\/\/canal7slp.tv\/2026\/wp-json\/wp\/v2\/posts\/181410","targetHints":{"allow":["GET"]}}],"collection":[{"href":"https:\/\/canal7slp.tv\/2026\/wp-json\/wp\/v2\/posts"}],"about":[{"href":"https:\/\/canal7slp.tv\/2026\/wp-json\/wp\/v2\/types\/post"}],"author":[{"embeddable":true,"href":"https:\/\/canal7slp.tv\/2026\/wp-json\/wp\/v2\/users\/2"}],"replies":[{"embeddable":true,"href":"https:\/\/canal7slp.tv\/2026\/wp-json\/wp\/v2\/comments?post=181410"}],"version-history":[{"count":2,"href":"https:\/\/canal7slp.tv\/2026\/wp-json\/wp\/v2\/posts\/181410\/revisions"}],"predecessor-version":[{"id":181433,"href":"https:\/\/canal7slp.tv\/2026\/wp-json\/wp\/v2\/posts\/181410\/revisions\/181433"}],"wp:featuredmedia":[{"embeddable":true,"href":"https:\/\/canal7slp.tv\/2026\/wp-json\/wp\/v2\/media\/181432"}],"wp:attachment":[{"href":"https:\/\/canal7slp.tv\/2026\/wp-json\/wp\/v2\/media?parent=181410"}],"wp:term":[{"taxonomy":"category","embeddable":true,"href":"https:\/\/canal7slp.tv\/2026\/wp-json\/wp\/v2\/categories?post=181410"},{"taxonomy":"post_tag","embeddable":true,"href":"https:\/\/canal7slp.tv\/2026\/wp-json\/wp\/v2\/tags?post=181410"}],"curies":[{"name":"wp","href":"https:\/\/api.w.org\/{rel}","templated":true}]}}