{"id":181396,"date":"2025-10-07T15:58:06","date_gmt":"2025-10-07T21:58:06","guid":{"rendered":"https:\/\/canal7slp.tv\/2026\/?p=181396"},"modified":"2025-10-07T15:58:21","modified_gmt":"2025-10-07T21:58:21","slug":"greta-thunberg-acusa-a-israel-de-impedir-el-ingreso-de-ayuda-a-gaza","status":"publish","type":"post","link":"https:\/\/canal7slp.tv\/2026\/greta-thunberg-acusa-a-israel-de-impedir-el-ingreso-de-ayuda-a-gaza\/","title":{"rendered":"Greta Thunberg acusa a Israel de impedir el ingreso de ayuda a Gaza"},"content":{"rendered":"<p style=\"text-align: justify;\">Atenas.- La activista sueca Greta Thunberg se dirigi\u00f3 a los medios de comunicaci\u00f3n en el aeropuerto de Atenas, Grecia, tras ser deportada junto con otros 134 integrantes de la Flotilla Global Sumud.<\/p>\n<p style=\"text-align: justify;\">La agrupaci\u00f3n hab\u00eda sido interceptada en el Mediterr\u00e1neo cuando intentaba llevar ayuda humanitaria a la Franja de Gaza.<\/p>\n<p style=\"text-align: justify;\">Thunberg mencion\u00f3 que podr\u00eda detallar \u00abmalos tratos y abusos\u00bb durante su detenci\u00f3n por autoridades israel\u00edes, pero indic\u00f3 que ese no era el aspecto central de su mensaje.<\/p>\n<p style=\"text-align: justify;\">En su intervenci\u00f3n, la activista centr\u00f3 sus declaraciones en la situaci\u00f3n humanitaria en Gaza, afirmando que se est\u00e1 impidiendo la entrada de ayuda humanitaria mientras \u00abla gente se est\u00e1 muriendo de hambre\u00bb.<\/p>\n<p style=\"text-align: justify;\">En el aeropuerto, los miembros de la flotilla fueron recibidos por manifestantes que portaban banderas palestinas y pancartas de protesta.<\/p>\n","protected":false},"excerpt":{"rendered":"<p>Atenas.- La activista sueca Greta Thunberg se dirigi\u00f3 a los medios de comunicaci\u00f3n en el aeropuerto de Atenas, Grecia, tras ser deportada junto con otros 134 integrantes de la Flotilla Global Sumud. La agrupaci\u00f3n hab\u00eda sido interceptada en el Mediterr\u00e1neo cuando intentaba llevar ayuda humanitaria a la Franja de Gaza. Thunberg mencion\u00f3 que podr\u00eda detallar \u00abmalos tratos y abusos\u00bb durante su detenci\u00f3n por autoridades israel\u00edes, pero indic\u00f3 que ese no era el aspecto central de su mensaje. En su intervenci\u00f3n, la activista centr\u00f3 sus declaraciones en la situaci\u00f3n humanitaria en Gaza, afirmando que se est\u00e1 impidiendo la entrada de ayuda [&hellip;]<\/p>\n","protected":false},"author":2,"featured_media":181397,"comment_status":"closed","ping_status":"closed","sticky":false,"template":"","format":"standard","meta":{"_monsterinsights_skip_tracking":false,"_monsterinsights_sitenote_active":false,"_monsterinsights_sitenote_note":"","_monsterinsights_sitenote_category":0,"footnotes":""},"categories":[44],"tags":[],"class_list":["post-181396","post","type-post","status-publish","format-standard","has-post-thumbnail","hentry","category-internacional","post--single"],"_links":{"self":[{"href":"https:\/\/canal7slp.tv\/2026\/wp-json\/wp\/v2\/posts\/181396","targetHints":{"allow":["GET"]}}],"collection":[{"href":"https:\/\/canal7slp.tv\/2026\/wp-json\/wp\/v2\/posts"}],"about":[{"href":"https:\/\/canal7slp.tv\/2026\/wp-json\/wp\/v2\/types\/post"}],"author":[{"embeddable":true,"href":"https:\/\/canal7slp.tv\/2026\/wp-json\/wp\/v2\/users\/2"}],"replies":[{"embeddable":true,"href":"https:\/\/canal7slp.tv\/2026\/wp-json\/wp\/v2\/comments?post=181396"}],"version-history":[{"count":1,"href":"https:\/\/canal7slp.tv\/2026\/wp-json\/wp\/v2\/posts\/181396\/revisions"}],"predecessor-version":[{"id":181398,"href":"https:\/\/canal7slp.tv\/2026\/wp-json\/wp\/v2\/posts\/181396\/revisions\/181398"}],"wp:featuredmedia":[{"embeddable":true,"href":"https:\/\/canal7slp.tv\/2026\/wp-json\/wp\/v2\/media\/181397"}],"wp:attachment":[{"href":"https:\/\/canal7slp.tv\/2026\/wp-json\/wp\/v2\/media?parent=181396"}],"wp:term":[{"taxonomy":"category","embeddable":true,"href":"https:\/\/canal7slp.tv\/2026\/wp-json\/wp\/v2\/categories?post=181396"},{"taxonomy":"post_tag","embeddable":true,"href":"https:\/\/canal7slp.tv\/2026\/wp-json\/wp\/v2\/tags?post=181396"}],"curies":[{"name":"wp","href":"https:\/\/api.w.org\/{rel}","templated":true}]}}