{"id":181361,"date":"2025-10-07T14:17:39","date_gmt":"2025-10-07T20:17:39","guid":{"rendered":"https:\/\/canal7slp.tv\/2026\/?p=181361"},"modified":"2025-10-07T14:17:39","modified_gmt":"2025-10-07T20:17:39","slug":"iris-stalzer-alcaldesa-electa-en-alemania-es-hospitalizada-tras-ataque-con-arma-blanca","status":"publish","type":"post","link":"https:\/\/canal7slp.tv\/2026\/iris-stalzer-alcaldesa-electa-en-alemania-es-hospitalizada-tras-ataque-con-arma-blanca\/","title":{"rendered":"Iris Stalzer, alcaldesa electa en Alemania, es hospitalizada tras ataque con arma blanca"},"content":{"rendered":"<p style=\"text-align: justify;\">Herdecke.- Iris Stalzer, alcaldesa electa de la ciudad alemana de Herdecke, fue encontrada con heridas graves en su vivienda este martes.<\/p>\n<p style=\"text-align: justify;\">Las autoridades locales informaron que los hechos ocurrieron alrededor de la 1:00 pm, requiriendo que la funcionaria fuera trasladada en helic\u00f3ptero a un hospital donde permanece en estado cr\u00edtico.<\/p>\n<p style=\"text-align: justify;\">Aunque la polic\u00eda no especific\u00f3 la naturaleza de las lesiones, representantes pol\u00edticos alemanes han se\u00f1alado que se trat\u00f3 de un ataque con arma blanca.<\/p>\n<p style=\"text-align: justify;\">El canciller Friedrich Merz calific\u00f3 los hechos como \u00abun acto abominable\u00bb y expres\u00f3 su preocupaci\u00f3n por el estado de salud de Stalzer.<\/p>\n<p style=\"text-align: justify;\">Las investigaciones se encuentran en curso, descart\u00e1ndose por el momento un trasfondo familiar en los acontecimientos.<\/p>\n<p style=\"text-align: justify;\">Stalzer, de 57 a\u00f1os y miembro del Partido Socialdem\u00f3crata (SPD), hab\u00eda resultado electa el 28 de septiembre tras vencer al candidato de la Uni\u00f3n Dem\u00f3crata Cristiana (CDU) en segunda vuelta.<\/p>\n<p style=\"text-align: justify;\">Su toma de posesi\u00f3n estaba programada para el 1 de noviembre.<\/p>\n","protected":false},"excerpt":{"rendered":"<p>Herdecke.- Iris Stalzer, alcaldesa electa de la ciudad alemana de Herdecke, fue encontrada con heridas graves en su vivienda este martes. Las autoridades locales informaron que los hechos ocurrieron alrededor de la 1:00 pm, requiriendo que la funcionaria fuera trasladada en helic\u00f3ptero a un hospital donde permanece en estado cr\u00edtico. Aunque la polic\u00eda no especific\u00f3 la naturaleza de las lesiones, representantes pol\u00edticos alemanes han se\u00f1alado que se trat\u00f3 de un ataque con arma blanca. El canciller Friedrich Merz calific\u00f3 los hechos como \u00abun acto abominable\u00bb y expres\u00f3 su preocupaci\u00f3n por el estado de salud de Stalzer. Las investigaciones se encuentran [&hellip;]<\/p>\n","protected":false},"author":2,"featured_media":181362,"comment_status":"closed","ping_status":"closed","sticky":false,"template":"","format":"standard","meta":{"_monsterinsights_skip_tracking":false,"_monsterinsights_sitenote_active":false,"_monsterinsights_sitenote_note":"","_monsterinsights_sitenote_category":0,"footnotes":""},"categories":[44],"tags":[],"class_list":["post-181361","post","type-post","status-publish","format-standard","has-post-thumbnail","hentry","category-internacional","post--single"],"_links":{"self":[{"href":"https:\/\/canal7slp.tv\/2026\/wp-json\/wp\/v2\/posts\/181361","targetHints":{"allow":["GET"]}}],"collection":[{"href":"https:\/\/canal7slp.tv\/2026\/wp-json\/wp\/v2\/posts"}],"about":[{"href":"https:\/\/canal7slp.tv\/2026\/wp-json\/wp\/v2\/types\/post"}],"author":[{"embeddable":true,"href":"https:\/\/canal7slp.tv\/2026\/wp-json\/wp\/v2\/users\/2"}],"replies":[{"embeddable":true,"href":"https:\/\/canal7slp.tv\/2026\/wp-json\/wp\/v2\/comments?post=181361"}],"version-history":[{"count":1,"href":"https:\/\/canal7slp.tv\/2026\/wp-json\/wp\/v2\/posts\/181361\/revisions"}],"predecessor-version":[{"id":181363,"href":"https:\/\/canal7slp.tv\/2026\/wp-json\/wp\/v2\/posts\/181361\/revisions\/181363"}],"wp:featuredmedia":[{"embeddable":true,"href":"https:\/\/canal7slp.tv\/2026\/wp-json\/wp\/v2\/media\/181362"}],"wp:attachment":[{"href":"https:\/\/canal7slp.tv\/2026\/wp-json\/wp\/v2\/media?parent=181361"}],"wp:term":[{"taxonomy":"category","embeddable":true,"href":"https:\/\/canal7slp.tv\/2026\/wp-json\/wp\/v2\/categories?post=181361"},{"taxonomy":"post_tag","embeddable":true,"href":"https:\/\/canal7slp.tv\/2026\/wp-json\/wp\/v2\/tags?post=181361"}],"curies":[{"name":"wp","href":"https:\/\/api.w.org\/{rel}","templated":true}]}}