{"id":181357,"date":"2025-10-07T14:07:20","date_gmt":"2025-10-07T20:07:20","guid":{"rendered":"https:\/\/canal7slp.tv\/2026\/?p=181357"},"modified":"2025-10-07T14:07:20","modified_gmt":"2025-10-07T20:07:20","slug":"camara-de-diputados-descarta-iniciativa-que-buscaba-sancionar-con-carcel-creacion-de-memes","status":"publish","type":"post","link":"https:\/\/canal7slp.tv\/2026\/camara-de-diputados-descarta-iniciativa-que-buscaba-sancionar-con-carcel-creacion-de-memes\/","title":{"rendered":"C\u00e1mara de Diputados descarta iniciativa que buscaba sancionar con c\u00e1rcel creaci\u00f3n de memes"},"content":{"rendered":"<p style=\"text-align: justify;\">M\u00e9xico.- Una propuesta legislativa que buscaba sancionar con penas de prisi\u00f3n la creaci\u00f3n y distribuci\u00f3n de memes, stickers o contenidos digitales que ridiculicen a personas ha generado debate en la C\u00e1mara de Diputados.<\/p>\n<p style=\"text-align: justify;\">La iniciativa, presentada por el diputado Armando Corona Arvizu de Morena, propon\u00eda incorporar al C\u00f3digo Penal Federal penas de tres a seis a\u00f1os de prisi\u00f3n, adem\u00e1s de multas, para quienes elaboren o difundan este tipo de material, especialmente cuando se utilice inteligencia artificial o se afecte a servidores p\u00fablicos.<\/p>\n<p style=\"text-align: justify;\">Sin embargo, el coordinador de la bancada de Morena, Ricardo Monreal \u00c1vila, manifest\u00f3 que la propuesta no ser\u00e1 aprobada, se\u00f1alando que aunque los legislativos tienen derecho a presentar iniciativas, esta en particular no contar\u00eda con su respaldo por considerar que podr\u00eda afectar la libertad de expresi\u00f3n.<\/p>\n<p style=\"text-align: justify;\">Monreal recalc\u00f3 la importancia de ampliar derechos y libertades en lugar de restringirlos.<\/p>\n<p style=\"text-align: justify;\">La iniciativa hab\u00eda recibido cr\u00edticas de otros grupos parlamentarios.<\/p>\n<p style=\"text-align: justify;\">El coordinador del PAN, El\u00edas Lixa, la calific\u00f3 como \u00ababsurda y trasnochada\u00bb, mientras que Rub\u00e9n Moreira, coordinador del PRI, la consider\u00f3 \u00abinaceptable\u00bb y comparable con medidas propias de gobiernos dictatoriales.<\/p>\n<p style=\"text-align: justify;\">Tras la controversia generada, el diputado promotor habr\u00eda decidido retirar la propuesta y limit\u00f3 su presencia en redes sociales, seg\u00fan reportes de medios de comunicaci\u00f3n.<\/p>\n","protected":false},"excerpt":{"rendered":"<p>M\u00e9xico.- Una propuesta legislativa que buscaba sancionar con penas de prisi\u00f3n la creaci\u00f3n y distribuci\u00f3n de memes, stickers o contenidos digitales que ridiculicen a personas ha generado debate en la C\u00e1mara de Diputados. La iniciativa, presentada por el diputado Armando Corona Arvizu de Morena, propon\u00eda incorporar al C\u00f3digo Penal Federal penas de tres a seis a\u00f1os de prisi\u00f3n, adem\u00e1s de multas, para quienes elaboren o difundan este tipo de material, especialmente cuando se utilice inteligencia artificial o se afecte a servidores p\u00fablicos. Sin embargo, el coordinador de la bancada de Morena, Ricardo Monreal \u00c1vila, manifest\u00f3 que la propuesta no ser\u00e1 [&hellip;]<\/p>\n","protected":false},"author":2,"featured_media":181358,"comment_status":"closed","ping_status":"closed","sticky":false,"template":"","format":"standard","meta":{"_monsterinsights_skip_tracking":false,"_monsterinsights_sitenote_active":false,"_monsterinsights_sitenote_note":"","_monsterinsights_sitenote_category":0,"footnotes":""},"categories":[46],"tags":[],"class_list":["post-181357","post","type-post","status-publish","format-standard","has-post-thumbnail","hentry","category-nacional","post--single"],"_links":{"self":[{"href":"https:\/\/canal7slp.tv\/2026\/wp-json\/wp\/v2\/posts\/181357","targetHints":{"allow":["GET"]}}],"collection":[{"href":"https:\/\/canal7slp.tv\/2026\/wp-json\/wp\/v2\/posts"}],"about":[{"href":"https:\/\/canal7slp.tv\/2026\/wp-json\/wp\/v2\/types\/post"}],"author":[{"embeddable":true,"href":"https:\/\/canal7slp.tv\/2026\/wp-json\/wp\/v2\/users\/2"}],"replies":[{"embeddable":true,"href":"https:\/\/canal7slp.tv\/2026\/wp-json\/wp\/v2\/comments?post=181357"}],"version-history":[{"count":1,"href":"https:\/\/canal7slp.tv\/2026\/wp-json\/wp\/v2\/posts\/181357\/revisions"}],"predecessor-version":[{"id":181359,"href":"https:\/\/canal7slp.tv\/2026\/wp-json\/wp\/v2\/posts\/181357\/revisions\/181359"}],"wp:featuredmedia":[{"embeddable":true,"href":"https:\/\/canal7slp.tv\/2026\/wp-json\/wp\/v2\/media\/181358"}],"wp:attachment":[{"href":"https:\/\/canal7slp.tv\/2026\/wp-json\/wp\/v2\/media?parent=181357"}],"wp:term":[{"taxonomy":"category","embeddable":true,"href":"https:\/\/canal7slp.tv\/2026\/wp-json\/wp\/v2\/categories?post=181357"},{"taxonomy":"post_tag","embeddable":true,"href":"https:\/\/canal7slp.tv\/2026\/wp-json\/wp\/v2\/tags?post=181357"}],"curies":[{"name":"wp","href":"https:\/\/api.w.org\/{rel}","templated":true}]}}