{"id":181056,"date":"2025-10-03T14:45:15","date_gmt":"2025-10-03T20:45:15","guid":{"rendered":"https:\/\/canal7slp.tv\/2026\/?p=181056"},"modified":"2025-10-03T14:45:15","modified_gmt":"2025-10-03T20:45:15","slug":"detienen-en-sonora-a-copropietaria-de-la-guarderia-abc-tras-ser-deportada","status":"publish","type":"post","link":"https:\/\/canal7slp.tv\/2026\/detienen-en-sonora-a-copropietaria-de-la-guarderia-abc-tras-ser-deportada\/","title":{"rendered":"Detienen en Sonora a copropietaria de la Guarder\u00eda ABC tras ser deportada"},"content":{"rendered":"<p style=\"text-align: justify;\">Hermosillo.- La Fiscal\u00eda de Sonora inform\u00f3 sobre la detenci\u00f3n de Sandra Luc\u00eda T\u00e9llez Nieves, una de las copropietarias de la Guarder\u00eda ABC, tras ser deportada desde Estados Unidos, donde hab\u00eda permanecido pr\u00f3fuga por varios a\u00f1os. La detenci\u00f3n se llev\u00f3 a cabo en Hermosillo.<\/p>\n<p style=\"text-align: justify;\">T\u00e9llez Nieves hab\u00eda sido sentenciada previamente por los delitos de homicidio y lesiones culposas como consecuencia del incendio ocurrido el 5 de junio de 2009 en dicho centro infantil. Dicho evento result\u00f3 en el fallecimiento de 49 menores y m\u00e1s de 100 ni\u00f1os lesionados.<\/p>\n<p style=\"text-align: justify;\">De acuerdo con informaci\u00f3n de medios, su arresto se produjo primero en un centro de detenci\u00f3n en Eloy, Arizona, gracias a una orden de aprehensi\u00f3n que se manten\u00eda vigente desde 2022. Posteriormente, fue repatriada a M\u00e9xico por la frontera de Nogales y trasladada al Centro de Reinserci\u00f3n Social Femenil de Hermosillo.<\/p>\n<p style=\"text-align: justify;\">La Fiscal\u00eda estatal confirm\u00f3 que la detenci\u00f3n tiene como fin que cumpla la sentencia condenatoria que se le dict\u00f3. Aunque la condena original en 2016 era de 28 a\u00f1os de prisi\u00f3n, esta fue reducida mediante recursos legales a 5 a\u00f1os y 7 meses.<\/p>\n<p style=\"text-align: justify;\">\n","protected":false},"excerpt":{"rendered":"<p>Hermosillo.- La Fiscal\u00eda de Sonora inform\u00f3 sobre la detenci\u00f3n de Sandra Luc\u00eda T\u00e9llez Nieves, una de las copropietarias de la Guarder\u00eda ABC, tras ser deportada desde Estados Unidos, donde hab\u00eda permanecido pr\u00f3fuga por varios a\u00f1os. La detenci\u00f3n se llev\u00f3 a cabo en Hermosillo. T\u00e9llez Nieves hab\u00eda sido sentenciada previamente por los delitos de homicidio y lesiones culposas como consecuencia del incendio ocurrido el 5 de junio de 2009 en dicho centro infantil. Dicho evento result\u00f3 en el fallecimiento de 49 menores y m\u00e1s de 100 ni\u00f1os lesionados. De acuerdo con informaci\u00f3n de medios, su arresto se produjo primero en un [&hellip;]<\/p>\n","protected":false},"author":2,"featured_media":181057,"comment_status":"closed","ping_status":"closed","sticky":false,"template":"","format":"standard","meta":{"_monsterinsights_skip_tracking":false,"_monsterinsights_sitenote_active":false,"_monsterinsights_sitenote_note":"","_monsterinsights_sitenote_category":0,"footnotes":""},"categories":[46],"tags":[],"class_list":["post-181056","post","type-post","status-publish","format-standard","has-post-thumbnail","hentry","category-nacional","post--single"],"_links":{"self":[{"href":"https:\/\/canal7slp.tv\/2026\/wp-json\/wp\/v2\/posts\/181056","targetHints":{"allow":["GET"]}}],"collection":[{"href":"https:\/\/canal7slp.tv\/2026\/wp-json\/wp\/v2\/posts"}],"about":[{"href":"https:\/\/canal7slp.tv\/2026\/wp-json\/wp\/v2\/types\/post"}],"author":[{"embeddable":true,"href":"https:\/\/canal7slp.tv\/2026\/wp-json\/wp\/v2\/users\/2"}],"replies":[{"embeddable":true,"href":"https:\/\/canal7slp.tv\/2026\/wp-json\/wp\/v2\/comments?post=181056"}],"version-history":[{"count":1,"href":"https:\/\/canal7slp.tv\/2026\/wp-json\/wp\/v2\/posts\/181056\/revisions"}],"predecessor-version":[{"id":181058,"href":"https:\/\/canal7slp.tv\/2026\/wp-json\/wp\/v2\/posts\/181056\/revisions\/181058"}],"wp:featuredmedia":[{"embeddable":true,"href":"https:\/\/canal7slp.tv\/2026\/wp-json\/wp\/v2\/media\/181057"}],"wp:attachment":[{"href":"https:\/\/canal7slp.tv\/2026\/wp-json\/wp\/v2\/media?parent=181056"}],"wp:term":[{"taxonomy":"category","embeddable":true,"href":"https:\/\/canal7slp.tv\/2026\/wp-json\/wp\/v2\/categories?post=181056"},{"taxonomy":"post_tag","embeddable":true,"href":"https:\/\/canal7slp.tv\/2026\/wp-json\/wp\/v2\/tags?post=181056"}],"curies":[{"name":"wp","href":"https:\/\/api.w.org\/{rel}","templated":true}]}}