{"id":180922,"date":"2025-10-01T19:48:45","date_gmt":"2025-10-02T01:48:45","guid":{"rendered":"https:\/\/canal7slp.tv\/2026\/?p=180922"},"modified":"2025-10-01T19:48:45","modified_gmt":"2025-10-02T01:48:45","slug":"alianza-empresarial-se-reunio-con-diputados-federales-a-fin-de-sugerir-modificaciones-en-temas-varios","status":"publish","type":"post","link":"https:\/\/canal7slp.tv\/2026\/alianza-empresarial-se-reunio-con-diputados-federales-a-fin-de-sugerir-modificaciones-en-temas-varios\/","title":{"rendered":"Alianza Empresarial se reuni\u00f3 con Diputados Federales a fin de sugerir modificaciones en temas varios"},"content":{"rendered":"<p style=\"text-align: justify;\">SLP.- Integrantes de la Alianza Empresarial de San Luis Potos\u00ed se reunieron con legisladores que son parte de la Comisi\u00f3n de Hacienda y Cr\u00e9dito P\u00fablico de la C\u00e1mara de Diputados en la Ciudad de M\u00e9xico a fin de solicitar apoyo en diversos temas de repercusi\u00f3n econ\u00f3mica para los emprendedores de la entidad.<\/p>\n<p style=\"text-align: justify;\">La presidenta de la C\u00e1mara Nacional de la Industria de la Transformaci\u00f3n, Imelda Elizalde, extern\u00f3 que una de las mejoras que se solicit\u00f3 es la movilidad de la zona industrial local.<\/p>\n<p style=\"text-align: justify;\">\u201cRemodelaci\u00f3n y la re infraestructura de fondo, no nada m\u00e1s en cuanto a bacheo o en cuanto alineaci\u00f3n de v\u00edas (\u2026) la idea es que exista un presupuesto asignado desde la cuota federal que pueda apoyar el impulso que se ha prometido tambi\u00e9n desde el gobierno estatal y el gobierno municipal (\u2026) definitivamente la parte de la movilidad, el acceso, las v\u00edas de acceso, la vinculaci\u00f3n con la carretera 57, todas las salidas hacia la carretera 57\u201d.<\/p>\n<p style=\"text-align: justify;\">Otro tema a tocar es el impulso a la industria de los restaurantes, as\u00ed lo mencion\u00f3 el presidente de la C\u00e1mara Nacional de la Industria de Restaurantes y Alimentos Condimentados, Alejandro Espinosa Abaroa quien se\u00f1al\u00f3 que en el a\u00f1o 2025 esta industria ha disminuido en un 20%.<\/p>\n<p style=\"text-align: justify;\">\u201cRealmente la industria restaurantera necesita un impulso y ese impulso se lo dar\u00eda si hacen deducible al 100% la facturaci\u00f3n (\u2026) porque las empresas hoy han dejado de gastar en los restaurantes porque pr\u00e1cticamente los gastos no son deducibles los de los restaurantes\u201d<\/p>\n<p style=\"text-align: justify;\">El presidente de la Aderiac, Daniel Escobedo, hond\u00f3 en la condonaci\u00f3n de impuestos.<\/p>\n<p style=\"text-align: justify;\">\u201cNosotros presentamos tres principalmente, la primera los vales de despensa que nos son deducibles al 100%, el fondo de ahorro que tampoco es deducible al 100% y los bonos especiales o bonos de productividad (\u2026) t\u00fa le das un bono al trabajador y tambi\u00e9n tiene una deducibilidad que le afecta a su pago de impuestos (\u2026) que sean deducibles al 100%, que el empleado no pague impuestos, que la empresa no pague impuestos y esto ayudar\u00eda a la compensaci\u00f3n total garantizada de las personas\u201d.<\/p>\n<p style=\"text-align: justify;\">Para finalizar el presidente de la Confederaci\u00f3n Patronal de la Rep\u00fablica Mexicana, Luis Gerardo Ortu\u00f1o D\u00edaz Infante, asegur\u00f3 que estos temas se tocaron ya con la presidenta de la Rep\u00fablica Mexicana, Claudia Sheinbaum durante su m\u00e1s reciente visita a tierras potosinas.<\/p>\n<p style=\"text-align: justify;\">\u201cTuvimos la oportunidad de hablar con ella, le dijimos \u00e9chenos la mano con la zona industrial de San Luis Potos\u00ed, \u00e9chenos la mano con la carretera 57 desde M\u00e9xico y realmente que qued\u00f3 como impactada\u201d.<\/p>\n<p style=\"text-align: justify;\">Por: Juan Carlos Contreras<\/p>\n","protected":false},"excerpt":{"rendered":"<p>SLP.- Integrantes de la Alianza Empresarial de San Luis Potos\u00ed se reunieron con legisladores que son parte de la Comisi\u00f3n de Hacienda y Cr\u00e9dito P\u00fablico de la C\u00e1mara de Diputados en la Ciudad de M\u00e9xico a fin de solicitar apoyo en diversos temas de repercusi\u00f3n econ\u00f3mica para los emprendedores de la entidad. La presidenta de la C\u00e1mara Nacional de la Industria de la Transformaci\u00f3n, Imelda Elizalde, extern\u00f3 que una de las mejoras que se solicit\u00f3 es la movilidad de la zona industrial local. \u201cRemodelaci\u00f3n y la re infraestructura de fondo, no nada m\u00e1s en cuanto a bacheo o en cuanto [&hellip;]<\/p>\n","protected":false},"author":2,"featured_media":180927,"comment_status":"closed","ping_status":"closed","sticky":false,"template":"","format":"video","meta":{"_monsterinsights_skip_tracking":false,"_monsterinsights_sitenote_active":false,"_monsterinsights_sitenote_note":"","_monsterinsights_sitenote_category":0,"footnotes":""},"categories":[5,45],"tags":[],"class_list":["post-180922","post","type-post","status-publish","format-video","has-post-thumbnail","hentry","category-destacadas","category-localesyregionales","post_format-post-format-video","post--single"],"_links":{"self":[{"href":"https:\/\/canal7slp.tv\/2026\/wp-json\/wp\/v2\/posts\/180922","targetHints":{"allow":["GET"]}}],"collection":[{"href":"https:\/\/canal7slp.tv\/2026\/wp-json\/wp\/v2\/posts"}],"about":[{"href":"https:\/\/canal7slp.tv\/2026\/wp-json\/wp\/v2\/types\/post"}],"author":[{"embeddable":true,"href":"https:\/\/canal7slp.tv\/2026\/wp-json\/wp\/v2\/users\/2"}],"replies":[{"embeddable":true,"href":"https:\/\/canal7slp.tv\/2026\/wp-json\/wp\/v2\/comments?post=180922"}],"version-history":[{"count":3,"href":"https:\/\/canal7slp.tv\/2026\/wp-json\/wp\/v2\/posts\/180922\/revisions"}],"predecessor-version":[{"id":180929,"href":"https:\/\/canal7slp.tv\/2026\/wp-json\/wp\/v2\/posts\/180922\/revisions\/180929"}],"wp:featuredmedia":[{"embeddable":true,"href":"https:\/\/canal7slp.tv\/2026\/wp-json\/wp\/v2\/media\/180927"}],"wp:attachment":[{"href":"https:\/\/canal7slp.tv\/2026\/wp-json\/wp\/v2\/media?parent=180922"}],"wp:term":[{"taxonomy":"category","embeddable":true,"href":"https:\/\/canal7slp.tv\/2026\/wp-json\/wp\/v2\/categories?post=180922"},{"taxonomy":"post_tag","embeddable":true,"href":"https:\/\/canal7slp.tv\/2026\/wp-json\/wp\/v2\/tags?post=180922"}],"curies":[{"name":"wp","href":"https:\/\/api.w.org\/{rel}","templated":true}]}}