{"id":180912,"date":"2025-10-01T19:54:14","date_gmt":"2025-10-02T01:54:14","guid":{"rendered":"https:\/\/canal7slp.tv\/2026\/?p=180912"},"modified":"2025-10-01T19:54:14","modified_gmt":"2025-10-02T01:54:14","slug":"cumple-un-ano-el-programa-municipal-capital-al-100","status":"publish","type":"post","link":"https:\/\/canal7slp.tv\/2026\/cumple-un-ano-el-programa-municipal-capital-al-100\/","title":{"rendered":"Cumple un a\u00f1o el programa municipal Capital al 100"},"content":{"rendered":"<p style=\"text-align: justify;\"><span style=\"font-size: 1.21429rem;\">SLP.- En el inicio del segundo a\u00f1o del programa Capital al 100 el presidente municipal capitalino puso en marcha el rescate de espacios p\u00fablicos y mejoras en la colonia Las Piedras.<\/span><\/p>\n<p style=\"text-align: justify;\">En este lugar, se rehabilit\u00f3 un predio en las calles Grava y Nueva Vizcaya con la participaci\u00f3n de los vecinos.<\/p>\n<p style=\"text-align: justify;\">Los vecinos de este lugar celebraron que finalmente se haya dado atenci\u00f3n a un terreno que se encontraba lleno de basura y maleza y que les generaba serios problemas de inseguridad, adem\u00e1s de ser un foco de infecci\u00f3n.<\/p>\n<p style=\"text-align: justify;\">En el marco de esta jornada n\u00famero 366 del programa Capital al 100 y a un a\u00f1o de haber iniciado el presidente municipal afirm\u00f3 que se mantendr\u00e1 durante los dos a\u00f1os que le restan a su administraci\u00f3n, con el objetivo de seguir mejorando las condiciones de muchas colonias, barrios y comunidades del municipio capitalino.<\/p>\n<p>Por: Claudio Ibarra<\/p>\n","protected":false},"excerpt":{"rendered":"<p>SLP.- En el inicio del segundo a\u00f1o del programa Capital al 100 el presidente municipal capitalino puso en marcha el rescate de espacios p\u00fablicos y mejoras en la colonia Las Piedras. En este lugar, se rehabilit\u00f3 un predio en las calles Grava y Nueva Vizcaya con la participaci\u00f3n de los vecinos. Los vecinos de este lugar celebraron que finalmente se haya dado atenci\u00f3n a un terreno que se encontraba lleno de basura y maleza y que les generaba serios problemas de inseguridad, adem\u00e1s de ser un foco de infecci\u00f3n. En el marco de esta jornada n\u00famero 366 del programa Capital [&hellip;]<\/p>\n","protected":false},"author":2,"featured_media":180931,"comment_status":"closed","ping_status":"closed","sticky":false,"template":"","format":"video","meta":{"_monsterinsights_skip_tracking":false,"_monsterinsights_sitenote_active":false,"_monsterinsights_sitenote_note":"","_monsterinsights_sitenote_category":0,"footnotes":""},"categories":[66,5,45],"tags":[],"class_list":["post-180912","post","type-post","status-publish","format-video","has-post-thumbnail","hentry","category-ayoslp","category-destacadas","category-localesyregionales","post_format-post-format-video","post--single"],"_links":{"self":[{"href":"https:\/\/canal7slp.tv\/2026\/wp-json\/wp\/v2\/posts\/180912","targetHints":{"allow":["GET"]}}],"collection":[{"href":"https:\/\/canal7slp.tv\/2026\/wp-json\/wp\/v2\/posts"}],"about":[{"href":"https:\/\/canal7slp.tv\/2026\/wp-json\/wp\/v2\/types\/post"}],"author":[{"embeddable":true,"href":"https:\/\/canal7slp.tv\/2026\/wp-json\/wp\/v2\/users\/2"}],"replies":[{"embeddable":true,"href":"https:\/\/canal7slp.tv\/2026\/wp-json\/wp\/v2\/comments?post=180912"}],"version-history":[{"count":2,"href":"https:\/\/canal7slp.tv\/2026\/wp-json\/wp\/v2\/posts\/180912\/revisions"}],"predecessor-version":[{"id":180932,"href":"https:\/\/canal7slp.tv\/2026\/wp-json\/wp\/v2\/posts\/180912\/revisions\/180932"}],"wp:featuredmedia":[{"embeddable":true,"href":"https:\/\/canal7slp.tv\/2026\/wp-json\/wp\/v2\/media\/180931"}],"wp:attachment":[{"href":"https:\/\/canal7slp.tv\/2026\/wp-json\/wp\/v2\/media?parent=180912"}],"wp:term":[{"taxonomy":"category","embeddable":true,"href":"https:\/\/canal7slp.tv\/2026\/wp-json\/wp\/v2\/categories?post=180912"},{"taxonomy":"post_tag","embeddable":true,"href":"https:\/\/canal7slp.tv\/2026\/wp-json\/wp\/v2\/tags?post=180912"}],"curies":[{"name":"wp","href":"https:\/\/api.w.org\/{rel}","templated":true}]}}