{"id":180895,"date":"2025-10-01T16:53:27","date_gmt":"2025-10-01T22:53:27","guid":{"rendered":"https:\/\/canal7slp.tv\/2026\/?p=180895"},"modified":"2025-10-01T16:53:27","modified_gmt":"2025-10-01T22:53:27","slug":"confirmados-dos-casos-de-sarampion-en-san-luis-potosi","status":"publish","type":"post","link":"https:\/\/canal7slp.tv\/2026\/confirmados-dos-casos-de-sarampion-en-san-luis-potosi\/","title":{"rendered":"Confirmados dos casos de sarampi\u00f3n en San Luis Potos\u00ed"},"content":{"rendered":"<p style=\"text-align: justify;\"><span style=\"font-size: 1.21429rem;\">SLP.- La Secretar\u00eda de Salud en San Luis Potos\u00ed confirm\u00f3 la detecci\u00f3n de dos casos de sarampi\u00f3n en la entidad, uno de ellos recientemente en la Zona Altiplano, lo que activ\u00f3 un cerco sanitario para contener posibles contagios.<\/span><\/p>\n<p style=\"text-align: justify;\">La titular de la dependencia, Leticia G\u00f3mez Ordaz, explic\u00f3 que se trabaja en coordinaci\u00f3n con instancias federales para dar seguimiento a la situaci\u00f3n y reforzar las campa\u00f1as de vacunaci\u00f3n.<\/p>\n<p style=\"text-align: justify;\">\u201cEs correcto tenemos un nuevo caso en el altiplano se hizo el cerco sanitario y ahorita estamos en contenci\u00f3n de ese caso\u201d, inform\u00f3.<\/p>\n<p style=\"text-align: justify;\">Detall\u00f3 que los casos confirmados corresponden a una mujer y a un paciente previo que fue considerado como el inicial.<\/p>\n<p style=\"text-align: justify;\">\u201cEl que se tuvo que era el piloto, que afortunadamente no contagi\u00f3 a nadie, y este nuevo caso en el altiplano que se dio en d\u00edas pasados\u201d, reiter\u00f3.<\/p>\n<p style=\"text-align: justify;\">Continu\u00f3: \u201cEs una mujer, es una mujer de m\u00e1s o menos mi edad, desde el estado se contin\u00faan con las campa\u00f1as de vacunaci\u00f3n seguimos como ustedes lo saben yendo a todos los municipios llevando las ferias de salud donde tambi\u00e9n invitamos a toda la gente que no est\u00e1 vacunada\u00bb.<\/p>\n<p style=\"text-align: justify;\">Asimismo, destac\u00f3 que cualquier nuevo registro ser\u00e1 informado por la federaci\u00f3n en los reportes oficiales.<\/p>\n<p style=\"text-align: justify;\">\u201cEn cuanto se detecte cualquier otro caso m\u00e1s se ve reflejado en la informaci\u00f3n que da el Gobierno Federal, pero ahorita como sabemos tenemos dos\u201d, concluy\u00f3.<\/p>\n<p>Por: Jos\u00e9 Luis V\u00e1zquez<\/p>\n","protected":false},"excerpt":{"rendered":"<p>SLP.- La Secretar\u00eda de Salud en San Luis Potos\u00ed confirm\u00f3 la detecci\u00f3n de dos casos de sarampi\u00f3n en la entidad, uno de ellos recientemente en la Zona Altiplano, lo que activ\u00f3 un cerco sanitario para contener posibles contagios. La titular de la dependencia, Leticia G\u00f3mez Ordaz, explic\u00f3 que se trabaja en coordinaci\u00f3n con instancias federales para dar seguimiento a la situaci\u00f3n y reforzar las campa\u00f1as de vacunaci\u00f3n. \u201cEs correcto tenemos un nuevo caso en el altiplano se hizo el cerco sanitario y ahorita estamos en contenci\u00f3n de ese caso\u201d, inform\u00f3. Detall\u00f3 que los casos confirmados corresponden a una mujer y [&hellip;]<\/p>\n","protected":false},"author":2,"featured_media":180901,"comment_status":"closed","ping_status":"closed","sticky":false,"template":"","format":"video","meta":{"_monsterinsights_skip_tracking":false,"_monsterinsights_sitenote_active":false,"_monsterinsights_sitenote_note":"","_monsterinsights_sitenote_category":0,"footnotes":""},"categories":[5,510,45],"tags":[],"class_list":["post-180895","post","type-post","status-publish","format-video","has-post-thumbnail","hentry","category-destacadas","category-gobedoslp","category-localesyregionales","post_format-post-format-video","post--single"],"_links":{"self":[{"href":"https:\/\/canal7slp.tv\/2026\/wp-json\/wp\/v2\/posts\/180895","targetHints":{"allow":["GET"]}}],"collection":[{"href":"https:\/\/canal7slp.tv\/2026\/wp-json\/wp\/v2\/posts"}],"about":[{"href":"https:\/\/canal7slp.tv\/2026\/wp-json\/wp\/v2\/types\/post"}],"author":[{"embeddable":true,"href":"https:\/\/canal7slp.tv\/2026\/wp-json\/wp\/v2\/users\/2"}],"replies":[{"embeddable":true,"href":"https:\/\/canal7slp.tv\/2026\/wp-json\/wp\/v2\/comments?post=180895"}],"version-history":[{"count":2,"href":"https:\/\/canal7slp.tv\/2026\/wp-json\/wp\/v2\/posts\/180895\/revisions"}],"predecessor-version":[{"id":180902,"href":"https:\/\/canal7slp.tv\/2026\/wp-json\/wp\/v2\/posts\/180895\/revisions\/180902"}],"wp:featuredmedia":[{"embeddable":true,"href":"https:\/\/canal7slp.tv\/2026\/wp-json\/wp\/v2\/media\/180901"}],"wp:attachment":[{"href":"https:\/\/canal7slp.tv\/2026\/wp-json\/wp\/v2\/media?parent=180895"}],"wp:term":[{"taxonomy":"category","embeddable":true,"href":"https:\/\/canal7slp.tv\/2026\/wp-json\/wp\/v2\/categories?post=180895"},{"taxonomy":"post_tag","embeddable":true,"href":"https:\/\/canal7slp.tv\/2026\/wp-json\/wp\/v2\/tags?post=180895"}],"curies":[{"name":"wp","href":"https:\/\/api.w.org\/{rel}","templated":true}]}}