{"id":180837,"date":"2025-10-01T13:45:37","date_gmt":"2025-10-01T19:45:37","guid":{"rendered":"https:\/\/canal7slp.tv\/2026\/?p=180837"},"modified":"2025-10-01T13:45:37","modified_gmt":"2025-10-01T19:45:37","slug":"conagua-afirma-que-cumplira-entrega-de-agua-a-eua-para-finales-de-octubre","status":"publish","type":"post","link":"https:\/\/canal7slp.tv\/2026\/conagua-afirma-que-cumplira-entrega-de-agua-a-eua-para-finales-de-octubre\/","title":{"rendered":"Conagua afirma que cumplir\u00e1 entrega de agua a EUA para finales de octubre"},"content":{"rendered":"<p style=\"text-align: justify;\">M\u00e9xico.- Autoridades mexicanas afirmaron que el pa\u00eds cumplir\u00e1 con la entrega de agua comprometida a Estados Unidos para finales de octubre, de acuerdo con lo establecido en el Tratado de Aguas de 1944.<\/p>\n<p style=\"text-align: justify;\">Efra\u00edn Morales L\u00f3pez, titular de la Comisi\u00f3n Nacional del Agua (Conagua), se\u00f1al\u00f3 que no existen dificultades para concretar el compromiso pendiente.<\/p>\n<p style=\"text-align: justify;\">Durante la conferencia matutina presidencial, el funcionario reconoci\u00f3 que condiciones de sequ\u00eda extrema en a\u00f1os anteriores afectaron el cumplimiento del volumen total acordado por quinquenio, que es de aproximadamente 2,157 millones de metros c\u00fabicos.<\/p>\n<p style=\"text-align: justify;\">Sin embargo, destac\u00f3 que mediante el di\u00e1logo se estableci\u00f3 un calendario espec\u00edfico para este ciclo.<\/p>\n<p style=\"text-align: justify;\">La Presidenta Claudia Sheinbaum respald\u00f3 esta postura, mencionando que existe comunicaci\u00f3n constante con autoridades estadounidenses y gobernadores fronterizos, y que se anticipan lluvias importantes en la regi\u00f3n que facilitar\u00e1n el cumplimiento del acuerdo.<\/p>\n","protected":false},"excerpt":{"rendered":"<p>M\u00e9xico.- Autoridades mexicanas afirmaron que el pa\u00eds cumplir\u00e1 con la entrega de agua comprometida a Estados Unidos para finales de octubre, de acuerdo con lo establecido en el Tratado de Aguas de 1944. Efra\u00edn Morales L\u00f3pez, titular de la Comisi\u00f3n Nacional del Agua (Conagua), se\u00f1al\u00f3 que no existen dificultades para concretar el compromiso pendiente. Durante la conferencia matutina presidencial, el funcionario reconoci\u00f3 que condiciones de sequ\u00eda extrema en a\u00f1os anteriores afectaron el cumplimiento del volumen total acordado por quinquenio, que es de aproximadamente 2,157 millones de metros c\u00fabicos. Sin embargo, destac\u00f3 que mediante el di\u00e1logo se estableci\u00f3 un calendario espec\u00edfico [&hellip;]<\/p>\n","protected":false},"author":2,"featured_media":180838,"comment_status":"closed","ping_status":"closed","sticky":false,"template":"","format":"standard","meta":{"_monsterinsights_skip_tracking":false,"_monsterinsights_sitenote_active":false,"_monsterinsights_sitenote_note":"","_monsterinsights_sitenote_category":0,"footnotes":""},"categories":[46],"tags":[],"class_list":["post-180837","post","type-post","status-publish","format-standard","has-post-thumbnail","hentry","category-nacional","post--single"],"_links":{"self":[{"href":"https:\/\/canal7slp.tv\/2026\/wp-json\/wp\/v2\/posts\/180837","targetHints":{"allow":["GET"]}}],"collection":[{"href":"https:\/\/canal7slp.tv\/2026\/wp-json\/wp\/v2\/posts"}],"about":[{"href":"https:\/\/canal7slp.tv\/2026\/wp-json\/wp\/v2\/types\/post"}],"author":[{"embeddable":true,"href":"https:\/\/canal7slp.tv\/2026\/wp-json\/wp\/v2\/users\/2"}],"replies":[{"embeddable":true,"href":"https:\/\/canal7slp.tv\/2026\/wp-json\/wp\/v2\/comments?post=180837"}],"version-history":[{"count":1,"href":"https:\/\/canal7slp.tv\/2026\/wp-json\/wp\/v2\/posts\/180837\/revisions"}],"predecessor-version":[{"id":180839,"href":"https:\/\/canal7slp.tv\/2026\/wp-json\/wp\/v2\/posts\/180837\/revisions\/180839"}],"wp:featuredmedia":[{"embeddable":true,"href":"https:\/\/canal7slp.tv\/2026\/wp-json\/wp\/v2\/media\/180838"}],"wp:attachment":[{"href":"https:\/\/canal7slp.tv\/2026\/wp-json\/wp\/v2\/media?parent=180837"}],"wp:term":[{"taxonomy":"category","embeddable":true,"href":"https:\/\/canal7slp.tv\/2026\/wp-json\/wp\/v2\/categories?post=180837"},{"taxonomy":"post_tag","embeddable":true,"href":"https:\/\/canal7slp.tv\/2026\/wp-json\/wp\/v2\/tags?post=180837"}],"curies":[{"name":"wp","href":"https:\/\/api.w.org\/{rel}","templated":true}]}}