{"id":188149,"date":"2025-12-17T18:22:24","date_gmt":"2025-12-18T00:22:24","guid":{"rendered":"https:\/\/canal7slp.tv\/2025\/?p=188149"},"modified":"2025-12-17T18:22:24","modified_gmt":"2025-12-18T00:22:24","slug":"reabren-autopista-tepic-mazatlan-tras-enfrentamientos-en-escuinapa","status":"publish","type":"post","link":"https:\/\/canal7slp.tv\/2025\/reabren-autopista-tepic-mazatlan-tras-enfrentamientos-en-escuinapa\/","title":{"rendered":"Reabren autopista Tepic\u2013Mazatl\u00e1n tras enfrentamientos en Escuinapa"},"content":{"rendered":"<p style=\"text-align: justify;\">M\u00e9xico.- Luego de los enfrentamientos registrados la ma\u00f1ana de este mi\u00e9rcoles 17 de diciembre en el municipio de Escuinapa, Sinaloa, las autoridades informaron que la circulaci\u00f3n en la autopista Tepic\u2013Mazatl\u00e1n fue restablecida despu\u00e9s de las 14:00 horas, tras mantenerse cerrada de manera preventiva.<\/p>\n<p style=\"text-align: justify;\">Los hechos, que incluyeron detonaciones y bloqueos, llevaron al cierre total de la vialidad en ambos sentidos como medida de protecci\u00f3n civil. La Secretar\u00eda de Seguridad P\u00fablica de Sinaloa, en coordinaci\u00f3n con el Grupo Interinstitucional y corporaciones de los tres \u00f3rdenes de gobierno, despleg\u00f3 un operativo para liberar la v\u00eda y garantizar la seguridad en la zona.<\/p>\n<p style=\"text-align: justify;\">Durante las labores, el tr\u00e1nsito vehicular fue desviado de forma temporal por la carretera libre Tepic\u2013Mazatl\u00e1n, bajo supervisi\u00f3n de las autoridades. En el operativo participaron elementos de la Secretar\u00eda de la Defensa Nacional, la Guardia Nacional y la Secretar\u00eda de Marina, quienes intervinieron para retomar el control del \u00e1rea.<\/p>\n<p style=\"text-align: justify;\">El secretario de Seguridad y Protecci\u00f3n Ciudadana de Nayarit, Manas\u00e9s Langarica Verd\u00edn, precis\u00f3 que los enfrentamientos ocurrieron dentro del territorio de Escuinapa, sin que se reportaran afectaciones directas en su estado. No obstante, indic\u00f3 que se implement\u00f3 un operativo de blindaje en la frontera interestatal, con filtros de revisi\u00f3n y vigilancia en carreteras y zonas colindantes.<\/p>\n<p style=\"text-align: justify;\">Las autoridades reiteraron el llamado a la poblaci\u00f3n a atender las indicaciones oficiales, mantenerse informada a trav\u00e9s de canales institucionales y extremar precauciones al transitar por la regi\u00f3n.<\/p>\n","protected":false},"excerpt":{"rendered":"<p>M\u00e9xico.- Luego de los enfrentamientos registrados la ma\u00f1ana de este mi\u00e9rcoles 17 de diciembre en el municipio de Escuinapa, Sinaloa, las autoridades informaron que la circulaci\u00f3n en la autopista Tepic\u2013Mazatl\u00e1n fue restablecida despu\u00e9s de las 14:00 horas, tras mantenerse cerrada de manera preventiva. Los hechos, que incluyeron detonaciones y bloqueos, llevaron al cierre total de la vialidad en ambos sentidos como medida de protecci\u00f3n civil. La Secretar\u00eda de Seguridad P\u00fablica de Sinaloa, en coordinaci\u00f3n con el Grupo Interinstitucional y corporaciones de los tres \u00f3rdenes de gobierno, despleg\u00f3 un operativo para liberar la v\u00eda y garantizar la seguridad en la zona. [&hellip;]<\/p>\n","protected":false},"author":2,"featured_media":188150,"comment_status":"closed","ping_status":"closed","sticky":false,"template":"","format":"standard","meta":{"_monsterinsights_skip_tracking":false,"_monsterinsights_sitenote_active":false,"_monsterinsights_sitenote_note":"","_monsterinsights_sitenote_category":0,"footnotes":""},"categories":[46],"tags":[],"class_list":["post-188149","post","type-post","status-publish","format-standard","has-post-thumbnail","hentry","category-nacional","post--single"],"yoast_head":"<!-- This site is optimized with the Yoast SEO plugin v27.5 - https:\/\/yoast.com\/product\/yoast-seo-wordpress\/ -->\n<title>Reabren autopista Tepic\u2013Mazatl\u00e1n tras enfrentamientos en Escuinapa - Canal 7 SLP - 2025<\/title>\n<meta name=\"robots\" content=\"index, follow, max-snippet:-1, max-image-preview:large, max-video-preview:-1\" \/>\n<link rel=\"canonical\" href=\"https:\/\/canal7slp.tv\/2025\/reabren-autopista-tepic-mazatlan-tras-enfrentamientos-en-escuinapa\/\" \/>\n<meta property=\"og:locale\" content=\"es_ES\" \/>\n<meta property=\"og:type\" content=\"article\" \/>\n<meta property=\"og:title\" content=\"Reabren autopista Tepic\u2013Mazatl\u00e1n tras enfrentamientos en Escuinapa - Canal 7 SLP - 2025\" \/>\n<meta property=\"og:description\" content=\"M\u00e9xico.- Luego de los enfrentamientos registrados la ma\u00f1ana de este mi\u00e9rcoles 17 de diciembre en el municipio de Escuinapa, Sinaloa, las autoridades informaron que la circulaci\u00f3n en la autopista Tepic\u2013Mazatl\u00e1n fue restablecida despu\u00e9s de las 14:00 horas, tras mantenerse cerrada de manera preventiva. Los hechos, que incluyeron detonaciones y bloqueos, llevaron al cierre total de la vialidad en ambos sentidos como medida de protecci\u00f3n civil. La Secretar\u00eda de Seguridad P\u00fablica de Sinaloa, en coordinaci\u00f3n con el Grupo Interinstitucional y corporaciones de los tres \u00f3rdenes de gobierno, despleg\u00f3 un operativo para liberar la v\u00eda y garantizar la seguridad en la zona. [&hellip;]\" \/>\n<meta property=\"og:url\" content=\"https:\/\/canal7slp.tv\/2025\/reabren-autopista-tepic-mazatlan-tras-enfrentamientos-en-escuinapa\/\" \/>\n<meta property=\"og:site_name\" content=\"Canal 7 SLP - 2025\" \/>\n<meta property=\"article:publisher\" content=\"https:\/\/www.facebook.com\/noticieroscanal7atencionciudadana\/\" \/>\n<meta property=\"article:published_time\" content=\"2025-12-18T00:22:24+00:00\" \/>\n<meta property=\"og:image\" content=\"https:\/\/canal7slp.tv\/2025\/wp-content\/uploads\/2025\/12\/10-16.jpg\" \/>\n\t<meta property=\"og:image:width\" content=\"889\" \/>\n\t<meta property=\"og:image:height\" content=\"500\" \/>\n\t<meta property=\"og:image:type\" content=\"image\/jpeg\" \/>\n<meta name=\"author\" content=\"Edici\u00f3n Web\" \/>\n<meta name=\"twitter:card\" content=\"summary_large_image\" \/>\n<meta name=\"twitter:creator\" content=\"@NOTICIEROS7\" \/>\n<meta name=\"twitter:site\" content=\"@NOTICIEROS7\" \/>\n<meta name=\"twitter:label1\" content=\"Escrito por\" \/>\n\t<meta name=\"twitter:data1\" content=\"Edici\u00f3n Web\" \/>\n\t<meta name=\"twitter:label2\" content=\"Tiempo de lectura\" \/>\n\t<meta name=\"twitter:data2\" content=\"2 minutos\" \/>\n<script type=\"application\/ld+json\" class=\"yoast-schema-graph\">{\"@context\":\"https:\\\/\\\/schema.org\",\"@graph\":[{\"@type\":\"Article\",\"@id\":\"https:\\\/\\\/canal7slp.tv\\\/2025\\\/reabren-autopista-tepic-mazatlan-tras-enfrentamientos-en-escuinapa\\\/#article\",\"isPartOf\":{\"@id\":\"https:\\\/\\\/canal7slp.tv\\\/2025\\\/reabren-autopista-tepic-mazatlan-tras-enfrentamientos-en-escuinapa\\\/\"},\"author\":{\"name\":\"Edici\u00f3n Web\",\"@id\":\"https:\\\/\\\/canal7slp.tv\\\/2025\\\/#\\\/schema\\\/person\\\/271e2b60a96e7cc9d9ac296f4d7e414b\"},\"headline\":\"Reabren autopista Tepic\u2013Mazatl\u00e1n tras enfrentamientos en Escuinapa\",\"datePublished\":\"2025-12-18T00:22:24+00:00\",\"mainEntityOfPage\":{\"@id\":\"https:\\\/\\\/canal7slp.tv\\\/2025\\\/reabren-autopista-tepic-mazatlan-tras-enfrentamientos-en-escuinapa\\\/\"},\"wordCount\":266,\"publisher\":{\"@id\":\"https:\\\/\\\/canal7slp.tv\\\/2025\\\/#organization\"},\"image\":{\"@id\":\"https:\\\/\\\/canal7slp.tv\\\/2025\\\/reabren-autopista-tepic-mazatlan-tras-enfrentamientos-en-escuinapa\\\/#primaryimage\"},\"thumbnailUrl\":\"https:\\\/\\\/canal7slp.tv\\\/2025\\\/wp-content\\\/uploads\\\/2025\\\/12\\\/10-16.jpg\",\"articleSection\":[\"NACIONALES\"],\"inLanguage\":\"es\"},{\"@type\":\"WebPage\",\"@id\":\"https:\\\/\\\/canal7slp.tv\\\/2025\\\/reabren-autopista-tepic-mazatlan-tras-enfrentamientos-en-escuinapa\\\/\",\"url\":\"https:\\\/\\\/canal7slp.tv\\\/2025\\\/reabren-autopista-tepic-mazatlan-tras-enfrentamientos-en-escuinapa\\\/\",\"name\":\"Reabren autopista Tepic\u2013Mazatl\u00e1n tras enfrentamientos en Escuinapa - Canal 7 SLP - 2025\",\"isPartOf\":{\"@id\":\"https:\\\/\\\/canal7slp.tv\\\/2025\\\/#website\"},\"primaryImageOfPage\":{\"@id\":\"https:\\\/\\\/canal7slp.tv\\\/2025\\\/reabren-autopista-tepic-mazatlan-tras-enfrentamientos-en-escuinapa\\\/#primaryimage\"},\"image\":{\"@id\":\"https:\\\/\\\/canal7slp.tv\\\/2025\\\/reabren-autopista-tepic-mazatlan-tras-enfrentamientos-en-escuinapa\\\/#primaryimage\"},\"thumbnailUrl\":\"https:\\\/\\\/canal7slp.tv\\\/2025\\\/wp-content\\\/uploads\\\/2025\\\/12\\\/10-16.jpg\",\"datePublished\":\"2025-12-18T00:22:24+00:00\",\"breadcrumb\":{\"@id\":\"https:\\\/\\\/canal7slp.tv\\\/2025\\\/reabren-autopista-tepic-mazatlan-tras-enfrentamientos-en-escuinapa\\\/#breadcrumb\"},\"inLanguage\":\"es\",\"potentialAction\":[{\"@type\":\"ReadAction\",\"target\":[\"https:\\\/\\\/canal7slp.tv\\\/2025\\\/reabren-autopista-tepic-mazatlan-tras-enfrentamientos-en-escuinapa\\\/\"]}]},{\"@type\":\"ImageObject\",\"inLanguage\":\"es\",\"@id\":\"https:\\\/\\\/canal7slp.tv\\\/2025\\\/reabren-autopista-tepic-mazatlan-tras-enfrentamientos-en-escuinapa\\\/#primaryimage\",\"url\":\"https:\\\/\\\/canal7slp.tv\\\/2025\\\/wp-content\\\/uploads\\\/2025\\\/12\\\/10-16.jpg\",\"contentUrl\":\"https:\\\/\\\/canal7slp.tv\\\/2025\\\/wp-content\\\/uploads\\\/2025\\\/12\\\/10-16.jpg\",\"width\":889,\"height\":500},{\"@type\":\"BreadcrumbList\",\"@id\":\"https:\\\/\\\/canal7slp.tv\\\/2025\\\/reabren-autopista-tepic-mazatlan-tras-enfrentamientos-en-escuinapa\\\/#breadcrumb\",\"itemListElement\":[{\"@type\":\"ListItem\",\"position\":1,\"name\":\"Portada\",\"item\":\"https:\\\/\\\/canal7slp.tv\\\/2025\\\/\"},{\"@type\":\"ListItem\",\"position\":2,\"name\":\"Reabren autopista Tepic\u2013Mazatl\u00e1n tras enfrentamientos en Escuinapa\"}]},{\"@type\":\"WebSite\",\"@id\":\"https:\\\/\\\/canal7slp.tv\\\/2025\\\/#website\",\"url\":\"https:\\\/\\\/canal7slp.tv\\\/2025\\\/\",\"name\":\"N7 - Noticieros Canal 7\",\"description\":\"Somos el Medio\",\"publisher\":{\"@id\":\"https:\\\/\\\/canal7slp.tv\\\/2025\\\/#organization\"},\"potentialAction\":[{\"@type\":\"SearchAction\",\"target\":{\"@type\":\"EntryPoint\",\"urlTemplate\":\"https:\\\/\\\/canal7slp.tv\\\/2025\\\/?s={search_term_string}\"},\"query-input\":{\"@type\":\"PropertyValueSpecification\",\"valueRequired\":true,\"valueName\":\"search_term_string\"}}],\"inLanguage\":\"es\"},{\"@type\":\"Organization\",\"@id\":\"https:\\\/\\\/canal7slp.tv\\\/2025\\\/#organization\",\"name\":\"Noticieros Canal 7\",\"url\":\"https:\\\/\\\/canal7slp.tv\\\/2025\\\/\",\"logo\":{\"@type\":\"ImageObject\",\"inLanguage\":\"es\",\"@id\":\"https:\\\/\\\/canal7slp.tv\\\/2025\\\/#\\\/schema\\\/logo\\\/image\\\/\",\"url\":\"https:\\\/\\\/canal7slp.tv\\\/2025\\\/wp-content\\\/uploads\\\/2021\\\/01\\\/logo-noticieros@2x.png\",\"contentUrl\":\"https:\\\/\\\/canal7slp.tv\\\/2025\\\/wp-content\\\/uploads\\\/2021\\\/01\\\/logo-noticieros@2x.png\",\"width\":1017,\"height\":268,\"caption\":\"Noticieros Canal 7\"},\"image\":{\"@id\":\"https:\\\/\\\/canal7slp.tv\\\/2025\\\/#\\\/schema\\\/logo\\\/image\\\/\"},\"sameAs\":[\"https:\\\/\\\/www.facebook.com\\\/noticieroscanal7atencionciudadana\\\/\",\"https:\\\/\\\/x.com\\\/NOTICIEROS7\",\"https:\\\/\\\/www.instagram.com\\\/canal7_slp\",\"https:\\\/\\\/www.youtube.com\\\/channel\\\/UCliiYs-gP3JfJeqdPrNdd5A\"]},{\"@type\":\"Person\",\"@id\":\"https:\\\/\\\/canal7slp.tv\\\/2025\\\/#\\\/schema\\\/person\\\/271e2b60a96e7cc9d9ac296f4d7e414b\",\"name\":\"Edici\u00f3n Web\",\"image\":{\"@type\":\"ImageObject\",\"inLanguage\":\"es\",\"@id\":\"https:\\\/\\\/secure.gravatar.com\\\/avatar\\\/eee448fc3f7164808013b816ba91ac7e43bbe82a70bebac296f8bc6f0addaa1a?s=96&d=mm&r=g\",\"url\":\"https:\\\/\\\/secure.gravatar.com\\\/avatar\\\/eee448fc3f7164808013b816ba91ac7e43bbe82a70bebac296f8bc6f0addaa1a?s=96&d=mm&r=g\",\"contentUrl\":\"https:\\\/\\\/secure.gravatar.com\\\/avatar\\\/eee448fc3f7164808013b816ba91ac7e43bbe82a70bebac296f8bc6f0addaa1a?s=96&d=mm&r=g\",\"caption\":\"Edici\u00f3n Web\"},\"url\":\"https:\\\/\\\/canal7slp.tv\\\/2025\\\/author\\\/edicionweb\\\/\"}]}<\/script>\n<!-- \/ Yoast SEO plugin. -->","yoast_head_json":{"title":"Reabren autopista Tepic\u2013Mazatl\u00e1n tras enfrentamientos en Escuinapa - Canal 7 SLP - 2025","robots":{"index":"index","follow":"follow","max-snippet":"max-snippet:-1","max-image-preview":"max-image-preview:large","max-video-preview":"max-video-preview:-1"},"canonical":"https:\/\/canal7slp.tv\/2025\/reabren-autopista-tepic-mazatlan-tras-enfrentamientos-en-escuinapa\/","og_locale":"es_ES","og_type":"article","og_title":"Reabren autopista Tepic\u2013Mazatl\u00e1n tras enfrentamientos en Escuinapa - Canal 7 SLP - 2025","og_description":"M\u00e9xico.- Luego de los enfrentamientos registrados la ma\u00f1ana de este mi\u00e9rcoles 17 de diciembre en el municipio de Escuinapa, Sinaloa, las autoridades informaron que la circulaci\u00f3n en la autopista Tepic\u2013Mazatl\u00e1n fue restablecida despu\u00e9s de las 14:00 horas, tras mantenerse cerrada de manera preventiva. Los hechos, que incluyeron detonaciones y bloqueos, llevaron al cierre total de la vialidad en ambos sentidos como medida de protecci\u00f3n civil. La Secretar\u00eda de Seguridad P\u00fablica de Sinaloa, en coordinaci\u00f3n con el Grupo Interinstitucional y corporaciones de los tres \u00f3rdenes de gobierno, despleg\u00f3 un operativo para liberar la v\u00eda y garantizar la seguridad en la zona. [&hellip;]","og_url":"https:\/\/canal7slp.tv\/2025\/reabren-autopista-tepic-mazatlan-tras-enfrentamientos-en-escuinapa\/","og_site_name":"Canal 7 SLP - 2025","article_publisher":"https:\/\/www.facebook.com\/noticieroscanal7atencionciudadana\/","article_published_time":"2025-12-18T00:22:24+00:00","og_image":[{"width":889,"height":500,"url":"https:\/\/canal7slp.tv\/2025\/wp-content\/uploads\/2025\/12\/10-16.jpg","type":"image\/jpeg"}],"author":"Edici\u00f3n Web","twitter_card":"summary_large_image","twitter_creator":"@NOTICIEROS7","twitter_site":"@NOTICIEROS7","twitter_misc":{"Escrito por":"Edici\u00f3n Web","Tiempo de lectura":"2 minutos"},"schema":{"@context":"https:\/\/schema.org","@graph":[{"@type":"Article","@id":"https:\/\/canal7slp.tv\/2025\/reabren-autopista-tepic-mazatlan-tras-enfrentamientos-en-escuinapa\/#article","isPartOf":{"@id":"https:\/\/canal7slp.tv\/2025\/reabren-autopista-tepic-mazatlan-tras-enfrentamientos-en-escuinapa\/"},"author":{"name":"Edici\u00f3n Web","@id":"https:\/\/canal7slp.tv\/2025\/#\/schema\/person\/271e2b60a96e7cc9d9ac296f4d7e414b"},"headline":"Reabren autopista Tepic\u2013Mazatl\u00e1n tras enfrentamientos en Escuinapa","datePublished":"2025-12-18T00:22:24+00:00","mainEntityOfPage":{"@id":"https:\/\/canal7slp.tv\/2025\/reabren-autopista-tepic-mazatlan-tras-enfrentamientos-en-escuinapa\/"},"wordCount":266,"publisher":{"@id":"https:\/\/canal7slp.tv\/2025\/#organization"},"image":{"@id":"https:\/\/canal7slp.tv\/2025\/reabren-autopista-tepic-mazatlan-tras-enfrentamientos-en-escuinapa\/#primaryimage"},"thumbnailUrl":"https:\/\/canal7slp.tv\/2025\/wp-content\/uploads\/2025\/12\/10-16.jpg","articleSection":["NACIONALES"],"inLanguage":"es"},{"@type":"WebPage","@id":"https:\/\/canal7slp.tv\/2025\/reabren-autopista-tepic-mazatlan-tras-enfrentamientos-en-escuinapa\/","url":"https:\/\/canal7slp.tv\/2025\/reabren-autopista-tepic-mazatlan-tras-enfrentamientos-en-escuinapa\/","name":"Reabren autopista Tepic\u2013Mazatl\u00e1n tras enfrentamientos en Escuinapa - Canal 7 SLP - 2025","isPartOf":{"@id":"https:\/\/canal7slp.tv\/2025\/#website"},"primaryImageOfPage":{"@id":"https:\/\/canal7slp.tv\/2025\/reabren-autopista-tepic-mazatlan-tras-enfrentamientos-en-escuinapa\/#primaryimage"},"image":{"@id":"https:\/\/canal7slp.tv\/2025\/reabren-autopista-tepic-mazatlan-tras-enfrentamientos-en-escuinapa\/#primaryimage"},"thumbnailUrl":"https:\/\/canal7slp.tv\/2025\/wp-content\/uploads\/2025\/12\/10-16.jpg","datePublished":"2025-12-18T00:22:24+00:00","breadcrumb":{"@id":"https:\/\/canal7slp.tv\/2025\/reabren-autopista-tepic-mazatlan-tras-enfrentamientos-en-escuinapa\/#breadcrumb"},"inLanguage":"es","potentialAction":[{"@type":"ReadAction","target":["https:\/\/canal7slp.tv\/2025\/reabren-autopista-tepic-mazatlan-tras-enfrentamientos-en-escuinapa\/"]}]},{"@type":"ImageObject","inLanguage":"es","@id":"https:\/\/canal7slp.tv\/2025\/reabren-autopista-tepic-mazatlan-tras-enfrentamientos-en-escuinapa\/#primaryimage","url":"https:\/\/canal7slp.tv\/2025\/wp-content\/uploads\/2025\/12\/10-16.jpg","contentUrl":"https:\/\/canal7slp.tv\/2025\/wp-content\/uploads\/2025\/12\/10-16.jpg","width":889,"height":500},{"@type":"BreadcrumbList","@id":"https:\/\/canal7slp.tv\/2025\/reabren-autopista-tepic-mazatlan-tras-enfrentamientos-en-escuinapa\/#breadcrumb","itemListElement":[{"@type":"ListItem","position":1,"name":"Portada","item":"https:\/\/canal7slp.tv\/2025\/"},{"@type":"ListItem","position":2,"name":"Reabren autopista Tepic\u2013Mazatl\u00e1n tras enfrentamientos en Escuinapa"}]},{"@type":"WebSite","@id":"https:\/\/canal7slp.tv\/2025\/#website","url":"https:\/\/canal7slp.tv\/2025\/","name":"N7 - Noticieros Canal 7","description":"Somos el Medio","publisher":{"@id":"https:\/\/canal7slp.tv\/2025\/#organization"},"potentialAction":[{"@type":"SearchAction","target":{"@type":"EntryPoint","urlTemplate":"https:\/\/canal7slp.tv\/2025\/?s={search_term_string}"},"query-input":{"@type":"PropertyValueSpecification","valueRequired":true,"valueName":"search_term_string"}}],"inLanguage":"es"},{"@type":"Organization","@id":"https:\/\/canal7slp.tv\/2025\/#organization","name":"Noticieros Canal 7","url":"https:\/\/canal7slp.tv\/2025\/","logo":{"@type":"ImageObject","inLanguage":"es","@id":"https:\/\/canal7slp.tv\/2025\/#\/schema\/logo\/image\/","url":"https:\/\/canal7slp.tv\/2025\/wp-content\/uploads\/2021\/01\/logo-noticieros@2x.png","contentUrl":"https:\/\/canal7slp.tv\/2025\/wp-content\/uploads\/2021\/01\/logo-noticieros@2x.png","width":1017,"height":268,"caption":"Noticieros Canal 7"},"image":{"@id":"https:\/\/canal7slp.tv\/2025\/#\/schema\/logo\/image\/"},"sameAs":["https:\/\/www.facebook.com\/noticieroscanal7atencionciudadana\/","https:\/\/x.com\/NOTICIEROS7","https:\/\/www.instagram.com\/canal7_slp","https:\/\/www.youtube.com\/channel\/UCliiYs-gP3JfJeqdPrNdd5A"]},{"@type":"Person","@id":"https:\/\/canal7slp.tv\/2025\/#\/schema\/person\/271e2b60a96e7cc9d9ac296f4d7e414b","name":"Edici\u00f3n Web","image":{"@type":"ImageObject","inLanguage":"es","@id":"https:\/\/secure.gravatar.com\/avatar\/eee448fc3f7164808013b816ba91ac7e43bbe82a70bebac296f8bc6f0addaa1a?s=96&d=mm&r=g","url":"https:\/\/secure.gravatar.com\/avatar\/eee448fc3f7164808013b816ba91ac7e43bbe82a70bebac296f8bc6f0addaa1a?s=96&d=mm&r=g","contentUrl":"https:\/\/secure.gravatar.com\/avatar\/eee448fc3f7164808013b816ba91ac7e43bbe82a70bebac296f8bc6f0addaa1a?s=96&d=mm&r=g","caption":"Edici\u00f3n Web"},"url":"https:\/\/canal7slp.tv\/2025\/author\/edicionweb\/"}]}},"_links":{"self":[{"href":"https:\/\/canal7slp.tv\/2025\/wp-json\/wp\/v2\/posts\/188149","targetHints":{"allow":["GET"]}}],"collection":[{"href":"https:\/\/canal7slp.tv\/2025\/wp-json\/wp\/v2\/posts"}],"about":[{"href":"https:\/\/canal7slp.tv\/2025\/wp-json\/wp\/v2\/types\/post"}],"author":[{"embeddable":true,"href":"https:\/\/canal7slp.tv\/2025\/wp-json\/wp\/v2\/users\/2"}],"replies":[{"embeddable":true,"href":"https:\/\/canal7slp.tv\/2025\/wp-json\/wp\/v2\/comments?post=188149"}],"version-history":[{"count":1,"href":"https:\/\/canal7slp.tv\/2025\/wp-json\/wp\/v2\/posts\/188149\/revisions"}],"predecessor-version":[{"id":188151,"href":"https:\/\/canal7slp.tv\/2025\/wp-json\/wp\/v2\/posts\/188149\/revisions\/188151"}],"wp:featuredmedia":[{"embeddable":true,"href":"https:\/\/canal7slp.tv\/2025\/wp-json\/wp\/v2\/media\/188150"}],"wp:attachment":[{"href":"https:\/\/canal7slp.tv\/2025\/wp-json\/wp\/v2\/media?parent=188149"}],"wp:term":[{"taxonomy":"category","embeddable":true,"href":"https:\/\/canal7slp.tv\/2025\/wp-json\/wp\/v2\/categories?post=188149"},{"taxonomy":"post_tag","embeddable":true,"href":"https:\/\/canal7slp.tv\/2025\/wp-json\/wp\/v2\/tags?post=188149"}],"curies":[{"name":"wp","href":"https:\/\/api.w.org\/{rel}","templated":true}]}}