{"id":188119,"date":"2025-12-17T16:27:51","date_gmt":"2025-12-17T22:27:51","guid":{"rendered":"https:\/\/canal7slp.tv\/2025\/?p=188119"},"modified":"2025-12-17T16:27:51","modified_gmt":"2025-12-17T22:27:51","slug":"empresarios-potosinos-detenidos-tras-altercado-y-agresion-a-policia-en-san-miguel-de-allende","status":"publish","type":"post","link":"https:\/\/canal7slp.tv\/2025\/empresarios-potosinos-detenidos-tras-altercado-y-agresion-a-policia-en-san-miguel-de-allende\/","title":{"rendered":"Empresarios potosinos, detenidos tras altercado y agresi\u00f3n a polic\u00eda en San Miguel de Allende"},"content":{"rendered":"<ul>\n<li style=\"text-align: justify;\"><span style=\"font-size: 1.21429rem;\">\u00abLo naco no est\u00e1 en la vestimenta, lo naco est\u00e1 en un comportamiento insoportable y reprobable\u00bb, pronunci\u00f3 el alcalde, Mauricio Trejo.<\/span><\/li>\n<\/ul>\n<p style=\"text-align: justify;\">San Miguel de Allende.- Una confrontaci\u00f3n en San Miguel de Allende termin\u00f3 en la detenci\u00f3n de cuatro aparentes empresarios de San Luis Potos\u00ed y declaraciones del presidente municipal, Mauricio Trejo Pureco que generaron controversia.<\/p>\n<div style=\"width: 360px;\" class=\"wp-video\"><video class=\"wp-video-shortcode\" id=\"video-188119-1\" width=\"360\" height=\"374\" preload=\"metadata\" controls=\"controls\"><source type=\"video\/mp4\" src=\"https:\/\/canal7slp.tv\/2025\/wp-content\/uploads\/2025\/12\/PotosinosDetenidos.mp4?_=1\" \/><a href=\"https:\/\/canal7slp.tv\/2025\/wp-content\/uploads\/2025\/12\/PotosinosDetenidos.mp4\">https:\/\/canal7slp.tv\/2025\/wp-content\/uploads\/2025\/12\/PotosinosDetenidos.mp4<\/a><\/video><\/div>\n<p style=\"text-align: justify;\">Habr\u00eda sido el fin de semana cuando los cuatro hombres protagonizaron una ri\u00f1a cerca del jard\u00edn principal, al grado de agredir a un agente municipal.<\/p>\n<p style=\"text-align: justify;\">Fue mencionado que habr\u00eda causado una lesi\u00f3n en el p\u00f3mulo al polic\u00eda con un vaso.<\/p>\n<p style=\"text-align: justify;\">La situaci\u00f3n se extendi\u00f3 a la v\u00eda p\u00fablica, cuando los polic\u00edas intentaban contener la situaci\u00f3n.<\/p>\n<p style=\"text-align: justify;\">As\u00ed, los cuatro sujetos fueron puestos a disposici\u00f3n del Ministerio P\u00fablico.<\/p>\n<p style=\"text-align: justify;\">Al parecer permanecer\u00edan en prisi\u00f3n, en tanto su situaci\u00f3n legal se define.<br \/>\nNo se descart\u00f3 la posibilidad de que busquen un acuerdo reparatorio.<\/p>\n<p style=\"text-align: justify;\">El edil refiri\u00f3 que el uso de la fuerza fue adecuado, al contemplar la seguridad, tanto de habitantes de San Miguel, como visitantes.<\/p>\n<p><img loading=\"lazy\" decoding=\"async\" class=\"aligncenter size-full wp-image-188121\" src=\"https:\/\/canal7slp.tv\/2025\/wp-content\/uploads\/2025\/12\/PotosinosDetenidos01A.jpg\" alt=\"\" width=\"493\" height=\"334\" srcset=\"https:\/\/canal7slp.tv\/2025\/wp-content\/uploads\/2025\/12\/PotosinosDetenidos01A.jpg 493w, https:\/\/canal7slp.tv\/2025\/wp-content\/uploads\/2025\/12\/PotosinosDetenidos01A-300x203.jpg 300w\" sizes=\"auto, (max-width: 493px) 100vw, 493px\" \/> <img loading=\"lazy\" decoding=\"async\" class=\"aligncenter size-full wp-image-188122\" src=\"https:\/\/canal7slp.tv\/2025\/wp-content\/uploads\/2025\/12\/PotosinosDetenidos01B.jpg\" alt=\"\" width=\"393\" height=\"341\" srcset=\"https:\/\/canal7slp.tv\/2025\/wp-content\/uploads\/2025\/12\/PotosinosDetenidos01B.jpg 393w, https:\/\/canal7slp.tv\/2025\/wp-content\/uploads\/2025\/12\/PotosinosDetenidos01B-300x260.jpg 300w\" sizes=\"auto, (max-width: 393px) 100vw, 393px\" \/> <img loading=\"lazy\" decoding=\"async\" class=\"aligncenter size-full wp-image-188123\" src=\"https:\/\/canal7slp.tv\/2025\/wp-content\/uploads\/2025\/12\/PotosinosDetenidos01C.jpg\" alt=\"\" width=\"711\" height=\"410\" srcset=\"https:\/\/canal7slp.tv\/2025\/wp-content\/uploads\/2025\/12\/PotosinosDetenidos01C.jpg 711w, https:\/\/canal7slp.tv\/2025\/wp-content\/uploads\/2025\/12\/PotosinosDetenidos01C-300x173.jpg 300w\" sizes=\"auto, (max-width: 711px) 100vw, 711px\" \/><\/p>\n","protected":false},"excerpt":{"rendered":"<p>\u00abLo naco no est\u00e1 en la vestimenta, lo naco est\u00e1 en un comportamiento insoportable y reprobable\u00bb, pronunci\u00f3 el alcalde, Mauricio Trejo. San Miguel de Allende.- Una confrontaci\u00f3n en San Miguel de Allende termin\u00f3 en la detenci\u00f3n de cuatro aparentes empresarios de San Luis Potos\u00ed y declaraciones del presidente municipal, Mauricio Trejo Pureco que generaron controversia. Habr\u00eda sido el fin de semana cuando los cuatro hombres protagonizaron una ri\u00f1a cerca del jard\u00edn principal, al grado de agredir a un agente municipal. Fue mencionado que habr\u00eda causado una lesi\u00f3n en el p\u00f3mulo al polic\u00eda con un vaso. La situaci\u00f3n se extendi\u00f3 a [&hellip;]<\/p>\n","protected":false},"author":2,"featured_media":188123,"comment_status":"closed","ping_status":"closed","sticky":false,"template":"","format":"video","meta":{"_monsterinsights_skip_tracking":false,"_monsterinsights_sitenote_active":false,"_monsterinsights_sitenote_note":"","_monsterinsights_sitenote_category":0,"footnotes":""},"categories":[45],"tags":[],"class_list":["post-188119","post","type-post","status-publish","format-video","has-post-thumbnail","hentry","category-localesyregionales","post_format-post-format-video","post--single"],"yoast_head":"<!-- This site is optimized with the Yoast SEO plugin v27.5 - https:\/\/yoast.com\/product\/yoast-seo-wordpress\/ -->\n<title>Empresarios potosinos, detenidos tras altercado y agresi\u00f3n a polic\u00eda en San Miguel de Allende - Canal 7 SLP - 2025<\/title>\n<meta name=\"robots\" content=\"index, follow, max-snippet:-1, max-image-preview:large, max-video-preview:-1\" \/>\n<link rel=\"canonical\" href=\"https:\/\/canal7slp.tv\/2025\/empresarios-potosinos-detenidos-tras-altercado-y-agresion-a-policia-en-san-miguel-de-allende\/\" \/>\n<meta property=\"og:locale\" content=\"es_ES\" \/>\n<meta property=\"og:type\" content=\"article\" \/>\n<meta property=\"og:title\" content=\"Empresarios potosinos, detenidos tras altercado y agresi\u00f3n a polic\u00eda en San Miguel de Allende - Canal 7 SLP - 2025\" \/>\n<meta property=\"og:description\" content=\"\u00abLo naco no est\u00e1 en la vestimenta, lo naco est\u00e1 en un comportamiento insoportable y reprobable\u00bb, pronunci\u00f3 el alcalde, Mauricio Trejo. San Miguel de Allende.- Una confrontaci\u00f3n en San Miguel de Allende termin\u00f3 en la detenci\u00f3n de cuatro aparentes empresarios de San Luis Potos\u00ed y declaraciones del presidente municipal, Mauricio Trejo Pureco que generaron controversia. Habr\u00eda sido el fin de semana cuando los cuatro hombres protagonizaron una ri\u00f1a cerca del jard\u00edn principal, al grado de agredir a un agente municipal. Fue mencionado que habr\u00eda causado una lesi\u00f3n en el p\u00f3mulo al polic\u00eda con un vaso. La situaci\u00f3n se extendi\u00f3 a [&hellip;]\" \/>\n<meta property=\"og:url\" content=\"https:\/\/canal7slp.tv\/2025\/empresarios-potosinos-detenidos-tras-altercado-y-agresion-a-policia-en-san-miguel-de-allende\/\" \/>\n<meta property=\"og:site_name\" content=\"Canal 7 SLP - 2025\" \/>\n<meta property=\"article:publisher\" content=\"https:\/\/www.facebook.com\/noticieroscanal7atencionciudadana\/\" \/>\n<meta property=\"article:published_time\" content=\"2025-12-17T22:27:51+00:00\" \/>\n<meta property=\"og:image\" content=\"https:\/\/canal7slp.tv\/2025\/wp-content\/uploads\/2025\/12\/PotosinosDetenidos01C.jpg\" \/>\n\t<meta property=\"og:image:width\" content=\"711\" \/>\n\t<meta property=\"og:image:height\" content=\"410\" \/>\n\t<meta property=\"og:image:type\" content=\"image\/jpeg\" \/>\n<meta name=\"author\" content=\"Edici\u00f3n Web\" \/>\n<meta name=\"twitter:card\" content=\"summary_large_image\" \/>\n<meta name=\"twitter:creator\" content=\"@NOTICIEROS7\" \/>\n<meta name=\"twitter:site\" content=\"@NOTICIEROS7\" \/>\n<meta name=\"twitter:label1\" content=\"Escrito por\" \/>\n\t<meta name=\"twitter:data1\" content=\"Edici\u00f3n Web\" \/>\n\t<meta name=\"twitter:label2\" content=\"Tiempo de lectura\" \/>\n\t<meta name=\"twitter:data2\" content=\"2 minutos\" \/>\n<script type=\"application\/ld+json\" class=\"yoast-schema-graph\">{\"@context\":\"https:\\\/\\\/schema.org\",\"@graph\":[{\"@type\":\"Article\",\"@id\":\"https:\\\/\\\/canal7slp.tv\\\/2025\\\/empresarios-potosinos-detenidos-tras-altercado-y-agresion-a-policia-en-san-miguel-de-allende\\\/#article\",\"isPartOf\":{\"@id\":\"https:\\\/\\\/canal7slp.tv\\\/2025\\\/empresarios-potosinos-detenidos-tras-altercado-y-agresion-a-policia-en-san-miguel-de-allende\\\/\"},\"author\":{\"name\":\"Edici\u00f3n Web\",\"@id\":\"https:\\\/\\\/canal7slp.tv\\\/2025\\\/#\\\/schema\\\/person\\\/271e2b60a96e7cc9d9ac296f4d7e414b\"},\"headline\":\"Empresarios potosinos, detenidos tras altercado y agresi\u00f3n a polic\u00eda en San Miguel de Allende\",\"datePublished\":\"2025-12-17T22:27:51+00:00\",\"mainEntityOfPage\":{\"@id\":\"https:\\\/\\\/canal7slp.tv\\\/2025\\\/empresarios-potosinos-detenidos-tras-altercado-y-agresion-a-policia-en-san-miguel-de-allende\\\/\"},\"wordCount\":216,\"publisher\":{\"@id\":\"https:\\\/\\\/canal7slp.tv\\\/2025\\\/#organization\"},\"image\":{\"@id\":\"https:\\\/\\\/canal7slp.tv\\\/2025\\\/empresarios-potosinos-detenidos-tras-altercado-y-agresion-a-policia-en-san-miguel-de-allende\\\/#primaryimage\"},\"thumbnailUrl\":\"https:\\\/\\\/canal7slp.tv\\\/2025\\\/wp-content\\\/uploads\\\/2025\\\/12\\\/PotosinosDetenidos01C.jpg\",\"articleSection\":[\"LOCALES Y REGIONALES\"],\"inLanguage\":\"es\"},{\"@type\":\"WebPage\",\"@id\":\"https:\\\/\\\/canal7slp.tv\\\/2025\\\/empresarios-potosinos-detenidos-tras-altercado-y-agresion-a-policia-en-san-miguel-de-allende\\\/\",\"url\":\"https:\\\/\\\/canal7slp.tv\\\/2025\\\/empresarios-potosinos-detenidos-tras-altercado-y-agresion-a-policia-en-san-miguel-de-allende\\\/\",\"name\":\"Empresarios potosinos, detenidos tras altercado y agresi\u00f3n a polic\u00eda en San Miguel de Allende - Canal 7 SLP - 2025\",\"isPartOf\":{\"@id\":\"https:\\\/\\\/canal7slp.tv\\\/2025\\\/#website\"},\"primaryImageOfPage\":{\"@id\":\"https:\\\/\\\/canal7slp.tv\\\/2025\\\/empresarios-potosinos-detenidos-tras-altercado-y-agresion-a-policia-en-san-miguel-de-allende\\\/#primaryimage\"},\"image\":{\"@id\":\"https:\\\/\\\/canal7slp.tv\\\/2025\\\/empresarios-potosinos-detenidos-tras-altercado-y-agresion-a-policia-en-san-miguel-de-allende\\\/#primaryimage\"},\"thumbnailUrl\":\"https:\\\/\\\/canal7slp.tv\\\/2025\\\/wp-content\\\/uploads\\\/2025\\\/12\\\/PotosinosDetenidos01C.jpg\",\"datePublished\":\"2025-12-17T22:27:51+00:00\",\"breadcrumb\":{\"@id\":\"https:\\\/\\\/canal7slp.tv\\\/2025\\\/empresarios-potosinos-detenidos-tras-altercado-y-agresion-a-policia-en-san-miguel-de-allende\\\/#breadcrumb\"},\"inLanguage\":\"es\",\"potentialAction\":[{\"@type\":\"ReadAction\",\"target\":[\"https:\\\/\\\/canal7slp.tv\\\/2025\\\/empresarios-potosinos-detenidos-tras-altercado-y-agresion-a-policia-en-san-miguel-de-allende\\\/\"]}]},{\"@type\":\"ImageObject\",\"inLanguage\":\"es\",\"@id\":\"https:\\\/\\\/canal7slp.tv\\\/2025\\\/empresarios-potosinos-detenidos-tras-altercado-y-agresion-a-policia-en-san-miguel-de-allende\\\/#primaryimage\",\"url\":\"https:\\\/\\\/canal7slp.tv\\\/2025\\\/wp-content\\\/uploads\\\/2025\\\/12\\\/PotosinosDetenidos01C.jpg\",\"contentUrl\":\"https:\\\/\\\/canal7slp.tv\\\/2025\\\/wp-content\\\/uploads\\\/2025\\\/12\\\/PotosinosDetenidos01C.jpg\",\"width\":711,\"height\":410},{\"@type\":\"BreadcrumbList\",\"@id\":\"https:\\\/\\\/canal7slp.tv\\\/2025\\\/empresarios-potosinos-detenidos-tras-altercado-y-agresion-a-policia-en-san-miguel-de-allende\\\/#breadcrumb\",\"itemListElement\":[{\"@type\":\"ListItem\",\"position\":1,\"name\":\"Portada\",\"item\":\"https:\\\/\\\/canal7slp.tv\\\/2025\\\/\"},{\"@type\":\"ListItem\",\"position\":2,\"name\":\"Empresarios potosinos, detenidos tras altercado y agresi\u00f3n a polic\u00eda en San Miguel de Allende\"}]},{\"@type\":\"WebSite\",\"@id\":\"https:\\\/\\\/canal7slp.tv\\\/2025\\\/#website\",\"url\":\"https:\\\/\\\/canal7slp.tv\\\/2025\\\/\",\"name\":\"N7 - Noticieros Canal 7\",\"description\":\"Somos el Medio\",\"publisher\":{\"@id\":\"https:\\\/\\\/canal7slp.tv\\\/2025\\\/#organization\"},\"potentialAction\":[{\"@type\":\"SearchAction\",\"target\":{\"@type\":\"EntryPoint\",\"urlTemplate\":\"https:\\\/\\\/canal7slp.tv\\\/2025\\\/?s={search_term_string}\"},\"query-input\":{\"@type\":\"PropertyValueSpecification\",\"valueRequired\":true,\"valueName\":\"search_term_string\"}}],\"inLanguage\":\"es\"},{\"@type\":\"Organization\",\"@id\":\"https:\\\/\\\/canal7slp.tv\\\/2025\\\/#organization\",\"name\":\"Noticieros Canal 7\",\"url\":\"https:\\\/\\\/canal7slp.tv\\\/2025\\\/\",\"logo\":{\"@type\":\"ImageObject\",\"inLanguage\":\"es\",\"@id\":\"https:\\\/\\\/canal7slp.tv\\\/2025\\\/#\\\/schema\\\/logo\\\/image\\\/\",\"url\":\"https:\\\/\\\/canal7slp.tv\\\/2025\\\/wp-content\\\/uploads\\\/2021\\\/01\\\/logo-noticieros@2x.png\",\"contentUrl\":\"https:\\\/\\\/canal7slp.tv\\\/2025\\\/wp-content\\\/uploads\\\/2021\\\/01\\\/logo-noticieros@2x.png\",\"width\":1017,\"height\":268,\"caption\":\"Noticieros Canal 7\"},\"image\":{\"@id\":\"https:\\\/\\\/canal7slp.tv\\\/2025\\\/#\\\/schema\\\/logo\\\/image\\\/\"},\"sameAs\":[\"https:\\\/\\\/www.facebook.com\\\/noticieroscanal7atencionciudadana\\\/\",\"https:\\\/\\\/x.com\\\/NOTICIEROS7\",\"https:\\\/\\\/www.instagram.com\\\/canal7_slp\",\"https:\\\/\\\/www.youtube.com\\\/channel\\\/UCliiYs-gP3JfJeqdPrNdd5A\"]},{\"@type\":\"Person\",\"@id\":\"https:\\\/\\\/canal7slp.tv\\\/2025\\\/#\\\/schema\\\/person\\\/271e2b60a96e7cc9d9ac296f4d7e414b\",\"name\":\"Edici\u00f3n Web\",\"image\":{\"@type\":\"ImageObject\",\"inLanguage\":\"es\",\"@id\":\"https:\\\/\\\/secure.gravatar.com\\\/avatar\\\/eee448fc3f7164808013b816ba91ac7e43bbe82a70bebac296f8bc6f0addaa1a?s=96&d=mm&r=g\",\"url\":\"https:\\\/\\\/secure.gravatar.com\\\/avatar\\\/eee448fc3f7164808013b816ba91ac7e43bbe82a70bebac296f8bc6f0addaa1a?s=96&d=mm&r=g\",\"contentUrl\":\"https:\\\/\\\/secure.gravatar.com\\\/avatar\\\/eee448fc3f7164808013b816ba91ac7e43bbe82a70bebac296f8bc6f0addaa1a?s=96&d=mm&r=g\",\"caption\":\"Edici\u00f3n Web\"},\"url\":\"https:\\\/\\\/canal7slp.tv\\\/2025\\\/author\\\/edicionweb\\\/\"}]}<\/script>\n<!-- \/ Yoast SEO plugin. -->","yoast_head_json":{"title":"Empresarios potosinos, detenidos tras altercado y agresi\u00f3n a polic\u00eda en San Miguel de Allende - Canal 7 SLP - 2025","robots":{"index":"index","follow":"follow","max-snippet":"max-snippet:-1","max-image-preview":"max-image-preview:large","max-video-preview":"max-video-preview:-1"},"canonical":"https:\/\/canal7slp.tv\/2025\/empresarios-potosinos-detenidos-tras-altercado-y-agresion-a-policia-en-san-miguel-de-allende\/","og_locale":"es_ES","og_type":"article","og_title":"Empresarios potosinos, detenidos tras altercado y agresi\u00f3n a polic\u00eda en San Miguel de Allende - Canal 7 SLP - 2025","og_description":"\u00abLo naco no est\u00e1 en la vestimenta, lo naco est\u00e1 en un comportamiento insoportable y reprobable\u00bb, pronunci\u00f3 el alcalde, Mauricio Trejo. San Miguel de Allende.- Una confrontaci\u00f3n en San Miguel de Allende termin\u00f3 en la detenci\u00f3n de cuatro aparentes empresarios de San Luis Potos\u00ed y declaraciones del presidente municipal, Mauricio Trejo Pureco que generaron controversia. Habr\u00eda sido el fin de semana cuando los cuatro hombres protagonizaron una ri\u00f1a cerca del jard\u00edn principal, al grado de agredir a un agente municipal. Fue mencionado que habr\u00eda causado una lesi\u00f3n en el p\u00f3mulo al polic\u00eda con un vaso. La situaci\u00f3n se extendi\u00f3 a [&hellip;]","og_url":"https:\/\/canal7slp.tv\/2025\/empresarios-potosinos-detenidos-tras-altercado-y-agresion-a-policia-en-san-miguel-de-allende\/","og_site_name":"Canal 7 SLP - 2025","article_publisher":"https:\/\/www.facebook.com\/noticieroscanal7atencionciudadana\/","article_published_time":"2025-12-17T22:27:51+00:00","og_image":[{"width":711,"height":410,"url":"https:\/\/canal7slp.tv\/2025\/wp-content\/uploads\/2025\/12\/PotosinosDetenidos01C.jpg","type":"image\/jpeg"}],"author":"Edici\u00f3n Web","twitter_card":"summary_large_image","twitter_creator":"@NOTICIEROS7","twitter_site":"@NOTICIEROS7","twitter_misc":{"Escrito por":"Edici\u00f3n Web","Tiempo de lectura":"2 minutos"},"schema":{"@context":"https:\/\/schema.org","@graph":[{"@type":"Article","@id":"https:\/\/canal7slp.tv\/2025\/empresarios-potosinos-detenidos-tras-altercado-y-agresion-a-policia-en-san-miguel-de-allende\/#article","isPartOf":{"@id":"https:\/\/canal7slp.tv\/2025\/empresarios-potosinos-detenidos-tras-altercado-y-agresion-a-policia-en-san-miguel-de-allende\/"},"author":{"name":"Edici\u00f3n Web","@id":"https:\/\/canal7slp.tv\/2025\/#\/schema\/person\/271e2b60a96e7cc9d9ac296f4d7e414b"},"headline":"Empresarios potosinos, detenidos tras altercado y agresi\u00f3n a polic\u00eda en San Miguel de Allende","datePublished":"2025-12-17T22:27:51+00:00","mainEntityOfPage":{"@id":"https:\/\/canal7slp.tv\/2025\/empresarios-potosinos-detenidos-tras-altercado-y-agresion-a-policia-en-san-miguel-de-allende\/"},"wordCount":216,"publisher":{"@id":"https:\/\/canal7slp.tv\/2025\/#organization"},"image":{"@id":"https:\/\/canal7slp.tv\/2025\/empresarios-potosinos-detenidos-tras-altercado-y-agresion-a-policia-en-san-miguel-de-allende\/#primaryimage"},"thumbnailUrl":"https:\/\/canal7slp.tv\/2025\/wp-content\/uploads\/2025\/12\/PotosinosDetenidos01C.jpg","articleSection":["LOCALES Y REGIONALES"],"inLanguage":"es"},{"@type":"WebPage","@id":"https:\/\/canal7slp.tv\/2025\/empresarios-potosinos-detenidos-tras-altercado-y-agresion-a-policia-en-san-miguel-de-allende\/","url":"https:\/\/canal7slp.tv\/2025\/empresarios-potosinos-detenidos-tras-altercado-y-agresion-a-policia-en-san-miguel-de-allende\/","name":"Empresarios potosinos, detenidos tras altercado y agresi\u00f3n a polic\u00eda en San Miguel de Allende - Canal 7 SLP - 2025","isPartOf":{"@id":"https:\/\/canal7slp.tv\/2025\/#website"},"primaryImageOfPage":{"@id":"https:\/\/canal7slp.tv\/2025\/empresarios-potosinos-detenidos-tras-altercado-y-agresion-a-policia-en-san-miguel-de-allende\/#primaryimage"},"image":{"@id":"https:\/\/canal7slp.tv\/2025\/empresarios-potosinos-detenidos-tras-altercado-y-agresion-a-policia-en-san-miguel-de-allende\/#primaryimage"},"thumbnailUrl":"https:\/\/canal7slp.tv\/2025\/wp-content\/uploads\/2025\/12\/PotosinosDetenidos01C.jpg","datePublished":"2025-12-17T22:27:51+00:00","breadcrumb":{"@id":"https:\/\/canal7slp.tv\/2025\/empresarios-potosinos-detenidos-tras-altercado-y-agresion-a-policia-en-san-miguel-de-allende\/#breadcrumb"},"inLanguage":"es","potentialAction":[{"@type":"ReadAction","target":["https:\/\/canal7slp.tv\/2025\/empresarios-potosinos-detenidos-tras-altercado-y-agresion-a-policia-en-san-miguel-de-allende\/"]}]},{"@type":"ImageObject","inLanguage":"es","@id":"https:\/\/canal7slp.tv\/2025\/empresarios-potosinos-detenidos-tras-altercado-y-agresion-a-policia-en-san-miguel-de-allende\/#primaryimage","url":"https:\/\/canal7slp.tv\/2025\/wp-content\/uploads\/2025\/12\/PotosinosDetenidos01C.jpg","contentUrl":"https:\/\/canal7slp.tv\/2025\/wp-content\/uploads\/2025\/12\/PotosinosDetenidos01C.jpg","width":711,"height":410},{"@type":"BreadcrumbList","@id":"https:\/\/canal7slp.tv\/2025\/empresarios-potosinos-detenidos-tras-altercado-y-agresion-a-policia-en-san-miguel-de-allende\/#breadcrumb","itemListElement":[{"@type":"ListItem","position":1,"name":"Portada","item":"https:\/\/canal7slp.tv\/2025\/"},{"@type":"ListItem","position":2,"name":"Empresarios potosinos, detenidos tras altercado y agresi\u00f3n a polic\u00eda en San Miguel de Allende"}]},{"@type":"WebSite","@id":"https:\/\/canal7slp.tv\/2025\/#website","url":"https:\/\/canal7slp.tv\/2025\/","name":"N7 - Noticieros Canal 7","description":"Somos el Medio","publisher":{"@id":"https:\/\/canal7slp.tv\/2025\/#organization"},"potentialAction":[{"@type":"SearchAction","target":{"@type":"EntryPoint","urlTemplate":"https:\/\/canal7slp.tv\/2025\/?s={search_term_string}"},"query-input":{"@type":"PropertyValueSpecification","valueRequired":true,"valueName":"search_term_string"}}],"inLanguage":"es"},{"@type":"Organization","@id":"https:\/\/canal7slp.tv\/2025\/#organization","name":"Noticieros Canal 7","url":"https:\/\/canal7slp.tv\/2025\/","logo":{"@type":"ImageObject","inLanguage":"es","@id":"https:\/\/canal7slp.tv\/2025\/#\/schema\/logo\/image\/","url":"https:\/\/canal7slp.tv\/2025\/wp-content\/uploads\/2021\/01\/logo-noticieros@2x.png","contentUrl":"https:\/\/canal7slp.tv\/2025\/wp-content\/uploads\/2021\/01\/logo-noticieros@2x.png","width":1017,"height":268,"caption":"Noticieros Canal 7"},"image":{"@id":"https:\/\/canal7slp.tv\/2025\/#\/schema\/logo\/image\/"},"sameAs":["https:\/\/www.facebook.com\/noticieroscanal7atencionciudadana\/","https:\/\/x.com\/NOTICIEROS7","https:\/\/www.instagram.com\/canal7_slp","https:\/\/www.youtube.com\/channel\/UCliiYs-gP3JfJeqdPrNdd5A"]},{"@type":"Person","@id":"https:\/\/canal7slp.tv\/2025\/#\/schema\/person\/271e2b60a96e7cc9d9ac296f4d7e414b","name":"Edici\u00f3n Web","image":{"@type":"ImageObject","inLanguage":"es","@id":"https:\/\/secure.gravatar.com\/avatar\/eee448fc3f7164808013b816ba91ac7e43bbe82a70bebac296f8bc6f0addaa1a?s=96&d=mm&r=g","url":"https:\/\/secure.gravatar.com\/avatar\/eee448fc3f7164808013b816ba91ac7e43bbe82a70bebac296f8bc6f0addaa1a?s=96&d=mm&r=g","contentUrl":"https:\/\/secure.gravatar.com\/avatar\/eee448fc3f7164808013b816ba91ac7e43bbe82a70bebac296f8bc6f0addaa1a?s=96&d=mm&r=g","caption":"Edici\u00f3n Web"},"url":"https:\/\/canal7slp.tv\/2025\/author\/edicionweb\/"}]}},"_links":{"self":[{"href":"https:\/\/canal7slp.tv\/2025\/wp-json\/wp\/v2\/posts\/188119","targetHints":{"allow":["GET"]}}],"collection":[{"href":"https:\/\/canal7slp.tv\/2025\/wp-json\/wp\/v2\/posts"}],"about":[{"href":"https:\/\/canal7slp.tv\/2025\/wp-json\/wp\/v2\/types\/post"}],"author":[{"embeddable":true,"href":"https:\/\/canal7slp.tv\/2025\/wp-json\/wp\/v2\/users\/2"}],"replies":[{"embeddable":true,"href":"https:\/\/canal7slp.tv\/2025\/wp-json\/wp\/v2\/comments?post=188119"}],"version-history":[{"count":1,"href":"https:\/\/canal7slp.tv\/2025\/wp-json\/wp\/v2\/posts\/188119\/revisions"}],"predecessor-version":[{"id":188124,"href":"https:\/\/canal7slp.tv\/2025\/wp-json\/wp\/v2\/posts\/188119\/revisions\/188124"}],"wp:featuredmedia":[{"embeddable":true,"href":"https:\/\/canal7slp.tv\/2025\/wp-json\/wp\/v2\/media\/188123"}],"wp:attachment":[{"href":"https:\/\/canal7slp.tv\/2025\/wp-json\/wp\/v2\/media?parent=188119"}],"wp:term":[{"taxonomy":"category","embeddable":true,"href":"https:\/\/canal7slp.tv\/2025\/wp-json\/wp\/v2\/categories?post=188119"},{"taxonomy":"post_tag","embeddable":true,"href":"https:\/\/canal7slp.tv\/2025\/wp-json\/wp\/v2\/tags?post=188119"}],"curies":[{"name":"wp","href":"https:\/\/api.w.org\/{rel}","templated":true}]}}