{"id":187918,"date":"2025-12-15T19:32:23","date_gmt":"2025-12-16T01:32:23","guid":{"rendered":"https:\/\/canal7slp.tv\/2025\/?p=187918"},"modified":"2025-12-15T19:32:23","modified_gmt":"2025-12-16T01:32:23","slug":"falta-de-vivienda-es-un-foco-rojo-para-instalacion-de-empresas-opino-canadevi","status":"publish","type":"post","link":"https:\/\/canal7slp.tv\/2025\/falta-de-vivienda-es-un-foco-rojo-para-instalacion-de-empresas-opino-canadevi\/","title":{"rendered":"Falta de vivienda es un foco rojo para instalaci\u00f3n de empresas opin\u00f3 CANADEVI"},"content":{"rendered":"<p style=\"text-align: justify;\">SLP.- Falta de vivienda es un problema delicado que repercute en la instalaci\u00f3n de empresas se\u00f1al\u00f3 el presidente de la C\u00e1mara Nacional de la Industria del Desarrollo y Promoci\u00f3n de la Vivienda en San Luis Potos\u00ed, Francisco Torres Ocejo.<\/p>\n<p style=\"text-align: justify;\">\u201cUn foco de atenci\u00f3n para las empresas, por no decirlo rojo, es que no hay vivienda en San Luis o que falta vivienda en San Luis\u201d.<\/p>\n<p style=\"text-align: justify;\">Para 2026 se espera la apertura de dos fabriles, por lo que se requiere m\u00e1s vivienda.<\/p>\n<p style=\"text-align: justify;\">\u201cVienen cerca de siete mil empleos nuevos el pr\u00f3ximo a\u00f1o solamente en tres o cuatro empresas y ellos requieren vivienda, y requieren vivienda cerca de sus fuentes de trabajo (\u2026) hoy ya a San Luis Potos\u00ed le puede llegar a generar y restar competitividad ante otros estados porque no tenemos donde alojar el crecimiento industrial que se ha tenido en los \u00faltimos a\u00f1os\u201d<\/p>\n<p style=\"text-align: justify;\">El a\u00f1o 2025 cerrar\u00e1 con un d\u00e9ficit de tres mil viviendas sobre la proyecci\u00f3n de ocho mil.<\/p>\n<p style=\"text-align: justify;\">\u201cNosotros ten\u00edamos una meta de ocho mil viviendas nuevas, no vamos a llegar este a\u00f1o, vamos a estar sobre las cinco mil\u201d.<\/p>\n<p style=\"text-align: justify;\">La capital y municipios aleda\u00f1os requieren de estos espacios.<\/p>\n<p style=\"text-align: justify;\">\u201cSan Luis Potos\u00ed, Villa de Pozos Villa de Reyes, Soledad, Mexquitic de Carmona, ya todos son esta gran metr\u00f3poli; las empresas siguen creciendo\u201d.<\/p>\n<p>Por: Juan Carlos Contreras<\/p>\n","protected":false},"excerpt":{"rendered":"<p>SLP.- Falta de vivienda es un problema delicado que repercute en la instalaci\u00f3n de empresas se\u00f1al\u00f3 el presidente de la C\u00e1mara Nacional de la Industria del Desarrollo y Promoci\u00f3n de la Vivienda en San Luis Potos\u00ed, Francisco Torres Ocejo. \u201cUn foco de atenci\u00f3n para las empresas, por no decirlo rojo, es que no hay vivienda en San Luis o que falta vivienda en San Luis\u201d. Para 2026 se espera la apertura de dos fabriles, por lo que se requiere m\u00e1s vivienda. \u201cVienen cerca de siete mil empleos nuevos el pr\u00f3ximo a\u00f1o solamente en tres o cuatro empresas y ellos requieren [&hellip;]<\/p>\n","protected":false},"author":2,"featured_media":187920,"comment_status":"closed","ping_status":"closed","sticky":false,"template":"","format":"video","meta":{"_monsterinsights_skip_tracking":false,"_monsterinsights_sitenote_active":false,"_monsterinsights_sitenote_note":"","_monsterinsights_sitenote_category":0,"footnotes":""},"categories":[5,45],"tags":[],"class_list":["post-187918","post","type-post","status-publish","format-video","has-post-thumbnail","hentry","category-destacadas","category-localesyregionales","post_format-post-format-video","post--single"],"yoast_head":"<!-- This site is optimized with the Yoast SEO plugin v27.5 - https:\/\/yoast.com\/product\/yoast-seo-wordpress\/ -->\n<title>Falta de vivienda es un foco rojo para instalaci\u00f3n de empresas opin\u00f3 CANADEVI - Canal 7 SLP - 2025<\/title>\n<meta name=\"robots\" content=\"index, follow, max-snippet:-1, max-image-preview:large, max-video-preview:-1\" \/>\n<link rel=\"canonical\" href=\"https:\/\/canal7slp.tv\/2025\/falta-de-vivienda-es-un-foco-rojo-para-instalacion-de-empresas-opino-canadevi\/\" \/>\n<meta property=\"og:locale\" content=\"es_ES\" \/>\n<meta property=\"og:type\" content=\"article\" \/>\n<meta property=\"og:title\" content=\"Falta de vivienda es un foco rojo para instalaci\u00f3n de empresas opin\u00f3 CANADEVI - Canal 7 SLP - 2025\" \/>\n<meta property=\"og:description\" content=\"SLP.- Falta de vivienda es un problema delicado que repercute en la instalaci\u00f3n de empresas se\u00f1al\u00f3 el presidente de la C\u00e1mara Nacional de la Industria del Desarrollo y Promoci\u00f3n de la Vivienda en San Luis Potos\u00ed, Francisco Torres Ocejo. \u201cUn foco de atenci\u00f3n para las empresas, por no decirlo rojo, es que no hay vivienda en San Luis o que falta vivienda en San Luis\u201d. Para 2026 se espera la apertura de dos fabriles, por lo que se requiere m\u00e1s vivienda. \u201cVienen cerca de siete mil empleos nuevos el pr\u00f3ximo a\u00f1o solamente en tres o cuatro empresas y ellos requieren [&hellip;]\" \/>\n<meta property=\"og:url\" content=\"https:\/\/canal7slp.tv\/2025\/falta-de-vivienda-es-un-foco-rojo-para-instalacion-de-empresas-opino-canadevi\/\" \/>\n<meta property=\"og:site_name\" content=\"Canal 7 SLP - 2025\" \/>\n<meta property=\"article:publisher\" content=\"https:\/\/www.facebook.com\/noticieroscanal7atencionciudadana\/\" \/>\n<meta property=\"article:published_time\" content=\"2025-12-16T01:32:23+00:00\" \/>\n<meta property=\"og:image\" content=\"https:\/\/canal7slp.tv\/2025\/wp-content\/uploads\/2025\/12\/Poky03CANADEVIRojo.jpg\" \/>\n\t<meta property=\"og:image:width\" content=\"1280\" \/>\n\t<meta property=\"og:image:height\" content=\"720\" \/>\n\t<meta property=\"og:image:type\" content=\"image\/jpeg\" \/>\n<meta name=\"author\" content=\"Edici\u00f3n Web\" \/>\n<meta name=\"twitter:card\" content=\"summary_large_image\" \/>\n<meta name=\"twitter:creator\" content=\"@NOTICIEROS7\" \/>\n<meta name=\"twitter:site\" content=\"@NOTICIEROS7\" \/>\n<meta name=\"twitter:label1\" content=\"Escrito por\" \/>\n\t<meta name=\"twitter:data1\" content=\"Edici\u00f3n Web\" \/>\n\t<meta name=\"twitter:label2\" content=\"Tiempo de lectura\" \/>\n\t<meta name=\"twitter:data2\" content=\"2 minutos\" \/>\n<script type=\"application\/ld+json\" class=\"yoast-schema-graph\">{\"@context\":\"https:\\\/\\\/schema.org\",\"@graph\":[{\"@type\":\"Article\",\"@id\":\"https:\\\/\\\/canal7slp.tv\\\/2025\\\/falta-de-vivienda-es-un-foco-rojo-para-instalacion-de-empresas-opino-canadevi\\\/#article\",\"isPartOf\":{\"@id\":\"https:\\\/\\\/canal7slp.tv\\\/2025\\\/falta-de-vivienda-es-un-foco-rojo-para-instalacion-de-empresas-opino-canadevi\\\/\"},\"author\":{\"name\":\"Edici\u00f3n Web\",\"@id\":\"https:\\\/\\\/canal7slp.tv\\\/2025\\\/#\\\/schema\\\/person\\\/271e2b60a96e7cc9d9ac296f4d7e414b\"},\"headline\":\"Falta de vivienda es un foco rojo para instalaci\u00f3n de empresas opin\u00f3 CANADEVI\",\"datePublished\":\"2025-12-16T01:32:23+00:00\",\"mainEntityOfPage\":{\"@id\":\"https:\\\/\\\/canal7slp.tv\\\/2025\\\/falta-de-vivienda-es-un-foco-rojo-para-instalacion-de-empresas-opino-canadevi\\\/\"},\"wordCount\":247,\"publisher\":{\"@id\":\"https:\\\/\\\/canal7slp.tv\\\/2025\\\/#organization\"},\"image\":{\"@id\":\"https:\\\/\\\/canal7slp.tv\\\/2025\\\/falta-de-vivienda-es-un-foco-rojo-para-instalacion-de-empresas-opino-canadevi\\\/#primaryimage\"},\"thumbnailUrl\":\"https:\\\/\\\/canal7slp.tv\\\/2025\\\/wp-content\\\/uploads\\\/2025\\\/12\\\/Poky03CANADEVIRojo.jpg\",\"articleSection\":[\"DESTACADAS\",\"LOCALES Y REGIONALES\"],\"inLanguage\":\"es\"},{\"@type\":\"WebPage\",\"@id\":\"https:\\\/\\\/canal7slp.tv\\\/2025\\\/falta-de-vivienda-es-un-foco-rojo-para-instalacion-de-empresas-opino-canadevi\\\/\",\"url\":\"https:\\\/\\\/canal7slp.tv\\\/2025\\\/falta-de-vivienda-es-un-foco-rojo-para-instalacion-de-empresas-opino-canadevi\\\/\",\"name\":\"Falta de vivienda es un foco rojo para instalaci\u00f3n de empresas opin\u00f3 CANADEVI - Canal 7 SLP - 2025\",\"isPartOf\":{\"@id\":\"https:\\\/\\\/canal7slp.tv\\\/2025\\\/#website\"},\"primaryImageOfPage\":{\"@id\":\"https:\\\/\\\/canal7slp.tv\\\/2025\\\/falta-de-vivienda-es-un-foco-rojo-para-instalacion-de-empresas-opino-canadevi\\\/#primaryimage\"},\"image\":{\"@id\":\"https:\\\/\\\/canal7slp.tv\\\/2025\\\/falta-de-vivienda-es-un-foco-rojo-para-instalacion-de-empresas-opino-canadevi\\\/#primaryimage\"},\"thumbnailUrl\":\"https:\\\/\\\/canal7slp.tv\\\/2025\\\/wp-content\\\/uploads\\\/2025\\\/12\\\/Poky03CANADEVIRojo.jpg\",\"datePublished\":\"2025-12-16T01:32:23+00:00\",\"breadcrumb\":{\"@id\":\"https:\\\/\\\/canal7slp.tv\\\/2025\\\/falta-de-vivienda-es-un-foco-rojo-para-instalacion-de-empresas-opino-canadevi\\\/#breadcrumb\"},\"inLanguage\":\"es\",\"potentialAction\":[{\"@type\":\"ReadAction\",\"target\":[\"https:\\\/\\\/canal7slp.tv\\\/2025\\\/falta-de-vivienda-es-un-foco-rojo-para-instalacion-de-empresas-opino-canadevi\\\/\"]}]},{\"@type\":\"ImageObject\",\"inLanguage\":\"es\",\"@id\":\"https:\\\/\\\/canal7slp.tv\\\/2025\\\/falta-de-vivienda-es-un-foco-rojo-para-instalacion-de-empresas-opino-canadevi\\\/#primaryimage\",\"url\":\"https:\\\/\\\/canal7slp.tv\\\/2025\\\/wp-content\\\/uploads\\\/2025\\\/12\\\/Poky03CANADEVIRojo.jpg\",\"contentUrl\":\"https:\\\/\\\/canal7slp.tv\\\/2025\\\/wp-content\\\/uploads\\\/2025\\\/12\\\/Poky03CANADEVIRojo.jpg\",\"width\":1280,\"height\":720},{\"@type\":\"BreadcrumbList\",\"@id\":\"https:\\\/\\\/canal7slp.tv\\\/2025\\\/falta-de-vivienda-es-un-foco-rojo-para-instalacion-de-empresas-opino-canadevi\\\/#breadcrumb\",\"itemListElement\":[{\"@type\":\"ListItem\",\"position\":1,\"name\":\"Portada\",\"item\":\"https:\\\/\\\/canal7slp.tv\\\/2025\\\/\"},{\"@type\":\"ListItem\",\"position\":2,\"name\":\"Falta de vivienda es un foco rojo para instalaci\u00f3n de empresas opin\u00f3 CANADEVI\"}]},{\"@type\":\"WebSite\",\"@id\":\"https:\\\/\\\/canal7slp.tv\\\/2025\\\/#website\",\"url\":\"https:\\\/\\\/canal7slp.tv\\\/2025\\\/\",\"name\":\"N7 - Noticieros Canal 7\",\"description\":\"Somos el Medio\",\"publisher\":{\"@id\":\"https:\\\/\\\/canal7slp.tv\\\/2025\\\/#organization\"},\"potentialAction\":[{\"@type\":\"SearchAction\",\"target\":{\"@type\":\"EntryPoint\",\"urlTemplate\":\"https:\\\/\\\/canal7slp.tv\\\/2025\\\/?s={search_term_string}\"},\"query-input\":{\"@type\":\"PropertyValueSpecification\",\"valueRequired\":true,\"valueName\":\"search_term_string\"}}],\"inLanguage\":\"es\"},{\"@type\":\"Organization\",\"@id\":\"https:\\\/\\\/canal7slp.tv\\\/2025\\\/#organization\",\"name\":\"Noticieros Canal 7\",\"url\":\"https:\\\/\\\/canal7slp.tv\\\/2025\\\/\",\"logo\":{\"@type\":\"ImageObject\",\"inLanguage\":\"es\",\"@id\":\"https:\\\/\\\/canal7slp.tv\\\/2025\\\/#\\\/schema\\\/logo\\\/image\\\/\",\"url\":\"https:\\\/\\\/canal7slp.tv\\\/2025\\\/wp-content\\\/uploads\\\/2021\\\/01\\\/logo-noticieros@2x.png\",\"contentUrl\":\"https:\\\/\\\/canal7slp.tv\\\/2025\\\/wp-content\\\/uploads\\\/2021\\\/01\\\/logo-noticieros@2x.png\",\"width\":1017,\"height\":268,\"caption\":\"Noticieros Canal 7\"},\"image\":{\"@id\":\"https:\\\/\\\/canal7slp.tv\\\/2025\\\/#\\\/schema\\\/logo\\\/image\\\/\"},\"sameAs\":[\"https:\\\/\\\/www.facebook.com\\\/noticieroscanal7atencionciudadana\\\/\",\"https:\\\/\\\/x.com\\\/NOTICIEROS7\",\"https:\\\/\\\/www.instagram.com\\\/canal7_slp\",\"https:\\\/\\\/www.youtube.com\\\/channel\\\/UCliiYs-gP3JfJeqdPrNdd5A\"]},{\"@type\":\"Person\",\"@id\":\"https:\\\/\\\/canal7slp.tv\\\/2025\\\/#\\\/schema\\\/person\\\/271e2b60a96e7cc9d9ac296f4d7e414b\",\"name\":\"Edici\u00f3n Web\",\"image\":{\"@type\":\"ImageObject\",\"inLanguage\":\"es\",\"@id\":\"https:\\\/\\\/secure.gravatar.com\\\/avatar\\\/eee448fc3f7164808013b816ba91ac7e43bbe82a70bebac296f8bc6f0addaa1a?s=96&d=mm&r=g\",\"url\":\"https:\\\/\\\/secure.gravatar.com\\\/avatar\\\/eee448fc3f7164808013b816ba91ac7e43bbe82a70bebac296f8bc6f0addaa1a?s=96&d=mm&r=g\",\"contentUrl\":\"https:\\\/\\\/secure.gravatar.com\\\/avatar\\\/eee448fc3f7164808013b816ba91ac7e43bbe82a70bebac296f8bc6f0addaa1a?s=96&d=mm&r=g\",\"caption\":\"Edici\u00f3n Web\"},\"url\":\"https:\\\/\\\/canal7slp.tv\\\/2025\\\/author\\\/edicionweb\\\/\"}]}<\/script>\n<!-- \/ Yoast SEO plugin. -->","yoast_head_json":{"title":"Falta de vivienda es un foco rojo para instalaci\u00f3n de empresas opin\u00f3 CANADEVI - Canal 7 SLP - 2025","robots":{"index":"index","follow":"follow","max-snippet":"max-snippet:-1","max-image-preview":"max-image-preview:large","max-video-preview":"max-video-preview:-1"},"canonical":"https:\/\/canal7slp.tv\/2025\/falta-de-vivienda-es-un-foco-rojo-para-instalacion-de-empresas-opino-canadevi\/","og_locale":"es_ES","og_type":"article","og_title":"Falta de vivienda es un foco rojo para instalaci\u00f3n de empresas opin\u00f3 CANADEVI - Canal 7 SLP - 2025","og_description":"SLP.- Falta de vivienda es un problema delicado que repercute en la instalaci\u00f3n de empresas se\u00f1al\u00f3 el presidente de la C\u00e1mara Nacional de la Industria del Desarrollo y Promoci\u00f3n de la Vivienda en San Luis Potos\u00ed, Francisco Torres Ocejo. \u201cUn foco de atenci\u00f3n para las empresas, por no decirlo rojo, es que no hay vivienda en San Luis o que falta vivienda en San Luis\u201d. Para 2026 se espera la apertura de dos fabriles, por lo que se requiere m\u00e1s vivienda. \u201cVienen cerca de siete mil empleos nuevos el pr\u00f3ximo a\u00f1o solamente en tres o cuatro empresas y ellos requieren [&hellip;]","og_url":"https:\/\/canal7slp.tv\/2025\/falta-de-vivienda-es-un-foco-rojo-para-instalacion-de-empresas-opino-canadevi\/","og_site_name":"Canal 7 SLP - 2025","article_publisher":"https:\/\/www.facebook.com\/noticieroscanal7atencionciudadana\/","article_published_time":"2025-12-16T01:32:23+00:00","og_image":[{"width":1280,"height":720,"url":"https:\/\/canal7slp.tv\/2025\/wp-content\/uploads\/2025\/12\/Poky03CANADEVIRojo.jpg","type":"image\/jpeg"}],"author":"Edici\u00f3n Web","twitter_card":"summary_large_image","twitter_creator":"@NOTICIEROS7","twitter_site":"@NOTICIEROS7","twitter_misc":{"Escrito por":"Edici\u00f3n Web","Tiempo de lectura":"2 minutos"},"schema":{"@context":"https:\/\/schema.org","@graph":[{"@type":"Article","@id":"https:\/\/canal7slp.tv\/2025\/falta-de-vivienda-es-un-foco-rojo-para-instalacion-de-empresas-opino-canadevi\/#article","isPartOf":{"@id":"https:\/\/canal7slp.tv\/2025\/falta-de-vivienda-es-un-foco-rojo-para-instalacion-de-empresas-opino-canadevi\/"},"author":{"name":"Edici\u00f3n Web","@id":"https:\/\/canal7slp.tv\/2025\/#\/schema\/person\/271e2b60a96e7cc9d9ac296f4d7e414b"},"headline":"Falta de vivienda es un foco rojo para instalaci\u00f3n de empresas opin\u00f3 CANADEVI","datePublished":"2025-12-16T01:32:23+00:00","mainEntityOfPage":{"@id":"https:\/\/canal7slp.tv\/2025\/falta-de-vivienda-es-un-foco-rojo-para-instalacion-de-empresas-opino-canadevi\/"},"wordCount":247,"publisher":{"@id":"https:\/\/canal7slp.tv\/2025\/#organization"},"image":{"@id":"https:\/\/canal7slp.tv\/2025\/falta-de-vivienda-es-un-foco-rojo-para-instalacion-de-empresas-opino-canadevi\/#primaryimage"},"thumbnailUrl":"https:\/\/canal7slp.tv\/2025\/wp-content\/uploads\/2025\/12\/Poky03CANADEVIRojo.jpg","articleSection":["DESTACADAS","LOCALES Y REGIONALES"],"inLanguage":"es"},{"@type":"WebPage","@id":"https:\/\/canal7slp.tv\/2025\/falta-de-vivienda-es-un-foco-rojo-para-instalacion-de-empresas-opino-canadevi\/","url":"https:\/\/canal7slp.tv\/2025\/falta-de-vivienda-es-un-foco-rojo-para-instalacion-de-empresas-opino-canadevi\/","name":"Falta de vivienda es un foco rojo para instalaci\u00f3n de empresas opin\u00f3 CANADEVI - Canal 7 SLP - 2025","isPartOf":{"@id":"https:\/\/canal7slp.tv\/2025\/#website"},"primaryImageOfPage":{"@id":"https:\/\/canal7slp.tv\/2025\/falta-de-vivienda-es-un-foco-rojo-para-instalacion-de-empresas-opino-canadevi\/#primaryimage"},"image":{"@id":"https:\/\/canal7slp.tv\/2025\/falta-de-vivienda-es-un-foco-rojo-para-instalacion-de-empresas-opino-canadevi\/#primaryimage"},"thumbnailUrl":"https:\/\/canal7slp.tv\/2025\/wp-content\/uploads\/2025\/12\/Poky03CANADEVIRojo.jpg","datePublished":"2025-12-16T01:32:23+00:00","breadcrumb":{"@id":"https:\/\/canal7slp.tv\/2025\/falta-de-vivienda-es-un-foco-rojo-para-instalacion-de-empresas-opino-canadevi\/#breadcrumb"},"inLanguage":"es","potentialAction":[{"@type":"ReadAction","target":["https:\/\/canal7slp.tv\/2025\/falta-de-vivienda-es-un-foco-rojo-para-instalacion-de-empresas-opino-canadevi\/"]}]},{"@type":"ImageObject","inLanguage":"es","@id":"https:\/\/canal7slp.tv\/2025\/falta-de-vivienda-es-un-foco-rojo-para-instalacion-de-empresas-opino-canadevi\/#primaryimage","url":"https:\/\/canal7slp.tv\/2025\/wp-content\/uploads\/2025\/12\/Poky03CANADEVIRojo.jpg","contentUrl":"https:\/\/canal7slp.tv\/2025\/wp-content\/uploads\/2025\/12\/Poky03CANADEVIRojo.jpg","width":1280,"height":720},{"@type":"BreadcrumbList","@id":"https:\/\/canal7slp.tv\/2025\/falta-de-vivienda-es-un-foco-rojo-para-instalacion-de-empresas-opino-canadevi\/#breadcrumb","itemListElement":[{"@type":"ListItem","position":1,"name":"Portada","item":"https:\/\/canal7slp.tv\/2025\/"},{"@type":"ListItem","position":2,"name":"Falta de vivienda es un foco rojo para instalaci\u00f3n de empresas opin\u00f3 CANADEVI"}]},{"@type":"WebSite","@id":"https:\/\/canal7slp.tv\/2025\/#website","url":"https:\/\/canal7slp.tv\/2025\/","name":"N7 - Noticieros Canal 7","description":"Somos el Medio","publisher":{"@id":"https:\/\/canal7slp.tv\/2025\/#organization"},"potentialAction":[{"@type":"SearchAction","target":{"@type":"EntryPoint","urlTemplate":"https:\/\/canal7slp.tv\/2025\/?s={search_term_string}"},"query-input":{"@type":"PropertyValueSpecification","valueRequired":true,"valueName":"search_term_string"}}],"inLanguage":"es"},{"@type":"Organization","@id":"https:\/\/canal7slp.tv\/2025\/#organization","name":"Noticieros Canal 7","url":"https:\/\/canal7slp.tv\/2025\/","logo":{"@type":"ImageObject","inLanguage":"es","@id":"https:\/\/canal7slp.tv\/2025\/#\/schema\/logo\/image\/","url":"https:\/\/canal7slp.tv\/2025\/wp-content\/uploads\/2021\/01\/logo-noticieros@2x.png","contentUrl":"https:\/\/canal7slp.tv\/2025\/wp-content\/uploads\/2021\/01\/logo-noticieros@2x.png","width":1017,"height":268,"caption":"Noticieros Canal 7"},"image":{"@id":"https:\/\/canal7slp.tv\/2025\/#\/schema\/logo\/image\/"},"sameAs":["https:\/\/www.facebook.com\/noticieroscanal7atencionciudadana\/","https:\/\/x.com\/NOTICIEROS7","https:\/\/www.instagram.com\/canal7_slp","https:\/\/www.youtube.com\/channel\/UCliiYs-gP3JfJeqdPrNdd5A"]},{"@type":"Person","@id":"https:\/\/canal7slp.tv\/2025\/#\/schema\/person\/271e2b60a96e7cc9d9ac296f4d7e414b","name":"Edici\u00f3n Web","image":{"@type":"ImageObject","inLanguage":"es","@id":"https:\/\/secure.gravatar.com\/avatar\/eee448fc3f7164808013b816ba91ac7e43bbe82a70bebac296f8bc6f0addaa1a?s=96&d=mm&r=g","url":"https:\/\/secure.gravatar.com\/avatar\/eee448fc3f7164808013b816ba91ac7e43bbe82a70bebac296f8bc6f0addaa1a?s=96&d=mm&r=g","contentUrl":"https:\/\/secure.gravatar.com\/avatar\/eee448fc3f7164808013b816ba91ac7e43bbe82a70bebac296f8bc6f0addaa1a?s=96&d=mm&r=g","caption":"Edici\u00f3n Web"},"url":"https:\/\/canal7slp.tv\/2025\/author\/edicionweb\/"}]}},"_links":{"self":[{"href":"https:\/\/canal7slp.tv\/2025\/wp-json\/wp\/v2\/posts\/187918","targetHints":{"allow":["GET"]}}],"collection":[{"href":"https:\/\/canal7slp.tv\/2025\/wp-json\/wp\/v2\/posts"}],"about":[{"href":"https:\/\/canal7slp.tv\/2025\/wp-json\/wp\/v2\/types\/post"}],"author":[{"embeddable":true,"href":"https:\/\/canal7slp.tv\/2025\/wp-json\/wp\/v2\/users\/2"}],"replies":[{"embeddable":true,"href":"https:\/\/canal7slp.tv\/2025\/wp-json\/wp\/v2\/comments?post=187918"}],"version-history":[{"count":1,"href":"https:\/\/canal7slp.tv\/2025\/wp-json\/wp\/v2\/posts\/187918\/revisions"}],"predecessor-version":[{"id":187921,"href":"https:\/\/canal7slp.tv\/2025\/wp-json\/wp\/v2\/posts\/187918\/revisions\/187921"}],"wp:featuredmedia":[{"embeddable":true,"href":"https:\/\/canal7slp.tv\/2025\/wp-json\/wp\/v2\/media\/187920"}],"wp:attachment":[{"href":"https:\/\/canal7slp.tv\/2025\/wp-json\/wp\/v2\/media?parent=187918"}],"wp:term":[{"taxonomy":"category","embeddable":true,"href":"https:\/\/canal7slp.tv\/2025\/wp-json\/wp\/v2\/categories?post=187918"},{"taxonomy":"post_tag","embeddable":true,"href":"https:\/\/canal7slp.tv\/2025\/wp-json\/wp\/v2\/tags?post=187918"}],"curies":[{"name":"wp","href":"https:\/\/api.w.org\/{rel}","templated":true}]}}