{"id":187913,"date":"2025-12-15T19:13:48","date_gmt":"2025-12-16T01:13:48","guid":{"rendered":"https:\/\/canal7slp.tv\/2025\/?p=187913"},"modified":"2025-12-15T19:13:48","modified_gmt":"2025-12-16T01:13:48","slug":"basta-de-ambulantes-exigen-desde-nuestro-centro","status":"publish","type":"post","link":"https:\/\/canal7slp.tv\/2025\/basta-de-ambulantes-exigen-desde-nuestro-centro\/","title":{"rendered":"Basta de ambulantes, exigen desde Nuestro Centro"},"content":{"rendered":"<p style=\"text-align: justify;\">SLP.- Desde la agrupaci\u00f3n de comerciantes establecidos Nuestro Centro en San Luis Potos\u00ed, su presidenta M\u00f3nica Heredia Sainz, reprocho la permisividad de las administraciones municipal y estatal pues debido a esto es que puestos ambulantes han invadido el primer cuadro de la ciudad y sus alrededores.<\/p>\n<p style=\"text-align: justify;\">\u201cUna vez m\u00e1s un llamado a las autoridades, tanto al gobierno municipal, como a gobierno del estado del respeto a la v\u00eda p\u00fablica, que dejen que la ciudadan\u00eda (\u2026) realmente disfrute esta \u00e9poca en familia sin sobresaltos, sin tener que bajarse a la banqueta por la cantidad de comercio informal que al d\u00eda de hoy siguen llegando al Centro Hist\u00f3rico de la capital\u201d.<\/p>\n<p style=\"text-align: justify;\">Hay espacios que son copados por los informales.<\/p>\n<p style=\"text-align: justify;\">\u201cSin duda la parte m\u00e1s visible es Plaza de Armas que la verdad nos toma por completo, es la cara de la ciudad (\u2026) es una vendimia disfrazada de manifestaci\u00f3n\u201d.<\/p>\n<p style=\"text-align: justify;\">Adem\u00e1s la integridad de los visitantes se ve vulnerada.<\/p>\n<p style=\"text-align: justify;\">\u201cLos pasajes, s\u00ed, tambi\u00e9n hacia Eje Vial, o sea, es impresionante que los camiones se tiene que estacionar en segundas y terceras filas para poder bajar su pasaje\u201d.<\/p>\n<p style=\"text-align: justify;\">Pidi\u00f3 acciones reales a las administraciones.<\/p>\n<p style=\"text-align: justify;\">\u201cLo cierto es que ya se deben de fijar posturas bastante firmes tanto de municipio como de gobierno del estado, de que si hay una manifestaci\u00f3n no venga acompa\u00f1ada de todas estas vendimias\u201d.<\/p>\n<p style=\"text-align: justify;\">Ante la inoperatividad de las autoridades, los comercios informales han aprovechado.<\/p>\n<p style=\"text-align: justify;\">\u201cLa verdad es que los ambulantes, el comercio informal ha tomado de una manera ya hasta descarada las calles de la ciudad\u201d.<\/p>\n<p>Por: Juan Carlos Contreras<\/p>\n","protected":false},"excerpt":{"rendered":"<p>SLP.- Desde la agrupaci\u00f3n de comerciantes establecidos Nuestro Centro en San Luis Potos\u00ed, su presidenta M\u00f3nica Heredia Sainz, reprocho la permisividad de las administraciones municipal y estatal pues debido a esto es que puestos ambulantes han invadido el primer cuadro de la ciudad y sus alrededores. \u201cUna vez m\u00e1s un llamado a las autoridades, tanto al gobierno municipal, como a gobierno del estado del respeto a la v\u00eda p\u00fablica, que dejen que la ciudadan\u00eda (\u2026) realmente disfrute esta \u00e9poca en familia sin sobresaltos, sin tener que bajarse a la banqueta por la cantidad de comercio informal que al d\u00eda de [&hellip;]<\/p>\n","protected":false},"author":2,"featured_media":187915,"comment_status":"closed","ping_status":"closed","sticky":false,"template":"","format":"video","meta":{"_monsterinsights_skip_tracking":false,"_monsterinsights_sitenote_active":false,"_monsterinsights_sitenote_note":"","_monsterinsights_sitenote_category":0,"footnotes":""},"categories":[5,45],"tags":[],"class_list":["post-187913","post","type-post","status-publish","format-video","has-post-thumbnail","hentry","category-destacadas","category-localesyregionales","post_format-post-format-video","post--single"],"yoast_head":"<!-- This site is optimized with the Yoast SEO plugin v27.5 - https:\/\/yoast.com\/product\/yoast-seo-wordpress\/ -->\n<title>Basta de ambulantes, exigen desde Nuestro Centro - Canal 7 SLP - 2025<\/title>\n<meta name=\"robots\" content=\"index, follow, max-snippet:-1, max-image-preview:large, max-video-preview:-1\" \/>\n<link rel=\"canonical\" href=\"https:\/\/canal7slp.tv\/2025\/basta-de-ambulantes-exigen-desde-nuestro-centro\/\" \/>\n<meta property=\"og:locale\" content=\"es_ES\" \/>\n<meta property=\"og:type\" content=\"article\" \/>\n<meta property=\"og:title\" content=\"Basta de ambulantes, exigen desde Nuestro Centro - Canal 7 SLP - 2025\" \/>\n<meta property=\"og:description\" content=\"SLP.- Desde la agrupaci\u00f3n de comerciantes establecidos Nuestro Centro en San Luis Potos\u00ed, su presidenta M\u00f3nica Heredia Sainz, reprocho la permisividad de las administraciones municipal y estatal pues debido a esto es que puestos ambulantes han invadido el primer cuadro de la ciudad y sus alrededores. \u201cUna vez m\u00e1s un llamado a las autoridades, tanto al gobierno municipal, como a gobierno del estado del respeto a la v\u00eda p\u00fablica, que dejen que la ciudadan\u00eda (\u2026) realmente disfrute esta \u00e9poca en familia sin sobresaltos, sin tener que bajarse a la banqueta por la cantidad de comercio informal que al d\u00eda de [&hellip;]\" \/>\n<meta property=\"og:url\" content=\"https:\/\/canal7slp.tv\/2025\/basta-de-ambulantes-exigen-desde-nuestro-centro\/\" \/>\n<meta property=\"og:site_name\" content=\"Canal 7 SLP - 2025\" \/>\n<meta property=\"article:publisher\" content=\"https:\/\/www.facebook.com\/noticieroscanal7atencionciudadana\/\" \/>\n<meta property=\"article:published_time\" content=\"2025-12-16T01:13:48+00:00\" \/>\n<meta property=\"og:image\" content=\"https:\/\/canal7slp.tv\/2025\/wp-content\/uploads\/2025\/12\/Poky02NuestroCentro.jpg\" \/>\n\t<meta property=\"og:image:width\" content=\"1280\" \/>\n\t<meta property=\"og:image:height\" content=\"720\" \/>\n\t<meta property=\"og:image:type\" content=\"image\/jpeg\" \/>\n<meta name=\"author\" content=\"Edici\u00f3n Web\" \/>\n<meta name=\"twitter:card\" content=\"summary_large_image\" \/>\n<meta name=\"twitter:creator\" content=\"@NOTICIEROS7\" \/>\n<meta name=\"twitter:site\" content=\"@NOTICIEROS7\" \/>\n<meta name=\"twitter:label1\" content=\"Escrito por\" \/>\n\t<meta name=\"twitter:data1\" content=\"Edici\u00f3n Web\" \/>\n\t<meta name=\"twitter:label2\" content=\"Tiempo de lectura\" \/>\n\t<meta name=\"twitter:data2\" content=\"2 minutos\" \/>\n<script type=\"application\/ld+json\" class=\"yoast-schema-graph\">{\"@context\":\"https:\\\/\\\/schema.org\",\"@graph\":[{\"@type\":\"Article\",\"@id\":\"https:\\\/\\\/canal7slp.tv\\\/2025\\\/basta-de-ambulantes-exigen-desde-nuestro-centro\\\/#article\",\"isPartOf\":{\"@id\":\"https:\\\/\\\/canal7slp.tv\\\/2025\\\/basta-de-ambulantes-exigen-desde-nuestro-centro\\\/\"},\"author\":{\"name\":\"Edici\u00f3n Web\",\"@id\":\"https:\\\/\\\/canal7slp.tv\\\/2025\\\/#\\\/schema\\\/person\\\/271e2b60a96e7cc9d9ac296f4d7e414b\"},\"headline\":\"Basta de ambulantes, exigen desde Nuestro Centro\",\"datePublished\":\"2025-12-16T01:13:48+00:00\",\"mainEntityOfPage\":{\"@id\":\"https:\\\/\\\/canal7slp.tv\\\/2025\\\/basta-de-ambulantes-exigen-desde-nuestro-centro\\\/\"},\"wordCount\":280,\"publisher\":{\"@id\":\"https:\\\/\\\/canal7slp.tv\\\/2025\\\/#organization\"},\"image\":{\"@id\":\"https:\\\/\\\/canal7slp.tv\\\/2025\\\/basta-de-ambulantes-exigen-desde-nuestro-centro\\\/#primaryimage\"},\"thumbnailUrl\":\"https:\\\/\\\/canal7slp.tv\\\/2025\\\/wp-content\\\/uploads\\\/2025\\\/12\\\/Poky02NuestroCentro.jpg\",\"articleSection\":[\"DESTACADAS\",\"LOCALES Y REGIONALES\"],\"inLanguage\":\"es\"},{\"@type\":\"WebPage\",\"@id\":\"https:\\\/\\\/canal7slp.tv\\\/2025\\\/basta-de-ambulantes-exigen-desde-nuestro-centro\\\/\",\"url\":\"https:\\\/\\\/canal7slp.tv\\\/2025\\\/basta-de-ambulantes-exigen-desde-nuestro-centro\\\/\",\"name\":\"Basta de ambulantes, exigen desde Nuestro Centro - Canal 7 SLP - 2025\",\"isPartOf\":{\"@id\":\"https:\\\/\\\/canal7slp.tv\\\/2025\\\/#website\"},\"primaryImageOfPage\":{\"@id\":\"https:\\\/\\\/canal7slp.tv\\\/2025\\\/basta-de-ambulantes-exigen-desde-nuestro-centro\\\/#primaryimage\"},\"image\":{\"@id\":\"https:\\\/\\\/canal7slp.tv\\\/2025\\\/basta-de-ambulantes-exigen-desde-nuestro-centro\\\/#primaryimage\"},\"thumbnailUrl\":\"https:\\\/\\\/canal7slp.tv\\\/2025\\\/wp-content\\\/uploads\\\/2025\\\/12\\\/Poky02NuestroCentro.jpg\",\"datePublished\":\"2025-12-16T01:13:48+00:00\",\"breadcrumb\":{\"@id\":\"https:\\\/\\\/canal7slp.tv\\\/2025\\\/basta-de-ambulantes-exigen-desde-nuestro-centro\\\/#breadcrumb\"},\"inLanguage\":\"es\",\"potentialAction\":[{\"@type\":\"ReadAction\",\"target\":[\"https:\\\/\\\/canal7slp.tv\\\/2025\\\/basta-de-ambulantes-exigen-desde-nuestro-centro\\\/\"]}]},{\"@type\":\"ImageObject\",\"inLanguage\":\"es\",\"@id\":\"https:\\\/\\\/canal7slp.tv\\\/2025\\\/basta-de-ambulantes-exigen-desde-nuestro-centro\\\/#primaryimage\",\"url\":\"https:\\\/\\\/canal7slp.tv\\\/2025\\\/wp-content\\\/uploads\\\/2025\\\/12\\\/Poky02NuestroCentro.jpg\",\"contentUrl\":\"https:\\\/\\\/canal7slp.tv\\\/2025\\\/wp-content\\\/uploads\\\/2025\\\/12\\\/Poky02NuestroCentro.jpg\",\"width\":1280,\"height\":720},{\"@type\":\"BreadcrumbList\",\"@id\":\"https:\\\/\\\/canal7slp.tv\\\/2025\\\/basta-de-ambulantes-exigen-desde-nuestro-centro\\\/#breadcrumb\",\"itemListElement\":[{\"@type\":\"ListItem\",\"position\":1,\"name\":\"Portada\",\"item\":\"https:\\\/\\\/canal7slp.tv\\\/2025\\\/\"},{\"@type\":\"ListItem\",\"position\":2,\"name\":\"Basta de ambulantes, exigen desde Nuestro Centro\"}]},{\"@type\":\"WebSite\",\"@id\":\"https:\\\/\\\/canal7slp.tv\\\/2025\\\/#website\",\"url\":\"https:\\\/\\\/canal7slp.tv\\\/2025\\\/\",\"name\":\"N7 - Noticieros Canal 7\",\"description\":\"Somos el Medio\",\"publisher\":{\"@id\":\"https:\\\/\\\/canal7slp.tv\\\/2025\\\/#organization\"},\"potentialAction\":[{\"@type\":\"SearchAction\",\"target\":{\"@type\":\"EntryPoint\",\"urlTemplate\":\"https:\\\/\\\/canal7slp.tv\\\/2025\\\/?s={search_term_string}\"},\"query-input\":{\"@type\":\"PropertyValueSpecification\",\"valueRequired\":true,\"valueName\":\"search_term_string\"}}],\"inLanguage\":\"es\"},{\"@type\":\"Organization\",\"@id\":\"https:\\\/\\\/canal7slp.tv\\\/2025\\\/#organization\",\"name\":\"Noticieros Canal 7\",\"url\":\"https:\\\/\\\/canal7slp.tv\\\/2025\\\/\",\"logo\":{\"@type\":\"ImageObject\",\"inLanguage\":\"es\",\"@id\":\"https:\\\/\\\/canal7slp.tv\\\/2025\\\/#\\\/schema\\\/logo\\\/image\\\/\",\"url\":\"https:\\\/\\\/canal7slp.tv\\\/2025\\\/wp-content\\\/uploads\\\/2021\\\/01\\\/logo-noticieros@2x.png\",\"contentUrl\":\"https:\\\/\\\/canal7slp.tv\\\/2025\\\/wp-content\\\/uploads\\\/2021\\\/01\\\/logo-noticieros@2x.png\",\"width\":1017,\"height\":268,\"caption\":\"Noticieros Canal 7\"},\"image\":{\"@id\":\"https:\\\/\\\/canal7slp.tv\\\/2025\\\/#\\\/schema\\\/logo\\\/image\\\/\"},\"sameAs\":[\"https:\\\/\\\/www.facebook.com\\\/noticieroscanal7atencionciudadana\\\/\",\"https:\\\/\\\/x.com\\\/NOTICIEROS7\",\"https:\\\/\\\/www.instagram.com\\\/canal7_slp\",\"https:\\\/\\\/www.youtube.com\\\/channel\\\/UCliiYs-gP3JfJeqdPrNdd5A\"]},{\"@type\":\"Person\",\"@id\":\"https:\\\/\\\/canal7slp.tv\\\/2025\\\/#\\\/schema\\\/person\\\/271e2b60a96e7cc9d9ac296f4d7e414b\",\"name\":\"Edici\u00f3n Web\",\"image\":{\"@type\":\"ImageObject\",\"inLanguage\":\"es\",\"@id\":\"https:\\\/\\\/secure.gravatar.com\\\/avatar\\\/eee448fc3f7164808013b816ba91ac7e43bbe82a70bebac296f8bc6f0addaa1a?s=96&d=mm&r=g\",\"url\":\"https:\\\/\\\/secure.gravatar.com\\\/avatar\\\/eee448fc3f7164808013b816ba91ac7e43bbe82a70bebac296f8bc6f0addaa1a?s=96&d=mm&r=g\",\"contentUrl\":\"https:\\\/\\\/secure.gravatar.com\\\/avatar\\\/eee448fc3f7164808013b816ba91ac7e43bbe82a70bebac296f8bc6f0addaa1a?s=96&d=mm&r=g\",\"caption\":\"Edici\u00f3n Web\"},\"url\":\"https:\\\/\\\/canal7slp.tv\\\/2025\\\/author\\\/edicionweb\\\/\"}]}<\/script>\n<!-- \/ Yoast SEO plugin. -->","yoast_head_json":{"title":"Basta de ambulantes, exigen desde Nuestro Centro - Canal 7 SLP - 2025","robots":{"index":"index","follow":"follow","max-snippet":"max-snippet:-1","max-image-preview":"max-image-preview:large","max-video-preview":"max-video-preview:-1"},"canonical":"https:\/\/canal7slp.tv\/2025\/basta-de-ambulantes-exigen-desde-nuestro-centro\/","og_locale":"es_ES","og_type":"article","og_title":"Basta de ambulantes, exigen desde Nuestro Centro - Canal 7 SLP - 2025","og_description":"SLP.- Desde la agrupaci\u00f3n de comerciantes establecidos Nuestro Centro en San Luis Potos\u00ed, su presidenta M\u00f3nica Heredia Sainz, reprocho la permisividad de las administraciones municipal y estatal pues debido a esto es que puestos ambulantes han invadido el primer cuadro de la ciudad y sus alrededores. \u201cUna vez m\u00e1s un llamado a las autoridades, tanto al gobierno municipal, como a gobierno del estado del respeto a la v\u00eda p\u00fablica, que dejen que la ciudadan\u00eda (\u2026) realmente disfrute esta \u00e9poca en familia sin sobresaltos, sin tener que bajarse a la banqueta por la cantidad de comercio informal que al d\u00eda de [&hellip;]","og_url":"https:\/\/canal7slp.tv\/2025\/basta-de-ambulantes-exigen-desde-nuestro-centro\/","og_site_name":"Canal 7 SLP - 2025","article_publisher":"https:\/\/www.facebook.com\/noticieroscanal7atencionciudadana\/","article_published_time":"2025-12-16T01:13:48+00:00","og_image":[{"width":1280,"height":720,"url":"https:\/\/canal7slp.tv\/2025\/wp-content\/uploads\/2025\/12\/Poky02NuestroCentro.jpg","type":"image\/jpeg"}],"author":"Edici\u00f3n Web","twitter_card":"summary_large_image","twitter_creator":"@NOTICIEROS7","twitter_site":"@NOTICIEROS7","twitter_misc":{"Escrito por":"Edici\u00f3n Web","Tiempo de lectura":"2 minutos"},"schema":{"@context":"https:\/\/schema.org","@graph":[{"@type":"Article","@id":"https:\/\/canal7slp.tv\/2025\/basta-de-ambulantes-exigen-desde-nuestro-centro\/#article","isPartOf":{"@id":"https:\/\/canal7slp.tv\/2025\/basta-de-ambulantes-exigen-desde-nuestro-centro\/"},"author":{"name":"Edici\u00f3n Web","@id":"https:\/\/canal7slp.tv\/2025\/#\/schema\/person\/271e2b60a96e7cc9d9ac296f4d7e414b"},"headline":"Basta de ambulantes, exigen desde Nuestro Centro","datePublished":"2025-12-16T01:13:48+00:00","mainEntityOfPage":{"@id":"https:\/\/canal7slp.tv\/2025\/basta-de-ambulantes-exigen-desde-nuestro-centro\/"},"wordCount":280,"publisher":{"@id":"https:\/\/canal7slp.tv\/2025\/#organization"},"image":{"@id":"https:\/\/canal7slp.tv\/2025\/basta-de-ambulantes-exigen-desde-nuestro-centro\/#primaryimage"},"thumbnailUrl":"https:\/\/canal7slp.tv\/2025\/wp-content\/uploads\/2025\/12\/Poky02NuestroCentro.jpg","articleSection":["DESTACADAS","LOCALES Y REGIONALES"],"inLanguage":"es"},{"@type":"WebPage","@id":"https:\/\/canal7slp.tv\/2025\/basta-de-ambulantes-exigen-desde-nuestro-centro\/","url":"https:\/\/canal7slp.tv\/2025\/basta-de-ambulantes-exigen-desde-nuestro-centro\/","name":"Basta de ambulantes, exigen desde Nuestro Centro - Canal 7 SLP - 2025","isPartOf":{"@id":"https:\/\/canal7slp.tv\/2025\/#website"},"primaryImageOfPage":{"@id":"https:\/\/canal7slp.tv\/2025\/basta-de-ambulantes-exigen-desde-nuestro-centro\/#primaryimage"},"image":{"@id":"https:\/\/canal7slp.tv\/2025\/basta-de-ambulantes-exigen-desde-nuestro-centro\/#primaryimage"},"thumbnailUrl":"https:\/\/canal7slp.tv\/2025\/wp-content\/uploads\/2025\/12\/Poky02NuestroCentro.jpg","datePublished":"2025-12-16T01:13:48+00:00","breadcrumb":{"@id":"https:\/\/canal7slp.tv\/2025\/basta-de-ambulantes-exigen-desde-nuestro-centro\/#breadcrumb"},"inLanguage":"es","potentialAction":[{"@type":"ReadAction","target":["https:\/\/canal7slp.tv\/2025\/basta-de-ambulantes-exigen-desde-nuestro-centro\/"]}]},{"@type":"ImageObject","inLanguage":"es","@id":"https:\/\/canal7slp.tv\/2025\/basta-de-ambulantes-exigen-desde-nuestro-centro\/#primaryimage","url":"https:\/\/canal7slp.tv\/2025\/wp-content\/uploads\/2025\/12\/Poky02NuestroCentro.jpg","contentUrl":"https:\/\/canal7slp.tv\/2025\/wp-content\/uploads\/2025\/12\/Poky02NuestroCentro.jpg","width":1280,"height":720},{"@type":"BreadcrumbList","@id":"https:\/\/canal7slp.tv\/2025\/basta-de-ambulantes-exigen-desde-nuestro-centro\/#breadcrumb","itemListElement":[{"@type":"ListItem","position":1,"name":"Portada","item":"https:\/\/canal7slp.tv\/2025\/"},{"@type":"ListItem","position":2,"name":"Basta de ambulantes, exigen desde Nuestro Centro"}]},{"@type":"WebSite","@id":"https:\/\/canal7slp.tv\/2025\/#website","url":"https:\/\/canal7slp.tv\/2025\/","name":"N7 - Noticieros Canal 7","description":"Somos el Medio","publisher":{"@id":"https:\/\/canal7slp.tv\/2025\/#organization"},"potentialAction":[{"@type":"SearchAction","target":{"@type":"EntryPoint","urlTemplate":"https:\/\/canal7slp.tv\/2025\/?s={search_term_string}"},"query-input":{"@type":"PropertyValueSpecification","valueRequired":true,"valueName":"search_term_string"}}],"inLanguage":"es"},{"@type":"Organization","@id":"https:\/\/canal7slp.tv\/2025\/#organization","name":"Noticieros Canal 7","url":"https:\/\/canal7slp.tv\/2025\/","logo":{"@type":"ImageObject","inLanguage":"es","@id":"https:\/\/canal7slp.tv\/2025\/#\/schema\/logo\/image\/","url":"https:\/\/canal7slp.tv\/2025\/wp-content\/uploads\/2021\/01\/logo-noticieros@2x.png","contentUrl":"https:\/\/canal7slp.tv\/2025\/wp-content\/uploads\/2021\/01\/logo-noticieros@2x.png","width":1017,"height":268,"caption":"Noticieros Canal 7"},"image":{"@id":"https:\/\/canal7slp.tv\/2025\/#\/schema\/logo\/image\/"},"sameAs":["https:\/\/www.facebook.com\/noticieroscanal7atencionciudadana\/","https:\/\/x.com\/NOTICIEROS7","https:\/\/www.instagram.com\/canal7_slp","https:\/\/www.youtube.com\/channel\/UCliiYs-gP3JfJeqdPrNdd5A"]},{"@type":"Person","@id":"https:\/\/canal7slp.tv\/2025\/#\/schema\/person\/271e2b60a96e7cc9d9ac296f4d7e414b","name":"Edici\u00f3n Web","image":{"@type":"ImageObject","inLanguage":"es","@id":"https:\/\/secure.gravatar.com\/avatar\/eee448fc3f7164808013b816ba91ac7e43bbe82a70bebac296f8bc6f0addaa1a?s=96&d=mm&r=g","url":"https:\/\/secure.gravatar.com\/avatar\/eee448fc3f7164808013b816ba91ac7e43bbe82a70bebac296f8bc6f0addaa1a?s=96&d=mm&r=g","contentUrl":"https:\/\/secure.gravatar.com\/avatar\/eee448fc3f7164808013b816ba91ac7e43bbe82a70bebac296f8bc6f0addaa1a?s=96&d=mm&r=g","caption":"Edici\u00f3n Web"},"url":"https:\/\/canal7slp.tv\/2025\/author\/edicionweb\/"}]}},"_links":{"self":[{"href":"https:\/\/canal7slp.tv\/2025\/wp-json\/wp\/v2\/posts\/187913","targetHints":{"allow":["GET"]}}],"collection":[{"href":"https:\/\/canal7slp.tv\/2025\/wp-json\/wp\/v2\/posts"}],"about":[{"href":"https:\/\/canal7slp.tv\/2025\/wp-json\/wp\/v2\/types\/post"}],"author":[{"embeddable":true,"href":"https:\/\/canal7slp.tv\/2025\/wp-json\/wp\/v2\/users\/2"}],"replies":[{"embeddable":true,"href":"https:\/\/canal7slp.tv\/2025\/wp-json\/wp\/v2\/comments?post=187913"}],"version-history":[{"count":2,"href":"https:\/\/canal7slp.tv\/2025\/wp-json\/wp\/v2\/posts\/187913\/revisions"}],"predecessor-version":[{"id":187917,"href":"https:\/\/canal7slp.tv\/2025\/wp-json\/wp\/v2\/posts\/187913\/revisions\/187917"}],"wp:featuredmedia":[{"embeddable":true,"href":"https:\/\/canal7slp.tv\/2025\/wp-json\/wp\/v2\/media\/187915"}],"wp:attachment":[{"href":"https:\/\/canal7slp.tv\/2025\/wp-json\/wp\/v2\/media?parent=187913"}],"wp:term":[{"taxonomy":"category","embeddable":true,"href":"https:\/\/canal7slp.tv\/2025\/wp-json\/wp\/v2\/categories?post=187913"},{"taxonomy":"post_tag","embeddable":true,"href":"https:\/\/canal7slp.tv\/2025\/wp-json\/wp\/v2\/tags?post=187913"}],"curies":[{"name":"wp","href":"https:\/\/api.w.org\/{rel}","templated":true}]}}