{"id":187861,"date":"2025-12-15T16:18:59","date_gmt":"2025-12-15T22:18:59","guid":{"rendered":"https:\/\/canal7slp.tv\/2025\/?p=187861"},"modified":"2025-12-15T16:18:59","modified_gmt":"2025-12-15T22:18:59","slug":"por-lo-menos-2-5-millones-de-personas-en-mexico-con-graves-problemas-de-vision","status":"publish","type":"post","link":"https:\/\/canal7slp.tv\/2025\/por-lo-menos-2-5-millones-de-personas-en-mexico-con-graves-problemas-de-vision\/","title":{"rendered":"Por lo menos 2.5 millones de personas en M\u00e9xico, con graves problemas de visi\u00f3n"},"content":{"rendered":"<p style=\"text-align: justify;\"><span style=\"font-size: 1.21429rem;\">SLP.- En el marco de la conmemoraci\u00f3n del D\u00eda Internacional del Oftalm\u00f3logo, se destaca la relevancia de las y los especialistas encargados del cuidado de la salud visual en San Luis Potos\u00ed, as\u00ed como la necesidad de promover la revisi\u00f3n peri\u00f3dica de los ojos como parte fundamental del bienestar y la calidad de vida de la poblaci\u00f3n.<\/span><\/p>\n<p style=\"text-align: justify;\">El servicio de Oftalmolog\u00eda del Hospital Regional de Alta Especialidad ha registrado, hasta la fecha, un total de 5 mil 481 atenciones en consulta externa y 302 hospitalizaciones, cifras que reflejan la alta demanda de atenci\u00f3n visual especializada y la necesidad de fortalecer la prevenci\u00f3n y detecci\u00f3n oportuna de padecimientos oftalmol\u00f3gicos en la entidad.<\/p>\n<p style=\"text-align: justify;\">En M\u00e9xico, se estima que al menos 2.5 millones de personas viven con problemas graves de visi\u00f3n, con una prevalencia que aumenta de manera significativa con la edad.<\/p>\n<p style=\"text-align: justify;\">Las afectaciones visuales son m\u00e1s frecuentes en comunidades rurales e ind\u00edgenas, as\u00ed como en personas con menor nivel educativo, quienes enfrentan mayores barreras para acceder a servicios especializados.<\/p>\n<p style=\"text-align: justify;\">Enfermedades cr\u00f3nicas como la diabetes y la hipertensi\u00f3n representan un factor de riesgo adicional, ya que las personas con diabetes tienen el doble de probabilidad de presentar da\u00f1o visual, y este riesgo se incrementa hasta tres veces cuando tambi\u00e9n existe presi\u00f3n arterial alta.<\/p>\n<p style=\"text-align: justify;\">Entre las afecciones visuales m\u00e1s comunes se encuentran la miop\u00eda, el astigmatismo, las cataratas, el glaucoma y las enfermedades de la retina, muchas de las cuales avanzan sin dolor ni s\u00edntomas evidentes.<\/p>\n<p style=\"text-align: justify;\">Por ello, la detecci\u00f3n temprana es clave para evitar la p\u00e9rdida de visi\u00f3n y complicaciones irreversibles. Se recomienda poner atenci\u00f3n a se\u00f1ales como visi\u00f3n borrosa, dificultad para ver de noche, destellos, p\u00e9rdida s\u00fabita de visi\u00f3n, dolor ocular o cambios en el campo visual.<\/p>\n<p style=\"text-align: justify;\">Las revisiones oftalmol\u00f3gicas anuales son especialmente importantes para personas mayores de 50 a\u00f1os, pacientes con diabetes o hipertensi\u00f3n y quienes viven en zonas con menor acceso a servicios m\u00e9dicos. La atenci\u00f3n oportuna permite iniciar tratamientos adecuados, ajustar lentes, prevenir complicaciones y conservar la independencia funcional.<\/p>\n<p style=\"text-align: justify;\">Tambi\u00e9n se resalta la importancia de la salud visual como un componente esencial del bienestar general y se reconoce la labor del personal de Oftalmolog\u00eda, cuyo trabajo diario contribuye a que miles de personas en San Luis Potos\u00ed puedan desarrollar sus actividades con mayor seguridad, autonom\u00eda y calidad de vida.<\/p>\n<p style=\"text-align: justify;\">Por: Jos\u00e9 Luis V\u00e1zquez<\/p>\n","protected":false},"excerpt":{"rendered":"<p>SLP.- En el marco de la conmemoraci\u00f3n del D\u00eda Internacional del Oftalm\u00f3logo, se destaca la relevancia de las y los especialistas encargados del cuidado de la salud visual en San Luis Potos\u00ed, as\u00ed como la necesidad de promover la revisi\u00f3n peri\u00f3dica de los ojos como parte fundamental del bienestar y la calidad de vida de la poblaci\u00f3n. El servicio de Oftalmolog\u00eda del Hospital Regional de Alta Especialidad ha registrado, hasta la fecha, un total de 5 mil 481 atenciones en consulta externa y 302 hospitalizaciones, cifras que reflejan la alta demanda de atenci\u00f3n visual especializada y la necesidad de fortalecer [&hellip;]<\/p>\n","protected":false},"author":2,"featured_media":187863,"comment_status":"closed","ping_status":"closed","sticky":false,"template":"","format":"video","meta":{"_monsterinsights_skip_tracking":false,"_monsterinsights_sitenote_active":false,"_monsterinsights_sitenote_note":"","_monsterinsights_sitenote_category":0,"footnotes":""},"categories":[5,45],"tags":[],"class_list":["post-187861","post","type-post","status-publish","format-video","has-post-thumbnail","hentry","category-destacadas","category-localesyregionales","post_format-post-format-video","post--single"],"yoast_head":"<!-- This site is optimized with the Yoast SEO plugin v27.5 - https:\/\/yoast.com\/product\/yoast-seo-wordpress\/ -->\n<title>Por lo menos 2.5 millones de personas en M\u00e9xico, con graves problemas de visi\u00f3n - Canal 7 SLP - 2025<\/title>\n<meta name=\"robots\" content=\"index, follow, max-snippet:-1, max-image-preview:large, max-video-preview:-1\" \/>\n<link rel=\"canonical\" href=\"https:\/\/canal7slp.tv\/2025\/por-lo-menos-2-5-millones-de-personas-en-mexico-con-graves-problemas-de-vision\/\" \/>\n<meta property=\"og:locale\" content=\"es_ES\" \/>\n<meta property=\"og:type\" content=\"article\" \/>\n<meta property=\"og:title\" content=\"Por lo menos 2.5 millones de personas en M\u00e9xico, con graves problemas de visi\u00f3n - Canal 7 SLP - 2025\" \/>\n<meta property=\"og:description\" content=\"SLP.- En el marco de la conmemoraci\u00f3n del D\u00eda Internacional del Oftalm\u00f3logo, se destaca la relevancia de las y los especialistas encargados del cuidado de la salud visual en San Luis Potos\u00ed, as\u00ed como la necesidad de promover la revisi\u00f3n peri\u00f3dica de los ojos como parte fundamental del bienestar y la calidad de vida de la poblaci\u00f3n. El servicio de Oftalmolog\u00eda del Hospital Regional de Alta Especialidad ha registrado, hasta la fecha, un total de 5 mil 481 atenciones en consulta externa y 302 hospitalizaciones, cifras que reflejan la alta demanda de atenci\u00f3n visual especializada y la necesidad de fortalecer [&hellip;]\" \/>\n<meta property=\"og:url\" content=\"https:\/\/canal7slp.tv\/2025\/por-lo-menos-2-5-millones-de-personas-en-mexico-con-graves-problemas-de-vision\/\" \/>\n<meta property=\"og:site_name\" content=\"Canal 7 SLP - 2025\" \/>\n<meta property=\"article:publisher\" content=\"https:\/\/www.facebook.com\/noticieroscanal7atencionciudadana\/\" \/>\n<meta property=\"article:published_time\" content=\"2025-12-15T22:18:59+00:00\" \/>\n<meta property=\"og:image\" content=\"https:\/\/canal7slp.tv\/2025\/wp-content\/uploads\/2025\/12\/Vazquez01SaludVista.jpg\" \/>\n\t<meta property=\"og:image:width\" content=\"1280\" \/>\n\t<meta property=\"og:image:height\" content=\"720\" \/>\n\t<meta property=\"og:image:type\" content=\"image\/jpeg\" \/>\n<meta name=\"author\" content=\"Edici\u00f3n Web\" \/>\n<meta name=\"twitter:card\" content=\"summary_large_image\" \/>\n<meta name=\"twitter:creator\" content=\"@NOTICIEROS7\" \/>\n<meta name=\"twitter:site\" content=\"@NOTICIEROS7\" \/>\n<meta name=\"twitter:label1\" content=\"Escrito por\" \/>\n\t<meta name=\"twitter:data1\" content=\"Edici\u00f3n Web\" \/>\n\t<meta name=\"twitter:label2\" content=\"Tiempo de lectura\" \/>\n\t<meta name=\"twitter:data2\" content=\"2 minutos\" \/>\n<script type=\"application\/ld+json\" class=\"yoast-schema-graph\">{\"@context\":\"https:\\\/\\\/schema.org\",\"@graph\":[{\"@type\":\"Article\",\"@id\":\"https:\\\/\\\/canal7slp.tv\\\/2025\\\/por-lo-menos-2-5-millones-de-personas-en-mexico-con-graves-problemas-de-vision\\\/#article\",\"isPartOf\":{\"@id\":\"https:\\\/\\\/canal7slp.tv\\\/2025\\\/por-lo-menos-2-5-millones-de-personas-en-mexico-con-graves-problemas-de-vision\\\/\"},\"author\":{\"name\":\"Edici\u00f3n Web\",\"@id\":\"https:\\\/\\\/canal7slp.tv\\\/2025\\\/#\\\/schema\\\/person\\\/271e2b60a96e7cc9d9ac296f4d7e414b\"},\"headline\":\"Por lo menos 2.5 millones de personas en M\u00e9xico, con graves problemas de visi\u00f3n\",\"datePublished\":\"2025-12-15T22:18:59+00:00\",\"mainEntityOfPage\":{\"@id\":\"https:\\\/\\\/canal7slp.tv\\\/2025\\\/por-lo-menos-2-5-millones-de-personas-en-mexico-con-graves-problemas-de-vision\\\/\"},\"wordCount\":436,\"publisher\":{\"@id\":\"https:\\\/\\\/canal7slp.tv\\\/2025\\\/#organization\"},\"image\":{\"@id\":\"https:\\\/\\\/canal7slp.tv\\\/2025\\\/por-lo-menos-2-5-millones-de-personas-en-mexico-con-graves-problemas-de-vision\\\/#primaryimage\"},\"thumbnailUrl\":\"https:\\\/\\\/canal7slp.tv\\\/2025\\\/wp-content\\\/uploads\\\/2025\\\/12\\\/Vazquez01SaludVista.jpg\",\"articleSection\":[\"DESTACADAS\",\"LOCALES Y REGIONALES\"],\"inLanguage\":\"es\"},{\"@type\":\"WebPage\",\"@id\":\"https:\\\/\\\/canal7slp.tv\\\/2025\\\/por-lo-menos-2-5-millones-de-personas-en-mexico-con-graves-problemas-de-vision\\\/\",\"url\":\"https:\\\/\\\/canal7slp.tv\\\/2025\\\/por-lo-menos-2-5-millones-de-personas-en-mexico-con-graves-problemas-de-vision\\\/\",\"name\":\"Por lo menos 2.5 millones de personas en M\u00e9xico, con graves problemas de visi\u00f3n - Canal 7 SLP - 2025\",\"isPartOf\":{\"@id\":\"https:\\\/\\\/canal7slp.tv\\\/2025\\\/#website\"},\"primaryImageOfPage\":{\"@id\":\"https:\\\/\\\/canal7slp.tv\\\/2025\\\/por-lo-menos-2-5-millones-de-personas-en-mexico-con-graves-problemas-de-vision\\\/#primaryimage\"},\"image\":{\"@id\":\"https:\\\/\\\/canal7slp.tv\\\/2025\\\/por-lo-menos-2-5-millones-de-personas-en-mexico-con-graves-problemas-de-vision\\\/#primaryimage\"},\"thumbnailUrl\":\"https:\\\/\\\/canal7slp.tv\\\/2025\\\/wp-content\\\/uploads\\\/2025\\\/12\\\/Vazquez01SaludVista.jpg\",\"datePublished\":\"2025-12-15T22:18:59+00:00\",\"breadcrumb\":{\"@id\":\"https:\\\/\\\/canal7slp.tv\\\/2025\\\/por-lo-menos-2-5-millones-de-personas-en-mexico-con-graves-problemas-de-vision\\\/#breadcrumb\"},\"inLanguage\":\"es\",\"potentialAction\":[{\"@type\":\"ReadAction\",\"target\":[\"https:\\\/\\\/canal7slp.tv\\\/2025\\\/por-lo-menos-2-5-millones-de-personas-en-mexico-con-graves-problemas-de-vision\\\/\"]}]},{\"@type\":\"ImageObject\",\"inLanguage\":\"es\",\"@id\":\"https:\\\/\\\/canal7slp.tv\\\/2025\\\/por-lo-menos-2-5-millones-de-personas-en-mexico-con-graves-problemas-de-vision\\\/#primaryimage\",\"url\":\"https:\\\/\\\/canal7slp.tv\\\/2025\\\/wp-content\\\/uploads\\\/2025\\\/12\\\/Vazquez01SaludVista.jpg\",\"contentUrl\":\"https:\\\/\\\/canal7slp.tv\\\/2025\\\/wp-content\\\/uploads\\\/2025\\\/12\\\/Vazquez01SaludVista.jpg\",\"width\":1280,\"height\":720},{\"@type\":\"BreadcrumbList\",\"@id\":\"https:\\\/\\\/canal7slp.tv\\\/2025\\\/por-lo-menos-2-5-millones-de-personas-en-mexico-con-graves-problemas-de-vision\\\/#breadcrumb\",\"itemListElement\":[{\"@type\":\"ListItem\",\"position\":1,\"name\":\"Portada\",\"item\":\"https:\\\/\\\/canal7slp.tv\\\/2025\\\/\"},{\"@type\":\"ListItem\",\"position\":2,\"name\":\"Por lo menos 2.5 millones de personas en M\u00e9xico, con graves problemas de visi\u00f3n\"}]},{\"@type\":\"WebSite\",\"@id\":\"https:\\\/\\\/canal7slp.tv\\\/2025\\\/#website\",\"url\":\"https:\\\/\\\/canal7slp.tv\\\/2025\\\/\",\"name\":\"N7 - Noticieros Canal 7\",\"description\":\"Somos el Medio\",\"publisher\":{\"@id\":\"https:\\\/\\\/canal7slp.tv\\\/2025\\\/#organization\"},\"potentialAction\":[{\"@type\":\"SearchAction\",\"target\":{\"@type\":\"EntryPoint\",\"urlTemplate\":\"https:\\\/\\\/canal7slp.tv\\\/2025\\\/?s={search_term_string}\"},\"query-input\":{\"@type\":\"PropertyValueSpecification\",\"valueRequired\":true,\"valueName\":\"search_term_string\"}}],\"inLanguage\":\"es\"},{\"@type\":\"Organization\",\"@id\":\"https:\\\/\\\/canal7slp.tv\\\/2025\\\/#organization\",\"name\":\"Noticieros Canal 7\",\"url\":\"https:\\\/\\\/canal7slp.tv\\\/2025\\\/\",\"logo\":{\"@type\":\"ImageObject\",\"inLanguage\":\"es\",\"@id\":\"https:\\\/\\\/canal7slp.tv\\\/2025\\\/#\\\/schema\\\/logo\\\/image\\\/\",\"url\":\"https:\\\/\\\/canal7slp.tv\\\/2025\\\/wp-content\\\/uploads\\\/2021\\\/01\\\/logo-noticieros@2x.png\",\"contentUrl\":\"https:\\\/\\\/canal7slp.tv\\\/2025\\\/wp-content\\\/uploads\\\/2021\\\/01\\\/logo-noticieros@2x.png\",\"width\":1017,\"height\":268,\"caption\":\"Noticieros Canal 7\"},\"image\":{\"@id\":\"https:\\\/\\\/canal7slp.tv\\\/2025\\\/#\\\/schema\\\/logo\\\/image\\\/\"},\"sameAs\":[\"https:\\\/\\\/www.facebook.com\\\/noticieroscanal7atencionciudadana\\\/\",\"https:\\\/\\\/x.com\\\/NOTICIEROS7\",\"https:\\\/\\\/www.instagram.com\\\/canal7_slp\",\"https:\\\/\\\/www.youtube.com\\\/channel\\\/UCliiYs-gP3JfJeqdPrNdd5A\"]},{\"@type\":\"Person\",\"@id\":\"https:\\\/\\\/canal7slp.tv\\\/2025\\\/#\\\/schema\\\/person\\\/271e2b60a96e7cc9d9ac296f4d7e414b\",\"name\":\"Edici\u00f3n Web\",\"image\":{\"@type\":\"ImageObject\",\"inLanguage\":\"es\",\"@id\":\"https:\\\/\\\/secure.gravatar.com\\\/avatar\\\/eee448fc3f7164808013b816ba91ac7e43bbe82a70bebac296f8bc6f0addaa1a?s=96&d=mm&r=g\",\"url\":\"https:\\\/\\\/secure.gravatar.com\\\/avatar\\\/eee448fc3f7164808013b816ba91ac7e43bbe82a70bebac296f8bc6f0addaa1a?s=96&d=mm&r=g\",\"contentUrl\":\"https:\\\/\\\/secure.gravatar.com\\\/avatar\\\/eee448fc3f7164808013b816ba91ac7e43bbe82a70bebac296f8bc6f0addaa1a?s=96&d=mm&r=g\",\"caption\":\"Edici\u00f3n Web\"},\"url\":\"https:\\\/\\\/canal7slp.tv\\\/2025\\\/author\\\/edicionweb\\\/\"}]}<\/script>\n<!-- \/ Yoast SEO plugin. -->","yoast_head_json":{"title":"Por lo menos 2.5 millones de personas en M\u00e9xico, con graves problemas de visi\u00f3n - Canal 7 SLP - 2025","robots":{"index":"index","follow":"follow","max-snippet":"max-snippet:-1","max-image-preview":"max-image-preview:large","max-video-preview":"max-video-preview:-1"},"canonical":"https:\/\/canal7slp.tv\/2025\/por-lo-menos-2-5-millones-de-personas-en-mexico-con-graves-problemas-de-vision\/","og_locale":"es_ES","og_type":"article","og_title":"Por lo menos 2.5 millones de personas en M\u00e9xico, con graves problemas de visi\u00f3n - Canal 7 SLP - 2025","og_description":"SLP.- En el marco de la conmemoraci\u00f3n del D\u00eda Internacional del Oftalm\u00f3logo, se destaca la relevancia de las y los especialistas encargados del cuidado de la salud visual en San Luis Potos\u00ed, as\u00ed como la necesidad de promover la revisi\u00f3n peri\u00f3dica de los ojos como parte fundamental del bienestar y la calidad de vida de la poblaci\u00f3n. El servicio de Oftalmolog\u00eda del Hospital Regional de Alta Especialidad ha registrado, hasta la fecha, un total de 5 mil 481 atenciones en consulta externa y 302 hospitalizaciones, cifras que reflejan la alta demanda de atenci\u00f3n visual especializada y la necesidad de fortalecer [&hellip;]","og_url":"https:\/\/canal7slp.tv\/2025\/por-lo-menos-2-5-millones-de-personas-en-mexico-con-graves-problemas-de-vision\/","og_site_name":"Canal 7 SLP - 2025","article_publisher":"https:\/\/www.facebook.com\/noticieroscanal7atencionciudadana\/","article_published_time":"2025-12-15T22:18:59+00:00","og_image":[{"width":1280,"height":720,"url":"https:\/\/canal7slp.tv\/2025\/wp-content\/uploads\/2025\/12\/Vazquez01SaludVista.jpg","type":"image\/jpeg"}],"author":"Edici\u00f3n Web","twitter_card":"summary_large_image","twitter_creator":"@NOTICIEROS7","twitter_site":"@NOTICIEROS7","twitter_misc":{"Escrito por":"Edici\u00f3n Web","Tiempo de lectura":"2 minutos"},"schema":{"@context":"https:\/\/schema.org","@graph":[{"@type":"Article","@id":"https:\/\/canal7slp.tv\/2025\/por-lo-menos-2-5-millones-de-personas-en-mexico-con-graves-problemas-de-vision\/#article","isPartOf":{"@id":"https:\/\/canal7slp.tv\/2025\/por-lo-menos-2-5-millones-de-personas-en-mexico-con-graves-problemas-de-vision\/"},"author":{"name":"Edici\u00f3n Web","@id":"https:\/\/canal7slp.tv\/2025\/#\/schema\/person\/271e2b60a96e7cc9d9ac296f4d7e414b"},"headline":"Por lo menos 2.5 millones de personas en M\u00e9xico, con graves problemas de visi\u00f3n","datePublished":"2025-12-15T22:18:59+00:00","mainEntityOfPage":{"@id":"https:\/\/canal7slp.tv\/2025\/por-lo-menos-2-5-millones-de-personas-en-mexico-con-graves-problemas-de-vision\/"},"wordCount":436,"publisher":{"@id":"https:\/\/canal7slp.tv\/2025\/#organization"},"image":{"@id":"https:\/\/canal7slp.tv\/2025\/por-lo-menos-2-5-millones-de-personas-en-mexico-con-graves-problemas-de-vision\/#primaryimage"},"thumbnailUrl":"https:\/\/canal7slp.tv\/2025\/wp-content\/uploads\/2025\/12\/Vazquez01SaludVista.jpg","articleSection":["DESTACADAS","LOCALES Y REGIONALES"],"inLanguage":"es"},{"@type":"WebPage","@id":"https:\/\/canal7slp.tv\/2025\/por-lo-menos-2-5-millones-de-personas-en-mexico-con-graves-problemas-de-vision\/","url":"https:\/\/canal7slp.tv\/2025\/por-lo-menos-2-5-millones-de-personas-en-mexico-con-graves-problemas-de-vision\/","name":"Por lo menos 2.5 millones de personas en M\u00e9xico, con graves problemas de visi\u00f3n - Canal 7 SLP - 2025","isPartOf":{"@id":"https:\/\/canal7slp.tv\/2025\/#website"},"primaryImageOfPage":{"@id":"https:\/\/canal7slp.tv\/2025\/por-lo-menos-2-5-millones-de-personas-en-mexico-con-graves-problemas-de-vision\/#primaryimage"},"image":{"@id":"https:\/\/canal7slp.tv\/2025\/por-lo-menos-2-5-millones-de-personas-en-mexico-con-graves-problemas-de-vision\/#primaryimage"},"thumbnailUrl":"https:\/\/canal7slp.tv\/2025\/wp-content\/uploads\/2025\/12\/Vazquez01SaludVista.jpg","datePublished":"2025-12-15T22:18:59+00:00","breadcrumb":{"@id":"https:\/\/canal7slp.tv\/2025\/por-lo-menos-2-5-millones-de-personas-en-mexico-con-graves-problemas-de-vision\/#breadcrumb"},"inLanguage":"es","potentialAction":[{"@type":"ReadAction","target":["https:\/\/canal7slp.tv\/2025\/por-lo-menos-2-5-millones-de-personas-en-mexico-con-graves-problemas-de-vision\/"]}]},{"@type":"ImageObject","inLanguage":"es","@id":"https:\/\/canal7slp.tv\/2025\/por-lo-menos-2-5-millones-de-personas-en-mexico-con-graves-problemas-de-vision\/#primaryimage","url":"https:\/\/canal7slp.tv\/2025\/wp-content\/uploads\/2025\/12\/Vazquez01SaludVista.jpg","contentUrl":"https:\/\/canal7slp.tv\/2025\/wp-content\/uploads\/2025\/12\/Vazquez01SaludVista.jpg","width":1280,"height":720},{"@type":"BreadcrumbList","@id":"https:\/\/canal7slp.tv\/2025\/por-lo-menos-2-5-millones-de-personas-en-mexico-con-graves-problemas-de-vision\/#breadcrumb","itemListElement":[{"@type":"ListItem","position":1,"name":"Portada","item":"https:\/\/canal7slp.tv\/2025\/"},{"@type":"ListItem","position":2,"name":"Por lo menos 2.5 millones de personas en M\u00e9xico, con graves problemas de visi\u00f3n"}]},{"@type":"WebSite","@id":"https:\/\/canal7slp.tv\/2025\/#website","url":"https:\/\/canal7slp.tv\/2025\/","name":"N7 - Noticieros Canal 7","description":"Somos el Medio","publisher":{"@id":"https:\/\/canal7slp.tv\/2025\/#organization"},"potentialAction":[{"@type":"SearchAction","target":{"@type":"EntryPoint","urlTemplate":"https:\/\/canal7slp.tv\/2025\/?s={search_term_string}"},"query-input":{"@type":"PropertyValueSpecification","valueRequired":true,"valueName":"search_term_string"}}],"inLanguage":"es"},{"@type":"Organization","@id":"https:\/\/canal7slp.tv\/2025\/#organization","name":"Noticieros Canal 7","url":"https:\/\/canal7slp.tv\/2025\/","logo":{"@type":"ImageObject","inLanguage":"es","@id":"https:\/\/canal7slp.tv\/2025\/#\/schema\/logo\/image\/","url":"https:\/\/canal7slp.tv\/2025\/wp-content\/uploads\/2021\/01\/logo-noticieros@2x.png","contentUrl":"https:\/\/canal7slp.tv\/2025\/wp-content\/uploads\/2021\/01\/logo-noticieros@2x.png","width":1017,"height":268,"caption":"Noticieros Canal 7"},"image":{"@id":"https:\/\/canal7slp.tv\/2025\/#\/schema\/logo\/image\/"},"sameAs":["https:\/\/www.facebook.com\/noticieroscanal7atencionciudadana\/","https:\/\/x.com\/NOTICIEROS7","https:\/\/www.instagram.com\/canal7_slp","https:\/\/www.youtube.com\/channel\/UCliiYs-gP3JfJeqdPrNdd5A"]},{"@type":"Person","@id":"https:\/\/canal7slp.tv\/2025\/#\/schema\/person\/271e2b60a96e7cc9d9ac296f4d7e414b","name":"Edici\u00f3n Web","image":{"@type":"ImageObject","inLanguage":"es","@id":"https:\/\/secure.gravatar.com\/avatar\/eee448fc3f7164808013b816ba91ac7e43bbe82a70bebac296f8bc6f0addaa1a?s=96&d=mm&r=g","url":"https:\/\/secure.gravatar.com\/avatar\/eee448fc3f7164808013b816ba91ac7e43bbe82a70bebac296f8bc6f0addaa1a?s=96&d=mm&r=g","contentUrl":"https:\/\/secure.gravatar.com\/avatar\/eee448fc3f7164808013b816ba91ac7e43bbe82a70bebac296f8bc6f0addaa1a?s=96&d=mm&r=g","caption":"Edici\u00f3n Web"},"url":"https:\/\/canal7slp.tv\/2025\/author\/edicionweb\/"}]}},"_links":{"self":[{"href":"https:\/\/canal7slp.tv\/2025\/wp-json\/wp\/v2\/posts\/187861","targetHints":{"allow":["GET"]}}],"collection":[{"href":"https:\/\/canal7slp.tv\/2025\/wp-json\/wp\/v2\/posts"}],"about":[{"href":"https:\/\/canal7slp.tv\/2025\/wp-json\/wp\/v2\/types\/post"}],"author":[{"embeddable":true,"href":"https:\/\/canal7slp.tv\/2025\/wp-json\/wp\/v2\/users\/2"}],"replies":[{"embeddable":true,"href":"https:\/\/canal7slp.tv\/2025\/wp-json\/wp\/v2\/comments?post=187861"}],"version-history":[{"count":1,"href":"https:\/\/canal7slp.tv\/2025\/wp-json\/wp\/v2\/posts\/187861\/revisions"}],"predecessor-version":[{"id":187864,"href":"https:\/\/canal7slp.tv\/2025\/wp-json\/wp\/v2\/posts\/187861\/revisions\/187864"}],"wp:featuredmedia":[{"embeddable":true,"href":"https:\/\/canal7slp.tv\/2025\/wp-json\/wp\/v2\/media\/187863"}],"wp:attachment":[{"href":"https:\/\/canal7slp.tv\/2025\/wp-json\/wp\/v2\/media?parent=187861"}],"wp:term":[{"taxonomy":"category","embeddable":true,"href":"https:\/\/canal7slp.tv\/2025\/wp-json\/wp\/v2\/categories?post=187861"},{"taxonomy":"post_tag","embeddable":true,"href":"https:\/\/canal7slp.tv\/2025\/wp-json\/wp\/v2\/tags?post=187861"}],"curies":[{"name":"wp","href":"https:\/\/api.w.org\/{rel}","templated":true}]}}