{"id":187813,"date":"2025-12-14T10:35:28","date_gmt":"2025-12-14T16:35:28","guid":{"rendered":"https:\/\/canal7slp.tv\/2025\/?p=187813"},"modified":"2025-12-14T10:35:28","modified_gmt":"2025-12-14T16:35:28","slug":"cesar-duarte-comparece-por-presunto-lavado-de-mas-de-73-mdp","status":"publish","type":"post","link":"https:\/\/canal7slp.tv\/2025\/cesar-duarte-comparece-por-presunto-lavado-de-mas-de-73-mdp\/","title":{"rendered":"C\u00e9sar Duarte comparece por presunto lavado de m\u00e1s de 73 mdp"},"content":{"rendered":"<p style=\"text-align: justify;\">M\u00e9xico.- C\u00e9sar Horacio Duarte J\u00e1quez, exgobernador de Chihuahua, se present\u00f3 nuevamente ante la jueza de control Mar\u00eda Jazm\u00edn Ambriz L\u00f3pez para determinar si ser\u00e1 vinculado a proceso por el delito de operaciones con recursos de procedencia il\u00edcita, que involucra un monto de 73 millones 925 mil 995.09 pesos, presuntamente cometido entre enero de 2012 y diciembre de 2016.<\/p>\n<p style=\"text-align: justify;\">La audiencia se llev\u00f3 a cabo en el Centro de Justicia Penal Federal en el Altiplano, Estado de M\u00e9xico, bajo estrictas medidas de seguridad. Duarte fue presentado tras la extensi\u00f3n del plazo constitucional para resolver su situaci\u00f3n jur\u00eddica.<\/p>\n<p style=\"text-align: justify;\">Durante la diligencia, la Fiscal\u00eda General de la Rep\u00fablica (FGR) present\u00f3 m\u00e1s de un centenar de pruebas, incluyendo declaraciones fiscales, entrevistas, documentos p\u00fablicos, dict\u00e1menes contables y registros de dep\u00f3sitos bancarios, con el objetivo de demostrar un presunto esquema de lavado de dinero.<\/p>\n<p style=\"text-align: justify;\">La investigaci\u00f3n de la FGR se origina en un supuesto desv\u00edo de 96 millones de pesos durante la gesti\u00f3n de Duarte. De esta cantidad, al menos 73 millones habr\u00edan sido dirigidos a empresas del sector ganadero donde el exmandatario supuestamente ten\u00eda participaci\u00f3n mayoritaria. Entre las empresas mencionadas se encuentran Uni\u00f3n Ganadera Regional Divisi\u00f3n del Norte, Financiera Divisi\u00f3n del Norte, y Ganadera El Saucito Balleza, S.P.R. de R.L. de C.V., esta \u00faltima representada legalmente por su esposa, Bertha Olga G\u00f3mez Fong.<\/p>\n<p style=\"text-align: justify;\">La Fiscal\u00eda tambi\u00e9n identific\u00f3 a G\u00f3mez Fong y a los hijos de Duarte, C\u00e9sar Adri\u00e1n, Bertha Isabel y Olga Sof\u00eda Duarte, como presuntos involucrados en la red financiera en investigaci\u00f3n.<\/p>\n","protected":false},"excerpt":{"rendered":"<p>M\u00e9xico.- C\u00e9sar Horacio Duarte J\u00e1quez, exgobernador de Chihuahua, se present\u00f3 nuevamente ante la jueza de control Mar\u00eda Jazm\u00edn Ambriz L\u00f3pez para determinar si ser\u00e1 vinculado a proceso por el delito de operaciones con recursos de procedencia il\u00edcita, que involucra un monto de 73 millones 925 mil 995.09 pesos, presuntamente cometido entre enero de 2012 y diciembre de 2016. La audiencia se llev\u00f3 a cabo en el Centro de Justicia Penal Federal en el Altiplano, Estado de M\u00e9xico, bajo estrictas medidas de seguridad. Duarte fue presentado tras la extensi\u00f3n del plazo constitucional para resolver su situaci\u00f3n jur\u00eddica. Durante la diligencia, la [&hellip;]<\/p>\n","protected":false},"author":2,"featured_media":187814,"comment_status":"closed","ping_status":"closed","sticky":false,"template":"","format":"standard","meta":{"_monsterinsights_skip_tracking":false,"_monsterinsights_sitenote_active":false,"_monsterinsights_sitenote_note":"","_monsterinsights_sitenote_category":0,"footnotes":""},"categories":[46],"tags":[],"class_list":["post-187813","post","type-post","status-publish","format-standard","has-post-thumbnail","hentry","category-nacional","post--single"],"yoast_head":"<!-- This site is optimized with the Yoast SEO plugin v27.5 - https:\/\/yoast.com\/product\/yoast-seo-wordpress\/ -->\n<title>C\u00e9sar Duarte comparece por presunto lavado de m\u00e1s de 73 mdp - Canal 7 SLP - 2025<\/title>\n<meta name=\"robots\" content=\"index, follow, max-snippet:-1, max-image-preview:large, max-video-preview:-1\" \/>\n<link rel=\"canonical\" href=\"https:\/\/canal7slp.tv\/2025\/cesar-duarte-comparece-por-presunto-lavado-de-mas-de-73-mdp\/\" \/>\n<meta property=\"og:locale\" content=\"es_ES\" \/>\n<meta property=\"og:type\" content=\"article\" \/>\n<meta property=\"og:title\" content=\"C\u00e9sar Duarte comparece por presunto lavado de m\u00e1s de 73 mdp - Canal 7 SLP - 2025\" \/>\n<meta property=\"og:description\" content=\"M\u00e9xico.- C\u00e9sar Horacio Duarte J\u00e1quez, exgobernador de Chihuahua, se present\u00f3 nuevamente ante la jueza de control Mar\u00eda Jazm\u00edn Ambriz L\u00f3pez para determinar si ser\u00e1 vinculado a proceso por el delito de operaciones con recursos de procedencia il\u00edcita, que involucra un monto de 73 millones 925 mil 995.09 pesos, presuntamente cometido entre enero de 2012 y diciembre de 2016. La audiencia se llev\u00f3 a cabo en el Centro de Justicia Penal Federal en el Altiplano, Estado de M\u00e9xico, bajo estrictas medidas de seguridad. Duarte fue presentado tras la extensi\u00f3n del plazo constitucional para resolver su situaci\u00f3n jur\u00eddica. Durante la diligencia, la [&hellip;]\" \/>\n<meta property=\"og:url\" content=\"https:\/\/canal7slp.tv\/2025\/cesar-duarte-comparece-por-presunto-lavado-de-mas-de-73-mdp\/\" \/>\n<meta property=\"og:site_name\" content=\"Canal 7 SLP - 2025\" \/>\n<meta property=\"article:publisher\" content=\"https:\/\/www.facebook.com\/noticieroscanal7atencionciudadana\/\" \/>\n<meta property=\"article:published_time\" content=\"2025-12-14T16:35:28+00:00\" \/>\n<meta property=\"og:image\" content=\"https:\/\/canal7slp.tv\/2025\/wp-content\/uploads\/2025\/12\/02-13.jpg\" \/>\n\t<meta property=\"og:image:width\" content=\"816\" \/>\n\t<meta property=\"og:image:height\" content=\"450\" \/>\n\t<meta property=\"og:image:type\" content=\"image\/jpeg\" \/>\n<meta name=\"author\" content=\"Edici\u00f3n Web\" \/>\n<meta name=\"twitter:card\" content=\"summary_large_image\" \/>\n<meta name=\"twitter:creator\" content=\"@NOTICIEROS7\" \/>\n<meta name=\"twitter:site\" content=\"@NOTICIEROS7\" \/>\n<meta name=\"twitter:label1\" content=\"Escrito por\" \/>\n\t<meta name=\"twitter:data1\" content=\"Edici\u00f3n Web\" \/>\n\t<meta name=\"twitter:label2\" content=\"Tiempo de lectura\" \/>\n\t<meta name=\"twitter:data2\" content=\"2 minutos\" \/>\n<script type=\"application\/ld+json\" class=\"yoast-schema-graph\">{\"@context\":\"https:\\\/\\\/schema.org\",\"@graph\":[{\"@type\":\"Article\",\"@id\":\"https:\\\/\\\/canal7slp.tv\\\/2025\\\/cesar-duarte-comparece-por-presunto-lavado-de-mas-de-73-mdp\\\/#article\",\"isPartOf\":{\"@id\":\"https:\\\/\\\/canal7slp.tv\\\/2025\\\/cesar-duarte-comparece-por-presunto-lavado-de-mas-de-73-mdp\\\/\"},\"author\":{\"name\":\"Edici\u00f3n Web\",\"@id\":\"https:\\\/\\\/canal7slp.tv\\\/2025\\\/#\\\/schema\\\/person\\\/271e2b60a96e7cc9d9ac296f4d7e414b\"},\"headline\":\"C\u00e9sar Duarte comparece por presunto lavado de m\u00e1s de 73 mdp\",\"datePublished\":\"2025-12-14T16:35:28+00:00\",\"mainEntityOfPage\":{\"@id\":\"https:\\\/\\\/canal7slp.tv\\\/2025\\\/cesar-duarte-comparece-por-presunto-lavado-de-mas-de-73-mdp\\\/\"},\"wordCount\":292,\"publisher\":{\"@id\":\"https:\\\/\\\/canal7slp.tv\\\/2025\\\/#organization\"},\"image\":{\"@id\":\"https:\\\/\\\/canal7slp.tv\\\/2025\\\/cesar-duarte-comparece-por-presunto-lavado-de-mas-de-73-mdp\\\/#primaryimage\"},\"thumbnailUrl\":\"https:\\\/\\\/canal7slp.tv\\\/2025\\\/wp-content\\\/uploads\\\/2025\\\/12\\\/02-13.jpg\",\"articleSection\":[\"NACIONALES\"],\"inLanguage\":\"es\"},{\"@type\":\"WebPage\",\"@id\":\"https:\\\/\\\/canal7slp.tv\\\/2025\\\/cesar-duarte-comparece-por-presunto-lavado-de-mas-de-73-mdp\\\/\",\"url\":\"https:\\\/\\\/canal7slp.tv\\\/2025\\\/cesar-duarte-comparece-por-presunto-lavado-de-mas-de-73-mdp\\\/\",\"name\":\"C\u00e9sar Duarte comparece por presunto lavado de m\u00e1s de 73 mdp - Canal 7 SLP - 2025\",\"isPartOf\":{\"@id\":\"https:\\\/\\\/canal7slp.tv\\\/2025\\\/#website\"},\"primaryImageOfPage\":{\"@id\":\"https:\\\/\\\/canal7slp.tv\\\/2025\\\/cesar-duarte-comparece-por-presunto-lavado-de-mas-de-73-mdp\\\/#primaryimage\"},\"image\":{\"@id\":\"https:\\\/\\\/canal7slp.tv\\\/2025\\\/cesar-duarte-comparece-por-presunto-lavado-de-mas-de-73-mdp\\\/#primaryimage\"},\"thumbnailUrl\":\"https:\\\/\\\/canal7slp.tv\\\/2025\\\/wp-content\\\/uploads\\\/2025\\\/12\\\/02-13.jpg\",\"datePublished\":\"2025-12-14T16:35:28+00:00\",\"breadcrumb\":{\"@id\":\"https:\\\/\\\/canal7slp.tv\\\/2025\\\/cesar-duarte-comparece-por-presunto-lavado-de-mas-de-73-mdp\\\/#breadcrumb\"},\"inLanguage\":\"es\",\"potentialAction\":[{\"@type\":\"ReadAction\",\"target\":[\"https:\\\/\\\/canal7slp.tv\\\/2025\\\/cesar-duarte-comparece-por-presunto-lavado-de-mas-de-73-mdp\\\/\"]}]},{\"@type\":\"ImageObject\",\"inLanguage\":\"es\",\"@id\":\"https:\\\/\\\/canal7slp.tv\\\/2025\\\/cesar-duarte-comparece-por-presunto-lavado-de-mas-de-73-mdp\\\/#primaryimage\",\"url\":\"https:\\\/\\\/canal7slp.tv\\\/2025\\\/wp-content\\\/uploads\\\/2025\\\/12\\\/02-13.jpg\",\"contentUrl\":\"https:\\\/\\\/canal7slp.tv\\\/2025\\\/wp-content\\\/uploads\\\/2025\\\/12\\\/02-13.jpg\",\"width\":816,\"height\":450},{\"@type\":\"BreadcrumbList\",\"@id\":\"https:\\\/\\\/canal7slp.tv\\\/2025\\\/cesar-duarte-comparece-por-presunto-lavado-de-mas-de-73-mdp\\\/#breadcrumb\",\"itemListElement\":[{\"@type\":\"ListItem\",\"position\":1,\"name\":\"Portada\",\"item\":\"https:\\\/\\\/canal7slp.tv\\\/2025\\\/\"},{\"@type\":\"ListItem\",\"position\":2,\"name\":\"C\u00e9sar Duarte comparece por presunto lavado de m\u00e1s de 73 mdp\"}]},{\"@type\":\"WebSite\",\"@id\":\"https:\\\/\\\/canal7slp.tv\\\/2025\\\/#website\",\"url\":\"https:\\\/\\\/canal7slp.tv\\\/2025\\\/\",\"name\":\"N7 - Noticieros Canal 7\",\"description\":\"Somos el Medio\",\"publisher\":{\"@id\":\"https:\\\/\\\/canal7slp.tv\\\/2025\\\/#organization\"},\"potentialAction\":[{\"@type\":\"SearchAction\",\"target\":{\"@type\":\"EntryPoint\",\"urlTemplate\":\"https:\\\/\\\/canal7slp.tv\\\/2025\\\/?s={search_term_string}\"},\"query-input\":{\"@type\":\"PropertyValueSpecification\",\"valueRequired\":true,\"valueName\":\"search_term_string\"}}],\"inLanguage\":\"es\"},{\"@type\":\"Organization\",\"@id\":\"https:\\\/\\\/canal7slp.tv\\\/2025\\\/#organization\",\"name\":\"Noticieros Canal 7\",\"url\":\"https:\\\/\\\/canal7slp.tv\\\/2025\\\/\",\"logo\":{\"@type\":\"ImageObject\",\"inLanguage\":\"es\",\"@id\":\"https:\\\/\\\/canal7slp.tv\\\/2025\\\/#\\\/schema\\\/logo\\\/image\\\/\",\"url\":\"https:\\\/\\\/canal7slp.tv\\\/2025\\\/wp-content\\\/uploads\\\/2021\\\/01\\\/logo-noticieros@2x.png\",\"contentUrl\":\"https:\\\/\\\/canal7slp.tv\\\/2025\\\/wp-content\\\/uploads\\\/2021\\\/01\\\/logo-noticieros@2x.png\",\"width\":1017,\"height\":268,\"caption\":\"Noticieros Canal 7\"},\"image\":{\"@id\":\"https:\\\/\\\/canal7slp.tv\\\/2025\\\/#\\\/schema\\\/logo\\\/image\\\/\"},\"sameAs\":[\"https:\\\/\\\/www.facebook.com\\\/noticieroscanal7atencionciudadana\\\/\",\"https:\\\/\\\/x.com\\\/NOTICIEROS7\",\"https:\\\/\\\/www.instagram.com\\\/canal7_slp\",\"https:\\\/\\\/www.youtube.com\\\/channel\\\/UCliiYs-gP3JfJeqdPrNdd5A\"]},{\"@type\":\"Person\",\"@id\":\"https:\\\/\\\/canal7slp.tv\\\/2025\\\/#\\\/schema\\\/person\\\/271e2b60a96e7cc9d9ac296f4d7e414b\",\"name\":\"Edici\u00f3n Web\",\"image\":{\"@type\":\"ImageObject\",\"inLanguage\":\"es\",\"@id\":\"https:\\\/\\\/secure.gravatar.com\\\/avatar\\\/eee448fc3f7164808013b816ba91ac7e43bbe82a70bebac296f8bc6f0addaa1a?s=96&d=mm&r=g\",\"url\":\"https:\\\/\\\/secure.gravatar.com\\\/avatar\\\/eee448fc3f7164808013b816ba91ac7e43bbe82a70bebac296f8bc6f0addaa1a?s=96&d=mm&r=g\",\"contentUrl\":\"https:\\\/\\\/secure.gravatar.com\\\/avatar\\\/eee448fc3f7164808013b816ba91ac7e43bbe82a70bebac296f8bc6f0addaa1a?s=96&d=mm&r=g\",\"caption\":\"Edici\u00f3n Web\"},\"url\":\"https:\\\/\\\/canal7slp.tv\\\/2025\\\/author\\\/edicionweb\\\/\"}]}<\/script>\n<!-- \/ Yoast SEO plugin. -->","yoast_head_json":{"title":"C\u00e9sar Duarte comparece por presunto lavado de m\u00e1s de 73 mdp - Canal 7 SLP - 2025","robots":{"index":"index","follow":"follow","max-snippet":"max-snippet:-1","max-image-preview":"max-image-preview:large","max-video-preview":"max-video-preview:-1"},"canonical":"https:\/\/canal7slp.tv\/2025\/cesar-duarte-comparece-por-presunto-lavado-de-mas-de-73-mdp\/","og_locale":"es_ES","og_type":"article","og_title":"C\u00e9sar Duarte comparece por presunto lavado de m\u00e1s de 73 mdp - Canal 7 SLP - 2025","og_description":"M\u00e9xico.- C\u00e9sar Horacio Duarte J\u00e1quez, exgobernador de Chihuahua, se present\u00f3 nuevamente ante la jueza de control Mar\u00eda Jazm\u00edn Ambriz L\u00f3pez para determinar si ser\u00e1 vinculado a proceso por el delito de operaciones con recursos de procedencia il\u00edcita, que involucra un monto de 73 millones 925 mil 995.09 pesos, presuntamente cometido entre enero de 2012 y diciembre de 2016. La audiencia se llev\u00f3 a cabo en el Centro de Justicia Penal Federal en el Altiplano, Estado de M\u00e9xico, bajo estrictas medidas de seguridad. Duarte fue presentado tras la extensi\u00f3n del plazo constitucional para resolver su situaci\u00f3n jur\u00eddica. Durante la diligencia, la [&hellip;]","og_url":"https:\/\/canal7slp.tv\/2025\/cesar-duarte-comparece-por-presunto-lavado-de-mas-de-73-mdp\/","og_site_name":"Canal 7 SLP - 2025","article_publisher":"https:\/\/www.facebook.com\/noticieroscanal7atencionciudadana\/","article_published_time":"2025-12-14T16:35:28+00:00","og_image":[{"width":816,"height":450,"url":"https:\/\/canal7slp.tv\/2025\/wp-content\/uploads\/2025\/12\/02-13.jpg","type":"image\/jpeg"}],"author":"Edici\u00f3n Web","twitter_card":"summary_large_image","twitter_creator":"@NOTICIEROS7","twitter_site":"@NOTICIEROS7","twitter_misc":{"Escrito por":"Edici\u00f3n Web","Tiempo de lectura":"2 minutos"},"schema":{"@context":"https:\/\/schema.org","@graph":[{"@type":"Article","@id":"https:\/\/canal7slp.tv\/2025\/cesar-duarte-comparece-por-presunto-lavado-de-mas-de-73-mdp\/#article","isPartOf":{"@id":"https:\/\/canal7slp.tv\/2025\/cesar-duarte-comparece-por-presunto-lavado-de-mas-de-73-mdp\/"},"author":{"name":"Edici\u00f3n Web","@id":"https:\/\/canal7slp.tv\/2025\/#\/schema\/person\/271e2b60a96e7cc9d9ac296f4d7e414b"},"headline":"C\u00e9sar Duarte comparece por presunto lavado de m\u00e1s de 73 mdp","datePublished":"2025-12-14T16:35:28+00:00","mainEntityOfPage":{"@id":"https:\/\/canal7slp.tv\/2025\/cesar-duarte-comparece-por-presunto-lavado-de-mas-de-73-mdp\/"},"wordCount":292,"publisher":{"@id":"https:\/\/canal7slp.tv\/2025\/#organization"},"image":{"@id":"https:\/\/canal7slp.tv\/2025\/cesar-duarte-comparece-por-presunto-lavado-de-mas-de-73-mdp\/#primaryimage"},"thumbnailUrl":"https:\/\/canal7slp.tv\/2025\/wp-content\/uploads\/2025\/12\/02-13.jpg","articleSection":["NACIONALES"],"inLanguage":"es"},{"@type":"WebPage","@id":"https:\/\/canal7slp.tv\/2025\/cesar-duarte-comparece-por-presunto-lavado-de-mas-de-73-mdp\/","url":"https:\/\/canal7slp.tv\/2025\/cesar-duarte-comparece-por-presunto-lavado-de-mas-de-73-mdp\/","name":"C\u00e9sar Duarte comparece por presunto lavado de m\u00e1s de 73 mdp - Canal 7 SLP - 2025","isPartOf":{"@id":"https:\/\/canal7slp.tv\/2025\/#website"},"primaryImageOfPage":{"@id":"https:\/\/canal7slp.tv\/2025\/cesar-duarte-comparece-por-presunto-lavado-de-mas-de-73-mdp\/#primaryimage"},"image":{"@id":"https:\/\/canal7slp.tv\/2025\/cesar-duarte-comparece-por-presunto-lavado-de-mas-de-73-mdp\/#primaryimage"},"thumbnailUrl":"https:\/\/canal7slp.tv\/2025\/wp-content\/uploads\/2025\/12\/02-13.jpg","datePublished":"2025-12-14T16:35:28+00:00","breadcrumb":{"@id":"https:\/\/canal7slp.tv\/2025\/cesar-duarte-comparece-por-presunto-lavado-de-mas-de-73-mdp\/#breadcrumb"},"inLanguage":"es","potentialAction":[{"@type":"ReadAction","target":["https:\/\/canal7slp.tv\/2025\/cesar-duarte-comparece-por-presunto-lavado-de-mas-de-73-mdp\/"]}]},{"@type":"ImageObject","inLanguage":"es","@id":"https:\/\/canal7slp.tv\/2025\/cesar-duarte-comparece-por-presunto-lavado-de-mas-de-73-mdp\/#primaryimage","url":"https:\/\/canal7slp.tv\/2025\/wp-content\/uploads\/2025\/12\/02-13.jpg","contentUrl":"https:\/\/canal7slp.tv\/2025\/wp-content\/uploads\/2025\/12\/02-13.jpg","width":816,"height":450},{"@type":"BreadcrumbList","@id":"https:\/\/canal7slp.tv\/2025\/cesar-duarte-comparece-por-presunto-lavado-de-mas-de-73-mdp\/#breadcrumb","itemListElement":[{"@type":"ListItem","position":1,"name":"Portada","item":"https:\/\/canal7slp.tv\/2025\/"},{"@type":"ListItem","position":2,"name":"C\u00e9sar Duarte comparece por presunto lavado de m\u00e1s de 73 mdp"}]},{"@type":"WebSite","@id":"https:\/\/canal7slp.tv\/2025\/#website","url":"https:\/\/canal7slp.tv\/2025\/","name":"N7 - Noticieros Canal 7","description":"Somos el Medio","publisher":{"@id":"https:\/\/canal7slp.tv\/2025\/#organization"},"potentialAction":[{"@type":"SearchAction","target":{"@type":"EntryPoint","urlTemplate":"https:\/\/canal7slp.tv\/2025\/?s={search_term_string}"},"query-input":{"@type":"PropertyValueSpecification","valueRequired":true,"valueName":"search_term_string"}}],"inLanguage":"es"},{"@type":"Organization","@id":"https:\/\/canal7slp.tv\/2025\/#organization","name":"Noticieros Canal 7","url":"https:\/\/canal7slp.tv\/2025\/","logo":{"@type":"ImageObject","inLanguage":"es","@id":"https:\/\/canal7slp.tv\/2025\/#\/schema\/logo\/image\/","url":"https:\/\/canal7slp.tv\/2025\/wp-content\/uploads\/2021\/01\/logo-noticieros@2x.png","contentUrl":"https:\/\/canal7slp.tv\/2025\/wp-content\/uploads\/2021\/01\/logo-noticieros@2x.png","width":1017,"height":268,"caption":"Noticieros Canal 7"},"image":{"@id":"https:\/\/canal7slp.tv\/2025\/#\/schema\/logo\/image\/"},"sameAs":["https:\/\/www.facebook.com\/noticieroscanal7atencionciudadana\/","https:\/\/x.com\/NOTICIEROS7","https:\/\/www.instagram.com\/canal7_slp","https:\/\/www.youtube.com\/channel\/UCliiYs-gP3JfJeqdPrNdd5A"]},{"@type":"Person","@id":"https:\/\/canal7slp.tv\/2025\/#\/schema\/person\/271e2b60a96e7cc9d9ac296f4d7e414b","name":"Edici\u00f3n Web","image":{"@type":"ImageObject","inLanguage":"es","@id":"https:\/\/secure.gravatar.com\/avatar\/eee448fc3f7164808013b816ba91ac7e43bbe82a70bebac296f8bc6f0addaa1a?s=96&d=mm&r=g","url":"https:\/\/secure.gravatar.com\/avatar\/eee448fc3f7164808013b816ba91ac7e43bbe82a70bebac296f8bc6f0addaa1a?s=96&d=mm&r=g","contentUrl":"https:\/\/secure.gravatar.com\/avatar\/eee448fc3f7164808013b816ba91ac7e43bbe82a70bebac296f8bc6f0addaa1a?s=96&d=mm&r=g","caption":"Edici\u00f3n Web"},"url":"https:\/\/canal7slp.tv\/2025\/author\/edicionweb\/"}]}},"_links":{"self":[{"href":"https:\/\/canal7slp.tv\/2025\/wp-json\/wp\/v2\/posts\/187813","targetHints":{"allow":["GET"]}}],"collection":[{"href":"https:\/\/canal7slp.tv\/2025\/wp-json\/wp\/v2\/posts"}],"about":[{"href":"https:\/\/canal7slp.tv\/2025\/wp-json\/wp\/v2\/types\/post"}],"author":[{"embeddable":true,"href":"https:\/\/canal7slp.tv\/2025\/wp-json\/wp\/v2\/users\/2"}],"replies":[{"embeddable":true,"href":"https:\/\/canal7slp.tv\/2025\/wp-json\/wp\/v2\/comments?post=187813"}],"version-history":[{"count":1,"href":"https:\/\/canal7slp.tv\/2025\/wp-json\/wp\/v2\/posts\/187813\/revisions"}],"predecessor-version":[{"id":187815,"href":"https:\/\/canal7slp.tv\/2025\/wp-json\/wp\/v2\/posts\/187813\/revisions\/187815"}],"wp:featuredmedia":[{"embeddable":true,"href":"https:\/\/canal7slp.tv\/2025\/wp-json\/wp\/v2\/media\/187814"}],"wp:attachment":[{"href":"https:\/\/canal7slp.tv\/2025\/wp-json\/wp\/v2\/media?parent=187813"}],"wp:term":[{"taxonomy":"category","embeddable":true,"href":"https:\/\/canal7slp.tv\/2025\/wp-json\/wp\/v2\/categories?post=187813"},{"taxonomy":"post_tag","embeddable":true,"href":"https:\/\/canal7slp.tv\/2025\/wp-json\/wp\/v2\/tags?post=187813"}],"curies":[{"name":"wp","href":"https:\/\/api.w.org\/{rel}","templated":true}]}}