{"id":187804,"date":"2025-12-14T09:58:50","date_gmt":"2025-12-14T15:58:50","guid":{"rendered":"https:\/\/canal7slp.tv\/2025\/?p=187804"},"modified":"2025-12-14T09:58:50","modified_gmt":"2025-12-14T15:58:50","slug":"es-una-demanda-legitima-nos-cobra-mas-impuestos-el-crimen-organizado-aparte-de-los-que-pagamos-con-el-gobierno-externa-dirigente-nacional-de-la-cnc","status":"publish","type":"post","link":"https:\/\/canal7slp.tv\/2025\/es-una-demanda-legitima-nos-cobra-mas-impuestos-el-crimen-organizado-aparte-de-los-que-pagamos-con-el-gobierno-externa-dirigente-nacional-de-la-cnc\/","title":{"rendered":"\u00abEs una demanda leg\u00edtima, nos cobra m\u00e1s impuestos el crimen organizado; aparte de los que pagamos con el gobierno\u00bb, externa dirigente nacional de la CNC"},"content":{"rendered":"<ul>\n<li style=\"text-align: justify;\">El pronunciamiento se da ante nuevas advertencias de bloqueos carreteros en el pa\u00eds, de parte de organizaciones agr\u00edcolas y transportistas.<\/li>\n<\/ul>\n<p style=\"text-align: justify;\">SLP.-\u00a0La Confederaci\u00f3n Nacional Campesina (CNC) advirti\u00f3 que podr\u00edan registrarse m\u00e1s bloqueos carreteros en distintas regiones del pa\u00eds, ante lo que calific\u00f3 como una falta de soluciones estructurales a la crisis que enfrenta el campo mexicano, particularmente en materia de seguridad, precios de garant\u00eda y presupuesto p\u00fablico.<\/p>\n<p style=\"text-align: justify;\">La dirigente nacional, Leticia Barrera Maldonado, se\u00f1al\u00f3 que la confederaci\u00f3n ha acompa\u00f1ado las movilizaciones que se han generado en diferentes estados como una forma de presi\u00f3n ante la falta de respuesta institucional.<\/p>\n<p style=\"text-align: justify;\">\u00abLa CNC ha estado respaldando, hemos estado fortaleciendo tambi\u00e9n estos bloqueos en donde los compa\u00f1eros l\u00edderes de las ligas as\u00ed lo han solicitado\u00bb, dijo.<\/p>\n<p style=\"text-align: justify;\">Sostuvo que las protestas responden a un contexto de abandono del sector rural, donde productores enfrentan condiciones adversas para mantener la actividad agr\u00edcola.<\/p>\n<p style=\"text-align: justify;\">\u00abEs una demanda leg\u00edtima, hoy el campo est\u00e1 abandonado, hoy en el campo tenemos inseguridad, nos cobran m\u00e1s impuestos el crimen organizado, aparte de los que pagamos con el gobierno, no tenemos garant\u00edas en las zonas rurales y por supuesto pues que no tenemos como nosotros seguir produciendo la parcela si esto sigue as\u00ed\u00bb, expuso.<\/p>\n<p style=\"text-align: justify;\">Barrera Maldonado reconoci\u00f3 que se han abierto espacios de di\u00e1logo con autoridades federales, aunque cuestion\u00f3 la falta de resultados concretos.<\/p>\n<p style=\"text-align: justify;\">\u201cPues bien, se han sentado a dialogar, eso es bueno, ojal\u00e1 se den soluciones concretas aunque en el tema de los precios de los granos, que es un tema que a todos nos interesa, nosotros insistimos que se le aumentaran 40 mil millones de pesos al presupuesto del campo, no quiso el oficialismo, le aumentaron 600 millones.\u201d<\/p>\n<p style=\"text-align: justify;\">Continu\u00f3: \u00ab600 millones no le sirven ni para siquiera la inflaci\u00f3n, para cubrir la inflaci\u00f3n. Entonces vamos a tener los mismos resultados porque la pol\u00edtica agropecuaria no cambia\u00bb<\/p>\n<p style=\"text-align: justify;\">Ante este escenario, la CNC no descart\u00f3 que se realicen movilizaciones en caso de que el gobierno federal no cumpla con los compromisos asumidos con los productores, particularmente en lo referente al pago de precios justos por los granos.<\/p>\n<p style=\"text-align: justify;\">&#8216;Pues si las negociaciones se siguen agudizando y no cumple lo que este gobierno ya se comprometi\u00f3 con los productores, pues efectivamente no habr\u00e1 como detener al campesinado mexicano, porque est\u00e1n defendiendo el derecho que les asiste, que es que se les pague un precio justo por sus granos&#8230; No tenemos fecha todav\u00eda y estamos ah\u00ed en pl\u00e1ticas con compa\u00f1eros productores, con compa\u00f1eros transportistas\u00bb, termin\u00f3.<\/p>\n<p>Por: Jos\u00e9 Luis V\u00e1zquez<\/p>\n","protected":false},"excerpt":{"rendered":"<p>El pronunciamiento se da ante nuevas advertencias de bloqueos carreteros en el pa\u00eds, de parte de organizaciones agr\u00edcolas y transportistas. SLP.-\u00a0La Confederaci\u00f3n Nacional Campesina (CNC) advirti\u00f3 que podr\u00edan registrarse m\u00e1s bloqueos carreteros en distintas regiones del pa\u00eds, ante lo que calific\u00f3 como una falta de soluciones estructurales a la crisis que enfrenta el campo mexicano, particularmente en materia de seguridad, precios de garant\u00eda y presupuesto p\u00fablico. La dirigente nacional, Leticia Barrera Maldonado, se\u00f1al\u00f3 que la confederaci\u00f3n ha acompa\u00f1ado las movilizaciones que se han generado en diferentes estados como una forma de presi\u00f3n ante la falta de respuesta institucional. \u00abLa CNC [&hellip;]<\/p>\n","protected":false},"author":2,"featured_media":187806,"comment_status":"closed","ping_status":"closed","sticky":false,"template":"","format":"video","meta":{"_monsterinsights_skip_tracking":false,"_monsterinsights_sitenote_active":false,"_monsterinsights_sitenote_note":"","_monsterinsights_sitenote_category":0,"footnotes":""},"categories":[5,45],"tags":[],"class_list":["post-187804","post","type-post","status-publish","format-video","has-post-thumbnail","hentry","category-destacadas","category-localesyregionales","post_format-post-format-video","post--single"],"yoast_head":"<!-- This site is optimized with the Yoast SEO plugin v27.5 - https:\/\/yoast.com\/product\/yoast-seo-wordpress\/ -->\n<title>&quot;Es una demanda leg\u00edtima, nos cobra m\u00e1s impuestos el crimen organizado; aparte de los que pagamos con el gobierno&quot;, externa dirigente nacional de la CNC - Canal 7 SLP - 2025<\/title>\n<meta name=\"robots\" content=\"index, follow, max-snippet:-1, max-image-preview:large, max-video-preview:-1\" \/>\n<link rel=\"canonical\" href=\"https:\/\/canal7slp.tv\/2025\/es-una-demanda-legitima-nos-cobra-mas-impuestos-el-crimen-organizado-aparte-de-los-que-pagamos-con-el-gobierno-externa-dirigente-nacional-de-la-cnc\/\" \/>\n<meta property=\"og:locale\" content=\"es_ES\" \/>\n<meta property=\"og:type\" content=\"article\" \/>\n<meta property=\"og:title\" content=\"&quot;Es una demanda leg\u00edtima, nos cobra m\u00e1s impuestos el crimen organizado; aparte de los que pagamos con el gobierno&quot;, externa dirigente nacional de la CNC - Canal 7 SLP - 2025\" \/>\n<meta property=\"og:description\" content=\"El pronunciamiento se da ante nuevas advertencias de bloqueos carreteros en el pa\u00eds, de parte de organizaciones agr\u00edcolas y transportistas. SLP.-\u00a0La Confederaci\u00f3n Nacional Campesina (CNC) advirti\u00f3 que podr\u00edan registrarse m\u00e1s bloqueos carreteros en distintas regiones del pa\u00eds, ante lo que calific\u00f3 como una falta de soluciones estructurales a la crisis que enfrenta el campo mexicano, particularmente en materia de seguridad, precios de garant\u00eda y presupuesto p\u00fablico. La dirigente nacional, Leticia Barrera Maldonado, se\u00f1al\u00f3 que la confederaci\u00f3n ha acompa\u00f1ado las movilizaciones que se han generado en diferentes estados como una forma de presi\u00f3n ante la falta de respuesta institucional. \u00abLa CNC [&hellip;]\" \/>\n<meta property=\"og:url\" content=\"https:\/\/canal7slp.tv\/2025\/es-una-demanda-legitima-nos-cobra-mas-impuestos-el-crimen-organizado-aparte-de-los-que-pagamos-con-el-gobierno-externa-dirigente-nacional-de-la-cnc\/\" \/>\n<meta property=\"og:site_name\" content=\"Canal 7 SLP - 2025\" \/>\n<meta property=\"article:publisher\" content=\"https:\/\/www.facebook.com\/noticieroscanal7atencionciudadana\/\" \/>\n<meta property=\"article:published_time\" content=\"2025-12-14T15:58:50+00:00\" \/>\n<meta property=\"og:image\" content=\"https:\/\/canal7slp.tv\/2025\/wp-content\/uploads\/2025\/12\/Vazquez02FuturosBloqueos.jpg\" \/>\n\t<meta property=\"og:image:width\" content=\"1280\" \/>\n\t<meta property=\"og:image:height\" content=\"720\" \/>\n\t<meta property=\"og:image:type\" content=\"image\/jpeg\" \/>\n<meta name=\"author\" content=\"Edici\u00f3n Web\" \/>\n<meta name=\"twitter:card\" content=\"summary_large_image\" \/>\n<meta name=\"twitter:creator\" content=\"@NOTICIEROS7\" \/>\n<meta name=\"twitter:site\" content=\"@NOTICIEROS7\" \/>\n<meta name=\"twitter:label1\" content=\"Escrito por\" \/>\n\t<meta name=\"twitter:data1\" content=\"Edici\u00f3n Web\" \/>\n\t<meta name=\"twitter:label2\" content=\"Tiempo de lectura\" \/>\n\t<meta name=\"twitter:data2\" content=\"3 minutos\" \/>\n<script type=\"application\/ld+json\" class=\"yoast-schema-graph\">{\"@context\":\"https:\\\/\\\/schema.org\",\"@graph\":[{\"@type\":\"Article\",\"@id\":\"https:\\\/\\\/canal7slp.tv\\\/2025\\\/es-una-demanda-legitima-nos-cobra-mas-impuestos-el-crimen-organizado-aparte-de-los-que-pagamos-con-el-gobierno-externa-dirigente-nacional-de-la-cnc\\\/#article\",\"isPartOf\":{\"@id\":\"https:\\\/\\\/canal7slp.tv\\\/2025\\\/es-una-demanda-legitima-nos-cobra-mas-impuestos-el-crimen-organizado-aparte-de-los-que-pagamos-con-el-gobierno-externa-dirigente-nacional-de-la-cnc\\\/\"},\"author\":{\"name\":\"Edici\u00f3n Web\",\"@id\":\"https:\\\/\\\/canal7slp.tv\\\/2025\\\/#\\\/schema\\\/person\\\/271e2b60a96e7cc9d9ac296f4d7e414b\"},\"headline\":\"\u00abEs una demanda leg\u00edtima, nos cobra m\u00e1s impuestos el crimen organizado; aparte de los que pagamos con el gobierno\u00bb, externa dirigente nacional de la CNC\",\"datePublished\":\"2025-12-14T15:58:50+00:00\",\"mainEntityOfPage\":{\"@id\":\"https:\\\/\\\/canal7slp.tv\\\/2025\\\/es-una-demanda-legitima-nos-cobra-mas-impuestos-el-crimen-organizado-aparte-de-los-que-pagamos-con-el-gobierno-externa-dirigente-nacional-de-la-cnc\\\/\"},\"wordCount\":468,\"publisher\":{\"@id\":\"https:\\\/\\\/canal7slp.tv\\\/2025\\\/#organization\"},\"image\":{\"@id\":\"https:\\\/\\\/canal7slp.tv\\\/2025\\\/es-una-demanda-legitima-nos-cobra-mas-impuestos-el-crimen-organizado-aparte-de-los-que-pagamos-con-el-gobierno-externa-dirigente-nacional-de-la-cnc\\\/#primaryimage\"},\"thumbnailUrl\":\"https:\\\/\\\/canal7slp.tv\\\/2025\\\/wp-content\\\/uploads\\\/2025\\\/12\\\/Vazquez02FuturosBloqueos.jpg\",\"articleSection\":[\"DESTACADAS\",\"LOCALES Y REGIONALES\"],\"inLanguage\":\"es\"},{\"@type\":\"WebPage\",\"@id\":\"https:\\\/\\\/canal7slp.tv\\\/2025\\\/es-una-demanda-legitima-nos-cobra-mas-impuestos-el-crimen-organizado-aparte-de-los-que-pagamos-con-el-gobierno-externa-dirigente-nacional-de-la-cnc\\\/\",\"url\":\"https:\\\/\\\/canal7slp.tv\\\/2025\\\/es-una-demanda-legitima-nos-cobra-mas-impuestos-el-crimen-organizado-aparte-de-los-que-pagamos-con-el-gobierno-externa-dirigente-nacional-de-la-cnc\\\/\",\"name\":\"\\\"Es una demanda leg\u00edtima, nos cobra m\u00e1s impuestos el crimen organizado; aparte de los que pagamos con el gobierno\\\", externa dirigente nacional de la CNC - Canal 7 SLP - 2025\",\"isPartOf\":{\"@id\":\"https:\\\/\\\/canal7slp.tv\\\/2025\\\/#website\"},\"primaryImageOfPage\":{\"@id\":\"https:\\\/\\\/canal7slp.tv\\\/2025\\\/es-una-demanda-legitima-nos-cobra-mas-impuestos-el-crimen-organizado-aparte-de-los-que-pagamos-con-el-gobierno-externa-dirigente-nacional-de-la-cnc\\\/#primaryimage\"},\"image\":{\"@id\":\"https:\\\/\\\/canal7slp.tv\\\/2025\\\/es-una-demanda-legitima-nos-cobra-mas-impuestos-el-crimen-organizado-aparte-de-los-que-pagamos-con-el-gobierno-externa-dirigente-nacional-de-la-cnc\\\/#primaryimage\"},\"thumbnailUrl\":\"https:\\\/\\\/canal7slp.tv\\\/2025\\\/wp-content\\\/uploads\\\/2025\\\/12\\\/Vazquez02FuturosBloqueos.jpg\",\"datePublished\":\"2025-12-14T15:58:50+00:00\",\"breadcrumb\":{\"@id\":\"https:\\\/\\\/canal7slp.tv\\\/2025\\\/es-una-demanda-legitima-nos-cobra-mas-impuestos-el-crimen-organizado-aparte-de-los-que-pagamos-con-el-gobierno-externa-dirigente-nacional-de-la-cnc\\\/#breadcrumb\"},\"inLanguage\":\"es\",\"potentialAction\":[{\"@type\":\"ReadAction\",\"target\":[\"https:\\\/\\\/canal7slp.tv\\\/2025\\\/es-una-demanda-legitima-nos-cobra-mas-impuestos-el-crimen-organizado-aparte-de-los-que-pagamos-con-el-gobierno-externa-dirigente-nacional-de-la-cnc\\\/\"]}]},{\"@type\":\"ImageObject\",\"inLanguage\":\"es\",\"@id\":\"https:\\\/\\\/canal7slp.tv\\\/2025\\\/es-una-demanda-legitima-nos-cobra-mas-impuestos-el-crimen-organizado-aparte-de-los-que-pagamos-con-el-gobierno-externa-dirigente-nacional-de-la-cnc\\\/#primaryimage\",\"url\":\"https:\\\/\\\/canal7slp.tv\\\/2025\\\/wp-content\\\/uploads\\\/2025\\\/12\\\/Vazquez02FuturosBloqueos.jpg\",\"contentUrl\":\"https:\\\/\\\/canal7slp.tv\\\/2025\\\/wp-content\\\/uploads\\\/2025\\\/12\\\/Vazquez02FuturosBloqueos.jpg\",\"width\":1280,\"height\":720},{\"@type\":\"BreadcrumbList\",\"@id\":\"https:\\\/\\\/canal7slp.tv\\\/2025\\\/es-una-demanda-legitima-nos-cobra-mas-impuestos-el-crimen-organizado-aparte-de-los-que-pagamos-con-el-gobierno-externa-dirigente-nacional-de-la-cnc\\\/#breadcrumb\",\"itemListElement\":[{\"@type\":\"ListItem\",\"position\":1,\"name\":\"Portada\",\"item\":\"https:\\\/\\\/canal7slp.tv\\\/2025\\\/\"},{\"@type\":\"ListItem\",\"position\":2,\"name\":\"\u00abEs una demanda leg\u00edtima, nos cobra m\u00e1s impuestos el crimen organizado; aparte de los que pagamos con el gobierno\u00bb, externa dirigente nacional de la CNC\"}]},{\"@type\":\"WebSite\",\"@id\":\"https:\\\/\\\/canal7slp.tv\\\/2025\\\/#website\",\"url\":\"https:\\\/\\\/canal7slp.tv\\\/2025\\\/\",\"name\":\"N7 - Noticieros Canal 7\",\"description\":\"Somos el Medio\",\"publisher\":{\"@id\":\"https:\\\/\\\/canal7slp.tv\\\/2025\\\/#organization\"},\"potentialAction\":[{\"@type\":\"SearchAction\",\"target\":{\"@type\":\"EntryPoint\",\"urlTemplate\":\"https:\\\/\\\/canal7slp.tv\\\/2025\\\/?s={search_term_string}\"},\"query-input\":{\"@type\":\"PropertyValueSpecification\",\"valueRequired\":true,\"valueName\":\"search_term_string\"}}],\"inLanguage\":\"es\"},{\"@type\":\"Organization\",\"@id\":\"https:\\\/\\\/canal7slp.tv\\\/2025\\\/#organization\",\"name\":\"Noticieros Canal 7\",\"url\":\"https:\\\/\\\/canal7slp.tv\\\/2025\\\/\",\"logo\":{\"@type\":\"ImageObject\",\"inLanguage\":\"es\",\"@id\":\"https:\\\/\\\/canal7slp.tv\\\/2025\\\/#\\\/schema\\\/logo\\\/image\\\/\",\"url\":\"https:\\\/\\\/canal7slp.tv\\\/2025\\\/wp-content\\\/uploads\\\/2021\\\/01\\\/logo-noticieros@2x.png\",\"contentUrl\":\"https:\\\/\\\/canal7slp.tv\\\/2025\\\/wp-content\\\/uploads\\\/2021\\\/01\\\/logo-noticieros@2x.png\",\"width\":1017,\"height\":268,\"caption\":\"Noticieros Canal 7\"},\"image\":{\"@id\":\"https:\\\/\\\/canal7slp.tv\\\/2025\\\/#\\\/schema\\\/logo\\\/image\\\/\"},\"sameAs\":[\"https:\\\/\\\/www.facebook.com\\\/noticieroscanal7atencionciudadana\\\/\",\"https:\\\/\\\/x.com\\\/NOTICIEROS7\",\"https:\\\/\\\/www.instagram.com\\\/canal7_slp\",\"https:\\\/\\\/www.youtube.com\\\/channel\\\/UCliiYs-gP3JfJeqdPrNdd5A\"]},{\"@type\":\"Person\",\"@id\":\"https:\\\/\\\/canal7slp.tv\\\/2025\\\/#\\\/schema\\\/person\\\/271e2b60a96e7cc9d9ac296f4d7e414b\",\"name\":\"Edici\u00f3n Web\",\"image\":{\"@type\":\"ImageObject\",\"inLanguage\":\"es\",\"@id\":\"https:\\\/\\\/secure.gravatar.com\\\/avatar\\\/eee448fc3f7164808013b816ba91ac7e43bbe82a70bebac296f8bc6f0addaa1a?s=96&d=mm&r=g\",\"url\":\"https:\\\/\\\/secure.gravatar.com\\\/avatar\\\/eee448fc3f7164808013b816ba91ac7e43bbe82a70bebac296f8bc6f0addaa1a?s=96&d=mm&r=g\",\"contentUrl\":\"https:\\\/\\\/secure.gravatar.com\\\/avatar\\\/eee448fc3f7164808013b816ba91ac7e43bbe82a70bebac296f8bc6f0addaa1a?s=96&d=mm&r=g\",\"caption\":\"Edici\u00f3n Web\"},\"url\":\"https:\\\/\\\/canal7slp.tv\\\/2025\\\/author\\\/edicionweb\\\/\"}]}<\/script>\n<!-- \/ Yoast SEO plugin. -->","yoast_head_json":{"title":"\"Es una demanda leg\u00edtima, nos cobra m\u00e1s impuestos el crimen organizado; aparte de los que pagamos con el gobierno\", externa dirigente nacional de la CNC - Canal 7 SLP - 2025","robots":{"index":"index","follow":"follow","max-snippet":"max-snippet:-1","max-image-preview":"max-image-preview:large","max-video-preview":"max-video-preview:-1"},"canonical":"https:\/\/canal7slp.tv\/2025\/es-una-demanda-legitima-nos-cobra-mas-impuestos-el-crimen-organizado-aparte-de-los-que-pagamos-con-el-gobierno-externa-dirigente-nacional-de-la-cnc\/","og_locale":"es_ES","og_type":"article","og_title":"\"Es una demanda leg\u00edtima, nos cobra m\u00e1s impuestos el crimen organizado; aparte de los que pagamos con el gobierno\", externa dirigente nacional de la CNC - Canal 7 SLP - 2025","og_description":"El pronunciamiento se da ante nuevas advertencias de bloqueos carreteros en el pa\u00eds, de parte de organizaciones agr\u00edcolas y transportistas. SLP.-\u00a0La Confederaci\u00f3n Nacional Campesina (CNC) advirti\u00f3 que podr\u00edan registrarse m\u00e1s bloqueos carreteros en distintas regiones del pa\u00eds, ante lo que calific\u00f3 como una falta de soluciones estructurales a la crisis que enfrenta el campo mexicano, particularmente en materia de seguridad, precios de garant\u00eda y presupuesto p\u00fablico. La dirigente nacional, Leticia Barrera Maldonado, se\u00f1al\u00f3 que la confederaci\u00f3n ha acompa\u00f1ado las movilizaciones que se han generado en diferentes estados como una forma de presi\u00f3n ante la falta de respuesta institucional. \u00abLa CNC [&hellip;]","og_url":"https:\/\/canal7slp.tv\/2025\/es-una-demanda-legitima-nos-cobra-mas-impuestos-el-crimen-organizado-aparte-de-los-que-pagamos-con-el-gobierno-externa-dirigente-nacional-de-la-cnc\/","og_site_name":"Canal 7 SLP - 2025","article_publisher":"https:\/\/www.facebook.com\/noticieroscanal7atencionciudadana\/","article_published_time":"2025-12-14T15:58:50+00:00","og_image":[{"width":1280,"height":720,"url":"https:\/\/canal7slp.tv\/2025\/wp-content\/uploads\/2025\/12\/Vazquez02FuturosBloqueos.jpg","type":"image\/jpeg"}],"author":"Edici\u00f3n Web","twitter_card":"summary_large_image","twitter_creator":"@NOTICIEROS7","twitter_site":"@NOTICIEROS7","twitter_misc":{"Escrito por":"Edici\u00f3n Web","Tiempo de lectura":"3 minutos"},"schema":{"@context":"https:\/\/schema.org","@graph":[{"@type":"Article","@id":"https:\/\/canal7slp.tv\/2025\/es-una-demanda-legitima-nos-cobra-mas-impuestos-el-crimen-organizado-aparte-de-los-que-pagamos-con-el-gobierno-externa-dirigente-nacional-de-la-cnc\/#article","isPartOf":{"@id":"https:\/\/canal7slp.tv\/2025\/es-una-demanda-legitima-nos-cobra-mas-impuestos-el-crimen-organizado-aparte-de-los-que-pagamos-con-el-gobierno-externa-dirigente-nacional-de-la-cnc\/"},"author":{"name":"Edici\u00f3n Web","@id":"https:\/\/canal7slp.tv\/2025\/#\/schema\/person\/271e2b60a96e7cc9d9ac296f4d7e414b"},"headline":"\u00abEs una demanda leg\u00edtima, nos cobra m\u00e1s impuestos el crimen organizado; aparte de los que pagamos con el gobierno\u00bb, externa dirigente nacional de la CNC","datePublished":"2025-12-14T15:58:50+00:00","mainEntityOfPage":{"@id":"https:\/\/canal7slp.tv\/2025\/es-una-demanda-legitima-nos-cobra-mas-impuestos-el-crimen-organizado-aparte-de-los-que-pagamos-con-el-gobierno-externa-dirigente-nacional-de-la-cnc\/"},"wordCount":468,"publisher":{"@id":"https:\/\/canal7slp.tv\/2025\/#organization"},"image":{"@id":"https:\/\/canal7slp.tv\/2025\/es-una-demanda-legitima-nos-cobra-mas-impuestos-el-crimen-organizado-aparte-de-los-que-pagamos-con-el-gobierno-externa-dirigente-nacional-de-la-cnc\/#primaryimage"},"thumbnailUrl":"https:\/\/canal7slp.tv\/2025\/wp-content\/uploads\/2025\/12\/Vazquez02FuturosBloqueos.jpg","articleSection":["DESTACADAS","LOCALES Y REGIONALES"],"inLanguage":"es"},{"@type":"WebPage","@id":"https:\/\/canal7slp.tv\/2025\/es-una-demanda-legitima-nos-cobra-mas-impuestos-el-crimen-organizado-aparte-de-los-que-pagamos-con-el-gobierno-externa-dirigente-nacional-de-la-cnc\/","url":"https:\/\/canal7slp.tv\/2025\/es-una-demanda-legitima-nos-cobra-mas-impuestos-el-crimen-organizado-aparte-de-los-que-pagamos-con-el-gobierno-externa-dirigente-nacional-de-la-cnc\/","name":"\"Es una demanda leg\u00edtima, nos cobra m\u00e1s impuestos el crimen organizado; aparte de los que pagamos con el gobierno\", externa dirigente nacional de la CNC - Canal 7 SLP - 2025","isPartOf":{"@id":"https:\/\/canal7slp.tv\/2025\/#website"},"primaryImageOfPage":{"@id":"https:\/\/canal7slp.tv\/2025\/es-una-demanda-legitima-nos-cobra-mas-impuestos-el-crimen-organizado-aparte-de-los-que-pagamos-con-el-gobierno-externa-dirigente-nacional-de-la-cnc\/#primaryimage"},"image":{"@id":"https:\/\/canal7slp.tv\/2025\/es-una-demanda-legitima-nos-cobra-mas-impuestos-el-crimen-organizado-aparte-de-los-que-pagamos-con-el-gobierno-externa-dirigente-nacional-de-la-cnc\/#primaryimage"},"thumbnailUrl":"https:\/\/canal7slp.tv\/2025\/wp-content\/uploads\/2025\/12\/Vazquez02FuturosBloqueos.jpg","datePublished":"2025-12-14T15:58:50+00:00","breadcrumb":{"@id":"https:\/\/canal7slp.tv\/2025\/es-una-demanda-legitima-nos-cobra-mas-impuestos-el-crimen-organizado-aparte-de-los-que-pagamos-con-el-gobierno-externa-dirigente-nacional-de-la-cnc\/#breadcrumb"},"inLanguage":"es","potentialAction":[{"@type":"ReadAction","target":["https:\/\/canal7slp.tv\/2025\/es-una-demanda-legitima-nos-cobra-mas-impuestos-el-crimen-organizado-aparte-de-los-que-pagamos-con-el-gobierno-externa-dirigente-nacional-de-la-cnc\/"]}]},{"@type":"ImageObject","inLanguage":"es","@id":"https:\/\/canal7slp.tv\/2025\/es-una-demanda-legitima-nos-cobra-mas-impuestos-el-crimen-organizado-aparte-de-los-que-pagamos-con-el-gobierno-externa-dirigente-nacional-de-la-cnc\/#primaryimage","url":"https:\/\/canal7slp.tv\/2025\/wp-content\/uploads\/2025\/12\/Vazquez02FuturosBloqueos.jpg","contentUrl":"https:\/\/canal7slp.tv\/2025\/wp-content\/uploads\/2025\/12\/Vazquez02FuturosBloqueos.jpg","width":1280,"height":720},{"@type":"BreadcrumbList","@id":"https:\/\/canal7slp.tv\/2025\/es-una-demanda-legitima-nos-cobra-mas-impuestos-el-crimen-organizado-aparte-de-los-que-pagamos-con-el-gobierno-externa-dirigente-nacional-de-la-cnc\/#breadcrumb","itemListElement":[{"@type":"ListItem","position":1,"name":"Portada","item":"https:\/\/canal7slp.tv\/2025\/"},{"@type":"ListItem","position":2,"name":"\u00abEs una demanda leg\u00edtima, nos cobra m\u00e1s impuestos el crimen organizado; aparte de los que pagamos con el gobierno\u00bb, externa dirigente nacional de la CNC"}]},{"@type":"WebSite","@id":"https:\/\/canal7slp.tv\/2025\/#website","url":"https:\/\/canal7slp.tv\/2025\/","name":"N7 - Noticieros Canal 7","description":"Somos el Medio","publisher":{"@id":"https:\/\/canal7slp.tv\/2025\/#organization"},"potentialAction":[{"@type":"SearchAction","target":{"@type":"EntryPoint","urlTemplate":"https:\/\/canal7slp.tv\/2025\/?s={search_term_string}"},"query-input":{"@type":"PropertyValueSpecification","valueRequired":true,"valueName":"search_term_string"}}],"inLanguage":"es"},{"@type":"Organization","@id":"https:\/\/canal7slp.tv\/2025\/#organization","name":"Noticieros Canal 7","url":"https:\/\/canal7slp.tv\/2025\/","logo":{"@type":"ImageObject","inLanguage":"es","@id":"https:\/\/canal7slp.tv\/2025\/#\/schema\/logo\/image\/","url":"https:\/\/canal7slp.tv\/2025\/wp-content\/uploads\/2021\/01\/logo-noticieros@2x.png","contentUrl":"https:\/\/canal7slp.tv\/2025\/wp-content\/uploads\/2021\/01\/logo-noticieros@2x.png","width":1017,"height":268,"caption":"Noticieros Canal 7"},"image":{"@id":"https:\/\/canal7slp.tv\/2025\/#\/schema\/logo\/image\/"},"sameAs":["https:\/\/www.facebook.com\/noticieroscanal7atencionciudadana\/","https:\/\/x.com\/NOTICIEROS7","https:\/\/www.instagram.com\/canal7_slp","https:\/\/www.youtube.com\/channel\/UCliiYs-gP3JfJeqdPrNdd5A"]},{"@type":"Person","@id":"https:\/\/canal7slp.tv\/2025\/#\/schema\/person\/271e2b60a96e7cc9d9ac296f4d7e414b","name":"Edici\u00f3n Web","image":{"@type":"ImageObject","inLanguage":"es","@id":"https:\/\/secure.gravatar.com\/avatar\/eee448fc3f7164808013b816ba91ac7e43bbe82a70bebac296f8bc6f0addaa1a?s=96&d=mm&r=g","url":"https:\/\/secure.gravatar.com\/avatar\/eee448fc3f7164808013b816ba91ac7e43bbe82a70bebac296f8bc6f0addaa1a?s=96&d=mm&r=g","contentUrl":"https:\/\/secure.gravatar.com\/avatar\/eee448fc3f7164808013b816ba91ac7e43bbe82a70bebac296f8bc6f0addaa1a?s=96&d=mm&r=g","caption":"Edici\u00f3n Web"},"url":"https:\/\/canal7slp.tv\/2025\/author\/edicionweb\/"}]}},"_links":{"self":[{"href":"https:\/\/canal7slp.tv\/2025\/wp-json\/wp\/v2\/posts\/187804","targetHints":{"allow":["GET"]}}],"collection":[{"href":"https:\/\/canal7slp.tv\/2025\/wp-json\/wp\/v2\/posts"}],"about":[{"href":"https:\/\/canal7slp.tv\/2025\/wp-json\/wp\/v2\/types\/post"}],"author":[{"embeddable":true,"href":"https:\/\/canal7slp.tv\/2025\/wp-json\/wp\/v2\/users\/2"}],"replies":[{"embeddable":true,"href":"https:\/\/canal7slp.tv\/2025\/wp-json\/wp\/v2\/comments?post=187804"}],"version-history":[{"count":1,"href":"https:\/\/canal7slp.tv\/2025\/wp-json\/wp\/v2\/posts\/187804\/revisions"}],"predecessor-version":[{"id":187807,"href":"https:\/\/canal7slp.tv\/2025\/wp-json\/wp\/v2\/posts\/187804\/revisions\/187807"}],"wp:featuredmedia":[{"embeddable":true,"href":"https:\/\/canal7slp.tv\/2025\/wp-json\/wp\/v2\/media\/187806"}],"wp:attachment":[{"href":"https:\/\/canal7slp.tv\/2025\/wp-json\/wp\/v2\/media?parent=187804"}],"wp:term":[{"taxonomy":"category","embeddable":true,"href":"https:\/\/canal7slp.tv\/2025\/wp-json\/wp\/v2\/categories?post=187804"},{"taxonomy":"post_tag","embeddable":true,"href":"https:\/\/canal7slp.tv\/2025\/wp-json\/wp\/v2\/tags?post=187804"}],"curies":[{"name":"wp","href":"https:\/\/api.w.org\/{rel}","templated":true}]}}