{"id":187793,"date":"2025-12-13T16:32:30","date_gmt":"2025-12-13T22:32:30","guid":{"rendered":"https:\/\/canal7slp.tv\/2025\/?p=187793"},"modified":"2025-12-13T16:32:30","modified_gmt":"2025-12-13T22:32:30","slug":"publican-reforma-que-endurece-reglas-para-telefonia-internet-y-tv-de-paga","status":"publish","type":"post","link":"https:\/\/canal7slp.tv\/2025\/publican-reforma-que-endurece-reglas-para-telefonia-internet-y-tv-de-paga\/","title":{"rendered":"Publican reforma que endurece reglas para telefon\u00eda, internet y tv de paga"},"content":{"rendered":"<p style=\"text-align: justify;\">M\u00e9xico.- Fue publicado en el Diario Oficial de la Federaci\u00f3n un decreto que introduce modificaciones a la Ley Federal de Protecci\u00f3n al Consumidor, mediante el cual se establecen nuevas obligaciones para los proveedores de servicios como televisi\u00f3n de paga, telefon\u00eda e internet.<\/p>\n<p style=\"text-align: justify;\">Entre los principales cambios destaca la prohibici\u00f3n de utilizar estrategias publicitarias que no brinden informaci\u00f3n clara, suficiente y veraz sobre los servicios contratados. La reforma pone especial \u00e9nfasis en la protecci\u00f3n de grupos vulnerables, como menores de edad, personas adultas mayores o con alguna enfermedad, al exigir advertencias cuando los contenidos o servicios no resulten adecuados para estos sectores.<\/p>\n<p style=\"text-align: justify;\">Asimismo, las empresas deber\u00e1n implementar mecanismos que permitan la cancelaci\u00f3n inmediata de servicios, suscripciones o membres\u00edas, sin que ello sea considerado un incumplimiento contractual. Los proveedores estar\u00e1n obligados a respetar la decisi\u00f3n del consumidor respecto a la cantidad y calidad de los productos que desea recibir, as\u00ed como su derecho a no recibir avisos comerciales.<\/p>\n<p style=\"text-align: justify;\">El decreto tambi\u00e9n establece que los cobros recurrentes autom\u00e1ticos deber\u00e1n informarse de manera clara y accesible, detallando su periodicidad, monto y fecha de aplicaci\u00f3n. Para estos cargos ser\u00e1 obligatorio contar con el consentimiento expreso del usuario. En el caso de renovaciones autom\u00e1ticas, los proveedores deber\u00e1n notificar al consumidor con al menos cinco d\u00edas naturales de anticipaci\u00f3n, permiti\u00e9ndole cancelar el servicio sin penalizaci\u00f3n.<\/p>\n<p style=\"text-align: justify;\">Para reportar posibles incumplimientos, la Procuradur\u00eda Federal del Consumidor mantiene disponibles los n\u00fameros telef\u00f3nicos 55 5568 8722 y 800 468 8722.<\/p>\n<p style=\"text-align: justify;\">\n","protected":false},"excerpt":{"rendered":"<p>M\u00e9xico.- Fue publicado en el Diario Oficial de la Federaci\u00f3n un decreto que introduce modificaciones a la Ley Federal de Protecci\u00f3n al Consumidor, mediante el cual se establecen nuevas obligaciones para los proveedores de servicios como televisi\u00f3n de paga, telefon\u00eda e internet. Entre los principales cambios destaca la prohibici\u00f3n de utilizar estrategias publicitarias que no brinden informaci\u00f3n clara, suficiente y veraz sobre los servicios contratados. La reforma pone especial \u00e9nfasis en la protecci\u00f3n de grupos vulnerables, como menores de edad, personas adultas mayores o con alguna enfermedad, al exigir advertencias cuando los contenidos o servicios no resulten adecuados para estos [&hellip;]<\/p>\n","protected":false},"author":2,"featured_media":187794,"comment_status":"closed","ping_status":"closed","sticky":false,"template":"","format":"standard","meta":{"_monsterinsights_skip_tracking":false,"_monsterinsights_sitenote_active":false,"_monsterinsights_sitenote_note":"","_monsterinsights_sitenote_category":0,"footnotes":""},"categories":[46],"tags":[],"class_list":["post-187793","post","type-post","status-publish","format-standard","has-post-thumbnail","hentry","category-nacional","post--single"],"yoast_head":"<!-- This site is optimized with the Yoast SEO plugin v27.5 - https:\/\/yoast.com\/product\/yoast-seo-wordpress\/ -->\n<title>Publican reforma que endurece reglas para telefon\u00eda, internet y tv de paga - Canal 7 SLP - 2025<\/title>\n<meta name=\"robots\" content=\"index, follow, max-snippet:-1, max-image-preview:large, max-video-preview:-1\" \/>\n<link rel=\"canonical\" href=\"https:\/\/canal7slp.tv\/2025\/publican-reforma-que-endurece-reglas-para-telefonia-internet-y-tv-de-paga\/\" \/>\n<meta property=\"og:locale\" content=\"es_ES\" \/>\n<meta property=\"og:type\" content=\"article\" \/>\n<meta property=\"og:title\" content=\"Publican reforma que endurece reglas para telefon\u00eda, internet y tv de paga - Canal 7 SLP - 2025\" \/>\n<meta property=\"og:description\" content=\"M\u00e9xico.- Fue publicado en el Diario Oficial de la Federaci\u00f3n un decreto que introduce modificaciones a la Ley Federal de Protecci\u00f3n al Consumidor, mediante el cual se establecen nuevas obligaciones para los proveedores de servicios como televisi\u00f3n de paga, telefon\u00eda e internet. Entre los principales cambios destaca la prohibici\u00f3n de utilizar estrategias publicitarias que no brinden informaci\u00f3n clara, suficiente y veraz sobre los servicios contratados. La reforma pone especial \u00e9nfasis en la protecci\u00f3n de grupos vulnerables, como menores de edad, personas adultas mayores o con alguna enfermedad, al exigir advertencias cuando los contenidos o servicios no resulten adecuados para estos [&hellip;]\" \/>\n<meta property=\"og:url\" content=\"https:\/\/canal7slp.tv\/2025\/publican-reforma-que-endurece-reglas-para-telefonia-internet-y-tv-de-paga\/\" \/>\n<meta property=\"og:site_name\" content=\"Canal 7 SLP - 2025\" \/>\n<meta property=\"article:publisher\" content=\"https:\/\/www.facebook.com\/noticieroscanal7atencionciudadana\/\" \/>\n<meta property=\"article:published_time\" content=\"2025-12-13T22:32:30+00:00\" \/>\n<meta property=\"og:image\" content=\"https:\/\/canal7slp.tv\/2025\/wp-content\/uploads\/2025\/12\/10-12.jpg\" \/>\n\t<meta property=\"og:image:width\" content=\"750\" \/>\n\t<meta property=\"og:image:height\" content=\"500\" \/>\n\t<meta property=\"og:image:type\" content=\"image\/jpeg\" \/>\n<meta name=\"author\" content=\"Edici\u00f3n Web\" \/>\n<meta name=\"twitter:card\" content=\"summary_large_image\" \/>\n<meta name=\"twitter:creator\" content=\"@NOTICIEROS7\" \/>\n<meta name=\"twitter:site\" content=\"@NOTICIEROS7\" \/>\n<meta name=\"twitter:label1\" content=\"Escrito por\" \/>\n\t<meta name=\"twitter:data1\" content=\"Edici\u00f3n Web\" \/>\n\t<meta name=\"twitter:label2\" content=\"Tiempo de lectura\" \/>\n\t<meta name=\"twitter:data2\" content=\"2 minutos\" \/>\n<script type=\"application\/ld+json\" class=\"yoast-schema-graph\">{\"@context\":\"https:\\\/\\\/schema.org\",\"@graph\":[{\"@type\":\"Article\",\"@id\":\"https:\\\/\\\/canal7slp.tv\\\/2025\\\/publican-reforma-que-endurece-reglas-para-telefonia-internet-y-tv-de-paga\\\/#article\",\"isPartOf\":{\"@id\":\"https:\\\/\\\/canal7slp.tv\\\/2025\\\/publican-reforma-que-endurece-reglas-para-telefonia-internet-y-tv-de-paga\\\/\"},\"author\":{\"name\":\"Edici\u00f3n Web\",\"@id\":\"https:\\\/\\\/canal7slp.tv\\\/2025\\\/#\\\/schema\\\/person\\\/271e2b60a96e7cc9d9ac296f4d7e414b\"},\"headline\":\"Publican reforma que endurece reglas para telefon\u00eda, internet y tv de paga\",\"datePublished\":\"2025-12-13T22:32:30+00:00\",\"mainEntityOfPage\":{\"@id\":\"https:\\\/\\\/canal7slp.tv\\\/2025\\\/publican-reforma-que-endurece-reglas-para-telefonia-internet-y-tv-de-paga\\\/\"},\"wordCount\":273,\"publisher\":{\"@id\":\"https:\\\/\\\/canal7slp.tv\\\/2025\\\/#organization\"},\"image\":{\"@id\":\"https:\\\/\\\/canal7slp.tv\\\/2025\\\/publican-reforma-que-endurece-reglas-para-telefonia-internet-y-tv-de-paga\\\/#primaryimage\"},\"thumbnailUrl\":\"https:\\\/\\\/canal7slp.tv\\\/2025\\\/wp-content\\\/uploads\\\/2025\\\/12\\\/10-12.jpg\",\"articleSection\":[\"NACIONALES\"],\"inLanguage\":\"es\"},{\"@type\":\"WebPage\",\"@id\":\"https:\\\/\\\/canal7slp.tv\\\/2025\\\/publican-reforma-que-endurece-reglas-para-telefonia-internet-y-tv-de-paga\\\/\",\"url\":\"https:\\\/\\\/canal7slp.tv\\\/2025\\\/publican-reforma-que-endurece-reglas-para-telefonia-internet-y-tv-de-paga\\\/\",\"name\":\"Publican reforma que endurece reglas para telefon\u00eda, internet y tv de paga - Canal 7 SLP - 2025\",\"isPartOf\":{\"@id\":\"https:\\\/\\\/canal7slp.tv\\\/2025\\\/#website\"},\"primaryImageOfPage\":{\"@id\":\"https:\\\/\\\/canal7slp.tv\\\/2025\\\/publican-reforma-que-endurece-reglas-para-telefonia-internet-y-tv-de-paga\\\/#primaryimage\"},\"image\":{\"@id\":\"https:\\\/\\\/canal7slp.tv\\\/2025\\\/publican-reforma-que-endurece-reglas-para-telefonia-internet-y-tv-de-paga\\\/#primaryimage\"},\"thumbnailUrl\":\"https:\\\/\\\/canal7slp.tv\\\/2025\\\/wp-content\\\/uploads\\\/2025\\\/12\\\/10-12.jpg\",\"datePublished\":\"2025-12-13T22:32:30+00:00\",\"breadcrumb\":{\"@id\":\"https:\\\/\\\/canal7slp.tv\\\/2025\\\/publican-reforma-que-endurece-reglas-para-telefonia-internet-y-tv-de-paga\\\/#breadcrumb\"},\"inLanguage\":\"es\",\"potentialAction\":[{\"@type\":\"ReadAction\",\"target\":[\"https:\\\/\\\/canal7slp.tv\\\/2025\\\/publican-reforma-que-endurece-reglas-para-telefonia-internet-y-tv-de-paga\\\/\"]}]},{\"@type\":\"ImageObject\",\"inLanguage\":\"es\",\"@id\":\"https:\\\/\\\/canal7slp.tv\\\/2025\\\/publican-reforma-que-endurece-reglas-para-telefonia-internet-y-tv-de-paga\\\/#primaryimage\",\"url\":\"https:\\\/\\\/canal7slp.tv\\\/2025\\\/wp-content\\\/uploads\\\/2025\\\/12\\\/10-12.jpg\",\"contentUrl\":\"https:\\\/\\\/canal7slp.tv\\\/2025\\\/wp-content\\\/uploads\\\/2025\\\/12\\\/10-12.jpg\",\"width\":750,\"height\":500},{\"@type\":\"BreadcrumbList\",\"@id\":\"https:\\\/\\\/canal7slp.tv\\\/2025\\\/publican-reforma-que-endurece-reglas-para-telefonia-internet-y-tv-de-paga\\\/#breadcrumb\",\"itemListElement\":[{\"@type\":\"ListItem\",\"position\":1,\"name\":\"Portada\",\"item\":\"https:\\\/\\\/canal7slp.tv\\\/2025\\\/\"},{\"@type\":\"ListItem\",\"position\":2,\"name\":\"Publican reforma que endurece reglas para telefon\u00eda, internet y tv de paga\"}]},{\"@type\":\"WebSite\",\"@id\":\"https:\\\/\\\/canal7slp.tv\\\/2025\\\/#website\",\"url\":\"https:\\\/\\\/canal7slp.tv\\\/2025\\\/\",\"name\":\"N7 - Noticieros Canal 7\",\"description\":\"Somos el Medio\",\"publisher\":{\"@id\":\"https:\\\/\\\/canal7slp.tv\\\/2025\\\/#organization\"},\"potentialAction\":[{\"@type\":\"SearchAction\",\"target\":{\"@type\":\"EntryPoint\",\"urlTemplate\":\"https:\\\/\\\/canal7slp.tv\\\/2025\\\/?s={search_term_string}\"},\"query-input\":{\"@type\":\"PropertyValueSpecification\",\"valueRequired\":true,\"valueName\":\"search_term_string\"}}],\"inLanguage\":\"es\"},{\"@type\":\"Organization\",\"@id\":\"https:\\\/\\\/canal7slp.tv\\\/2025\\\/#organization\",\"name\":\"Noticieros Canal 7\",\"url\":\"https:\\\/\\\/canal7slp.tv\\\/2025\\\/\",\"logo\":{\"@type\":\"ImageObject\",\"inLanguage\":\"es\",\"@id\":\"https:\\\/\\\/canal7slp.tv\\\/2025\\\/#\\\/schema\\\/logo\\\/image\\\/\",\"url\":\"https:\\\/\\\/canal7slp.tv\\\/2025\\\/wp-content\\\/uploads\\\/2021\\\/01\\\/logo-noticieros@2x.png\",\"contentUrl\":\"https:\\\/\\\/canal7slp.tv\\\/2025\\\/wp-content\\\/uploads\\\/2021\\\/01\\\/logo-noticieros@2x.png\",\"width\":1017,\"height\":268,\"caption\":\"Noticieros Canal 7\"},\"image\":{\"@id\":\"https:\\\/\\\/canal7slp.tv\\\/2025\\\/#\\\/schema\\\/logo\\\/image\\\/\"},\"sameAs\":[\"https:\\\/\\\/www.facebook.com\\\/noticieroscanal7atencionciudadana\\\/\",\"https:\\\/\\\/x.com\\\/NOTICIEROS7\",\"https:\\\/\\\/www.instagram.com\\\/canal7_slp\",\"https:\\\/\\\/www.youtube.com\\\/channel\\\/UCliiYs-gP3JfJeqdPrNdd5A\"]},{\"@type\":\"Person\",\"@id\":\"https:\\\/\\\/canal7slp.tv\\\/2025\\\/#\\\/schema\\\/person\\\/271e2b60a96e7cc9d9ac296f4d7e414b\",\"name\":\"Edici\u00f3n Web\",\"image\":{\"@type\":\"ImageObject\",\"inLanguage\":\"es\",\"@id\":\"https:\\\/\\\/secure.gravatar.com\\\/avatar\\\/eee448fc3f7164808013b816ba91ac7e43bbe82a70bebac296f8bc6f0addaa1a?s=96&d=mm&r=g\",\"url\":\"https:\\\/\\\/secure.gravatar.com\\\/avatar\\\/eee448fc3f7164808013b816ba91ac7e43bbe82a70bebac296f8bc6f0addaa1a?s=96&d=mm&r=g\",\"contentUrl\":\"https:\\\/\\\/secure.gravatar.com\\\/avatar\\\/eee448fc3f7164808013b816ba91ac7e43bbe82a70bebac296f8bc6f0addaa1a?s=96&d=mm&r=g\",\"caption\":\"Edici\u00f3n Web\"},\"url\":\"https:\\\/\\\/canal7slp.tv\\\/2025\\\/author\\\/edicionweb\\\/\"}]}<\/script>\n<!-- \/ Yoast SEO plugin. -->","yoast_head_json":{"title":"Publican reforma que endurece reglas para telefon\u00eda, internet y tv de paga - Canal 7 SLP - 2025","robots":{"index":"index","follow":"follow","max-snippet":"max-snippet:-1","max-image-preview":"max-image-preview:large","max-video-preview":"max-video-preview:-1"},"canonical":"https:\/\/canal7slp.tv\/2025\/publican-reforma-que-endurece-reglas-para-telefonia-internet-y-tv-de-paga\/","og_locale":"es_ES","og_type":"article","og_title":"Publican reforma que endurece reglas para telefon\u00eda, internet y tv de paga - Canal 7 SLP - 2025","og_description":"M\u00e9xico.- Fue publicado en el Diario Oficial de la Federaci\u00f3n un decreto que introduce modificaciones a la Ley Federal de Protecci\u00f3n al Consumidor, mediante el cual se establecen nuevas obligaciones para los proveedores de servicios como televisi\u00f3n de paga, telefon\u00eda e internet. Entre los principales cambios destaca la prohibici\u00f3n de utilizar estrategias publicitarias que no brinden informaci\u00f3n clara, suficiente y veraz sobre los servicios contratados. La reforma pone especial \u00e9nfasis en la protecci\u00f3n de grupos vulnerables, como menores de edad, personas adultas mayores o con alguna enfermedad, al exigir advertencias cuando los contenidos o servicios no resulten adecuados para estos [&hellip;]","og_url":"https:\/\/canal7slp.tv\/2025\/publican-reforma-que-endurece-reglas-para-telefonia-internet-y-tv-de-paga\/","og_site_name":"Canal 7 SLP - 2025","article_publisher":"https:\/\/www.facebook.com\/noticieroscanal7atencionciudadana\/","article_published_time":"2025-12-13T22:32:30+00:00","og_image":[{"width":750,"height":500,"url":"https:\/\/canal7slp.tv\/2025\/wp-content\/uploads\/2025\/12\/10-12.jpg","type":"image\/jpeg"}],"author":"Edici\u00f3n Web","twitter_card":"summary_large_image","twitter_creator":"@NOTICIEROS7","twitter_site":"@NOTICIEROS7","twitter_misc":{"Escrito por":"Edici\u00f3n Web","Tiempo de lectura":"2 minutos"},"schema":{"@context":"https:\/\/schema.org","@graph":[{"@type":"Article","@id":"https:\/\/canal7slp.tv\/2025\/publican-reforma-que-endurece-reglas-para-telefonia-internet-y-tv-de-paga\/#article","isPartOf":{"@id":"https:\/\/canal7slp.tv\/2025\/publican-reforma-que-endurece-reglas-para-telefonia-internet-y-tv-de-paga\/"},"author":{"name":"Edici\u00f3n Web","@id":"https:\/\/canal7slp.tv\/2025\/#\/schema\/person\/271e2b60a96e7cc9d9ac296f4d7e414b"},"headline":"Publican reforma que endurece reglas para telefon\u00eda, internet y tv de paga","datePublished":"2025-12-13T22:32:30+00:00","mainEntityOfPage":{"@id":"https:\/\/canal7slp.tv\/2025\/publican-reforma-que-endurece-reglas-para-telefonia-internet-y-tv-de-paga\/"},"wordCount":273,"publisher":{"@id":"https:\/\/canal7slp.tv\/2025\/#organization"},"image":{"@id":"https:\/\/canal7slp.tv\/2025\/publican-reforma-que-endurece-reglas-para-telefonia-internet-y-tv-de-paga\/#primaryimage"},"thumbnailUrl":"https:\/\/canal7slp.tv\/2025\/wp-content\/uploads\/2025\/12\/10-12.jpg","articleSection":["NACIONALES"],"inLanguage":"es"},{"@type":"WebPage","@id":"https:\/\/canal7slp.tv\/2025\/publican-reforma-que-endurece-reglas-para-telefonia-internet-y-tv-de-paga\/","url":"https:\/\/canal7slp.tv\/2025\/publican-reforma-que-endurece-reglas-para-telefonia-internet-y-tv-de-paga\/","name":"Publican reforma que endurece reglas para telefon\u00eda, internet y tv de paga - Canal 7 SLP - 2025","isPartOf":{"@id":"https:\/\/canal7slp.tv\/2025\/#website"},"primaryImageOfPage":{"@id":"https:\/\/canal7slp.tv\/2025\/publican-reforma-que-endurece-reglas-para-telefonia-internet-y-tv-de-paga\/#primaryimage"},"image":{"@id":"https:\/\/canal7slp.tv\/2025\/publican-reforma-que-endurece-reglas-para-telefonia-internet-y-tv-de-paga\/#primaryimage"},"thumbnailUrl":"https:\/\/canal7slp.tv\/2025\/wp-content\/uploads\/2025\/12\/10-12.jpg","datePublished":"2025-12-13T22:32:30+00:00","breadcrumb":{"@id":"https:\/\/canal7slp.tv\/2025\/publican-reforma-que-endurece-reglas-para-telefonia-internet-y-tv-de-paga\/#breadcrumb"},"inLanguage":"es","potentialAction":[{"@type":"ReadAction","target":["https:\/\/canal7slp.tv\/2025\/publican-reforma-que-endurece-reglas-para-telefonia-internet-y-tv-de-paga\/"]}]},{"@type":"ImageObject","inLanguage":"es","@id":"https:\/\/canal7slp.tv\/2025\/publican-reforma-que-endurece-reglas-para-telefonia-internet-y-tv-de-paga\/#primaryimage","url":"https:\/\/canal7slp.tv\/2025\/wp-content\/uploads\/2025\/12\/10-12.jpg","contentUrl":"https:\/\/canal7slp.tv\/2025\/wp-content\/uploads\/2025\/12\/10-12.jpg","width":750,"height":500},{"@type":"BreadcrumbList","@id":"https:\/\/canal7slp.tv\/2025\/publican-reforma-que-endurece-reglas-para-telefonia-internet-y-tv-de-paga\/#breadcrumb","itemListElement":[{"@type":"ListItem","position":1,"name":"Portada","item":"https:\/\/canal7slp.tv\/2025\/"},{"@type":"ListItem","position":2,"name":"Publican reforma que endurece reglas para telefon\u00eda, internet y tv de paga"}]},{"@type":"WebSite","@id":"https:\/\/canal7slp.tv\/2025\/#website","url":"https:\/\/canal7slp.tv\/2025\/","name":"N7 - Noticieros Canal 7","description":"Somos el Medio","publisher":{"@id":"https:\/\/canal7slp.tv\/2025\/#organization"},"potentialAction":[{"@type":"SearchAction","target":{"@type":"EntryPoint","urlTemplate":"https:\/\/canal7slp.tv\/2025\/?s={search_term_string}"},"query-input":{"@type":"PropertyValueSpecification","valueRequired":true,"valueName":"search_term_string"}}],"inLanguage":"es"},{"@type":"Organization","@id":"https:\/\/canal7slp.tv\/2025\/#organization","name":"Noticieros Canal 7","url":"https:\/\/canal7slp.tv\/2025\/","logo":{"@type":"ImageObject","inLanguage":"es","@id":"https:\/\/canal7slp.tv\/2025\/#\/schema\/logo\/image\/","url":"https:\/\/canal7slp.tv\/2025\/wp-content\/uploads\/2021\/01\/logo-noticieros@2x.png","contentUrl":"https:\/\/canal7slp.tv\/2025\/wp-content\/uploads\/2021\/01\/logo-noticieros@2x.png","width":1017,"height":268,"caption":"Noticieros Canal 7"},"image":{"@id":"https:\/\/canal7slp.tv\/2025\/#\/schema\/logo\/image\/"},"sameAs":["https:\/\/www.facebook.com\/noticieroscanal7atencionciudadana\/","https:\/\/x.com\/NOTICIEROS7","https:\/\/www.instagram.com\/canal7_slp","https:\/\/www.youtube.com\/channel\/UCliiYs-gP3JfJeqdPrNdd5A"]},{"@type":"Person","@id":"https:\/\/canal7slp.tv\/2025\/#\/schema\/person\/271e2b60a96e7cc9d9ac296f4d7e414b","name":"Edici\u00f3n Web","image":{"@type":"ImageObject","inLanguage":"es","@id":"https:\/\/secure.gravatar.com\/avatar\/eee448fc3f7164808013b816ba91ac7e43bbe82a70bebac296f8bc6f0addaa1a?s=96&d=mm&r=g","url":"https:\/\/secure.gravatar.com\/avatar\/eee448fc3f7164808013b816ba91ac7e43bbe82a70bebac296f8bc6f0addaa1a?s=96&d=mm&r=g","contentUrl":"https:\/\/secure.gravatar.com\/avatar\/eee448fc3f7164808013b816ba91ac7e43bbe82a70bebac296f8bc6f0addaa1a?s=96&d=mm&r=g","caption":"Edici\u00f3n Web"},"url":"https:\/\/canal7slp.tv\/2025\/author\/edicionweb\/"}]}},"_links":{"self":[{"href":"https:\/\/canal7slp.tv\/2025\/wp-json\/wp\/v2\/posts\/187793","targetHints":{"allow":["GET"]}}],"collection":[{"href":"https:\/\/canal7slp.tv\/2025\/wp-json\/wp\/v2\/posts"}],"about":[{"href":"https:\/\/canal7slp.tv\/2025\/wp-json\/wp\/v2\/types\/post"}],"author":[{"embeddable":true,"href":"https:\/\/canal7slp.tv\/2025\/wp-json\/wp\/v2\/users\/2"}],"replies":[{"embeddable":true,"href":"https:\/\/canal7slp.tv\/2025\/wp-json\/wp\/v2\/comments?post=187793"}],"version-history":[{"count":1,"href":"https:\/\/canal7slp.tv\/2025\/wp-json\/wp\/v2\/posts\/187793\/revisions"}],"predecessor-version":[{"id":187795,"href":"https:\/\/canal7slp.tv\/2025\/wp-json\/wp\/v2\/posts\/187793\/revisions\/187795"}],"wp:featuredmedia":[{"embeddable":true,"href":"https:\/\/canal7slp.tv\/2025\/wp-json\/wp\/v2\/media\/187794"}],"wp:attachment":[{"href":"https:\/\/canal7slp.tv\/2025\/wp-json\/wp\/v2\/media?parent=187793"}],"wp:term":[{"taxonomy":"category","embeddable":true,"href":"https:\/\/canal7slp.tv\/2025\/wp-json\/wp\/v2\/categories?post=187793"},{"taxonomy":"post_tag","embeddable":true,"href":"https:\/\/canal7slp.tv\/2025\/wp-json\/wp\/v2\/tags?post=187793"}],"curies":[{"name":"wp","href":"https:\/\/api.w.org\/{rel}","templated":true}]}}